{"id":118094,"date":"2025-12-20T10:45:45","date_gmt":"2025-12-20T10:45:45","guid":{"rendered":"https:\/\/www.europesays.com\/no\/118094\/"},"modified":"2025-12-20T10:45:45","modified_gmt":"2025-12-20T10:45:45","slug":"israel-kypros-hellas-sant","status":"publish","type":"post","link":"https:\/\/www.europesays.com\/no\/118094\/","title":{"rendered":"Israel + Kypros + Hellas = sant?"},"content":{"rendered":"<p>H\u00f8ytst\u00e5ende tjenestemenn fra Israel, Hellas og Kypros har den siste tiden diskutert muligheten for \u00e5 opprette en felles hurtig reaksjonsstyrke (HRS) best\u00e5ende av soldater fra de tre landenes v\u00e6pnede styrker.<\/p>\n<p>Det forteller flere kilder med kjennskap til saken <a href=\"https:\/\/www.jpost.com\/israel-news\/defense-news\/article-880714\" rel=\"nofollow noopener\" target=\"_blank\">til Jerusalem Post<\/a>.<\/p>\n<p>Initiativet til en utrykningsstyrke er en del av en felles innsats for \u00e5 avskrekke Tyrkias milit\u00e6re og strategiske aktiviteter i den \u00f8stlige delen av Middelhavet.<\/p>\n<p>Enn s\u00e5 lenge er en felles reaksjonsstyrke bare i planleggingsfasen.<\/p>\n<p>M\u00e5let er \u00e5 styrke det milit\u00e6rstrategiske samarbeidet mellom de tre landene i en tid med \u00f8kende regionale spenninger. Det vil ikke v\u00e6re snakk om en st\u00e5ende og permanent styrke, men en enhet som raskt kan settes inn i krisetider. Den skal kunne operere b\u00e5de p\u00e5 land, til sj\u00f8s og i luften.<\/p>\n<p>I neste uke skal den greske statsministeren Kyriakos Mitsotakis og den kypriotiske presidenten Nikos Christodoulides til Israel for et toppm\u00f8te med statsminister Benjamin Netanyahu. Da er dette noe som vil bli diskutert.<\/p>\n<p>I forkant av toppm\u00f8tet har det i flere uker v\u00e6rt en rekke m\u00f8ter mellom tjenestemenn fra de tre landene om etableringen av en reaksjonsstyrke.<\/p>\n<p>Styrken som de tre landene diskuterer vil best\u00e5 av en enhet p\u00e5 rundt 2500 mann, med 1000 soldater hver fra Israel og Hellas og 500 fra Kypros.<\/p>\n<p>Etablering av en slik styrke \u2013 bare at man diskuterer opprettelsen av den \u2013 er ment for \u00e5 sende et signal til Tyrkias president Recep Tayyip Erdo\u011fan.<\/p>\n<p>\u2013 Det er ingen tvil om at dette vil bli m\u00f8tt med negative reaksjoner fra Tyrkia, sier Angelos Athanasopoulos, en gresk ekspert p\u00e5 geopolitikk og sikkerhet.<\/p>\n<p>Erdo\u011fan \u00f8nsker \u00e5 gj\u00f8re nabolandet Syria om til en tyrkisk satellittstat, med blant annet utplassering av tyrkisk luftvern inne p\u00e5 syrisk territorium.<\/p>\n<p>Tyrkia \u00f8nsker ogs\u00e5 \u00e5 bli involvert i en multinasjonal styrke p\u00e5 Gazastripen og de er i samtaler med begge de rivaliserende regjeringene i Libya, med m\u00e5l om \u00e5 f\u00e5 p\u00e5 plass en ny maritim avtale med dem. M\u00e5let for Tyrkia er \u00e5 bli en dominerende akt\u00f8r i det nordlige og \u00f8stlige Middelhavet.<\/p>\n<p>De siste \u00e5rene har Israel styrket forholdet til Hellas og Kypros, b\u00e5de sivilt og milit\u00e6rt. De tre landene har ogs\u00e5 hatt flere felles milit\u00e6r\u00f8velser. B\u00e5de Hellas og Kypros investerer samtidig <a href=\"https:\/\/miff.no\/europa\/2025\/09\/19tyrkia-truer-kypros-etter-kjop-av-israelsk-luftvern.htm\" rel=\"nofollow noopener\" target=\"_blank\">i israelsk luftvern og milit\u00e6rutstyr<\/a>. Den greske h\u00e6ren er n\u00e5 i ferd med \u00e5 ta i bruk det israelske missilsystemet Spike NLOS.<\/p>\n<p>Hellas vedtok ogs\u00e5 nylig \u00e5 kj\u00f8pe et rakettartillerisystem fra den israelske produsenten Elbit Systems for n\u00e6rmere \u00e5tte milliarder kroner. Hvis det etableres en felles reaksjonsstyrke vil samarbeidet bli ytterligere styrket.<\/p>\n","protected":false},"excerpt":{"rendered":"H\u00f8ytst\u00e5ende tjenestemenn fra Israel, Hellas og Kypros har den siste tiden diskutert muligheten for \u00e5 opprette en felles&hellip;\n","protected":false},"author":2,"featured_media":118095,"comment_status":"","ping_status":"","sticky":false,"template":"","format":"standard","meta":{"footnotes":""},"categories":[12],"tags":[20,21,24,25,15,4061,14182,22,23,13,30,28,29,14,16,26,27,1132,42,43,44,45],"class_list":{"0":"post-118094","1":"post","2":"type-post","3":"status-publish","4":"format-standard","5":"has-post-thumbnail","7":"category-verden","8":"tag-breaking-news","9":"tag-breakingnews","10":"tag-featured-news","11":"tag-featurednews","12":"tag-headlines","13":"tag-hellas","14":"tag-kypros","15":"tag-latest-news","16":"tag-latestnews","17":"tag-news","18":"tag-no","19":"tag-norge","20":"tag-norway","21":"tag-nyheter","22":"tag-overskrifter","23":"tag-top-stories","24":"tag-topstories","25":"tag-tyrkia","26":"tag-verden","27":"tag-world","28":"tag-world-news","29":"tag-worldnews"},"share_on_mastodon":{"url":"https:\/\/pubeurope.com\/@no\/115751493487913408","error":""},"_links":{"self":[{"href":"https:\/\/www.europesays.com\/no\/wp-json\/wp\/v2\/posts\/118094","targetHints":{"allow":["GET"]}}],"collection":[{"href":"https:\/\/www.europesays.com\/no\/wp-json\/wp\/v2\/posts"}],"about":[{"href":"https:\/\/www.europesays.com\/no\/wp-json\/wp\/v2\/types\/post"}],"author":[{"embeddable":true,"href":"https:\/\/www.europesays.com\/no\/wp-json\/wp\/v2\/users\/2"}],"replies":[{"embeddable":true,"href":"https:\/\/www.europesays.com\/no\/wp-json\/wp\/v2\/comments?post=118094"}],"version-history":[{"count":0,"href":"https:\/\/www.europesays.com\/no\/wp-json\/wp\/v2\/posts\/118094\/revisions"}],"wp:featuredmedia":[{"embeddable":true,"href":"https:\/\/www.europesays.com\/no\/wp-json\/wp\/v2\/media\/118095"}],"wp:attachment":[{"href":"https:\/\/www.europesays.com\/no\/wp-json\/wp\/v2\/media?parent=118094"}],"wp:term":[{"taxonomy":"category","embeddable":true,"href":"https:\/\/www.europesays.com\/no\/wp-json\/wp\/v2\/categories?post=118094"},{"taxonomy":"post_tag","embeddable":true,"href":"https:\/\/www.europesays.com\/no\/wp-json\/wp\/v2\/tags?post=118094"}],"curies":[{"name":"wp","href":"https:\/\/api.w.org\/{rel}","templated":true}]}}