{"id":118096,"date":"2025-12-20T10:48:15","date_gmt":"2025-12-20T10:48:15","guid":{"rendered":"https:\/\/www.europesays.com\/no\/118096\/"},"modified":"2025-12-20T10:48:15","modified_gmt":"2025-12-20T10:48:15","slug":"ferdig-snakket","status":"publish","type":"post","link":"https:\/\/www.europesays.com\/no\/118096\/","title":{"rendered":"&#8211; Ferdig snakket"},"content":{"rendered":"<p class=\"font-weight-normal m-font-weight-normal\" data-lab-font_weight=\"font-weight-normal\"> \u00d8stlandet\/Valder\u00f8ya (Dagbladet):\u00a0<\/p>\n<p class=\"font-weight-normal m-font-weight-normal\" data-lab-font_weight=\"font-weight-normal\">I en reklamesnutt\u00a0for en TV-dokumentar ser vi Harald Eia p\u00e5 fest, i ivrig samtale med ei kvinne med langt, lyst h\u00e5r. Hun har et vinglass i h\u00e5nda. Belysningen er dempet.<\/p>\n<p data-lab-italic=\"italic\" class=\"italic m-italic\">\u00abFaktisk s\u00e5 blir to av tre smertefrie etter denne behandlingen\u00bb, sier kvinnen.<\/p>\n<p data-lab-italic=\"italic\" class=\"italic m-italic\">\u00abTo av tre?\u00bb sp\u00f8r Eia vantro.<\/p>\n<p>Kvinnen\u00a0Eia snakker\u00a0med, er<br \/>\npsykologiprofessor\u00a0Silje Endresen\u00a0Reme.\u00a0<\/p>\n<p>Det de snakker<br \/>\nom\u00a0er\u00a0PRT &#8211; Pain\u00a0Reprocessing\u00a0Therapy &#8211; en<br \/>\nbehandlingsmetode som skal f\u00e5 hjernen til \u00e5 \u00abavl\u00e6re\u00bb opplevd smerte ved hjelp av<br \/>\nterapisamtaler.\u00a0<\/p>\n<p>Scenen er en rekonstruksjon av et m\u00f8te mellom de to, som s\u00e5dde fr\u00f8et til en dokumentar. \u00abHarald &amp; sytepavene\u00bb ble sendt p\u00e5 VGTV i h\u00f8st.<\/p>\n<p>        <img loading=\"lazy\" decoding=\"async\" src=\"https:\/\/www.europesays.com\/no\/wp-content\/uploads\/2025\/12\/1766227690_959_83975849.webp\" width=\"980\" height=\"559\" title=\"FEST-REKONSTRUKSJON: Denne rekonstruerte fest-scenen med Harald Eia og psykologiprofessor Silje Endresen Reme gir bakgrunnen for hvordan dokumentarserien \u00abHarald og sytepavene\u00bb kom i stand. Foto: Skjermdump fra trailer\" alt=\"\" class=\"\" style=\"--aspect-ratio-image: 1.75; \"\/><\/p>\n<p>\n        FEST-REKONSTRUKSJON: Denne rekonstruerte fest-scenen med Harald Eia og psykologiprofessor Silje Endresen Reme gir bakgrunnen for hvordan dokumentarserien \u00abHarald og sytepavene\u00bb kom i stand. Foto: Skjermdump fra trailer\n    <\/p>\n<p>&#8211; Helserevolusjon, rett og slett!  <\/p>\n<p> I dokumentaren f\u00f8lges seks pasienter tett.\u00a0De intervjues av Eia,<br \/>\nog g\u00e5r i terapi\u00a0p\u00e5 smerteklinikken ved Oslo universitetssykehus (OUS), hos<br \/>\npsykologiprofessor Reme og en smertelege.\u00a0<\/p>\n<p>Underveis g\u00e5r pasientene\u00a0og Eia\u00a0fra\u00a0tvilere<br \/>\ntil troende\u00a0p\u00e5 PRT-metoden.<\/p>\n<p>\u00abHvis denne behandlingen funker s\u00e5 bra p\u00e5\u00a0dem &#8230;\u00a0dette<br \/>\ner jo en helserevolusjon, rett og slett!\u00bb, utbryter Eia i tredje og siste<br \/>\nepisode, etter et m\u00f8te med pasienter som f\u00f8ler seg mye bedre.<\/p>\n<p>\u00abDet er mulig jeg lett blir begeistra for ting, og jeg er<br \/>\nkanskje litt godtroende, men dette m\u00e5 jo kunne skaleres opp\u00bb, sier han.<\/p>\n<p>Koster milliarder  <\/p>\n<p class=\"font-weight-normal m-font-weight-normal\" data-lab-font_weight=\"font-weight-normal\">Dokumentaren, publisert i slutten av august, ga en voldsom \u00f8kning i henvisninger til smerteklinikken ved landets st\u00f8rste sykehus OUS.<\/p>\n<p>I etterkant satset OUS hardt p\u00e5 PRT-oppl\u00e6ring &#8211; to<br \/>\n\u00e5r f\u00f8r behandlere ved sykehuset skal ferdigstille forskning som svarer p\u00e5 hvor godt<br \/>\nPRT virker.<\/p>\n<p>Dermed endres tilbudet for smertepasienter, en gruppe som \u00e5rlig<br \/>\nkoster samfunnet mange milliarder kroner.<\/p>\n<p data-lab-font_weight=\"font-weight-bold\" class=\"font-weight-bold m-font-weight-bold\">N\u00e5 klager pasientforeningen CRPS-Fellesskap inn OUS&#8217; h\u00e5ndtering<br \/>\nav \u00abHarald &amp; sytepavene\u00bb, for statsforvalteren i \u00d8stfold, Buskerud, Oslo og<br \/>\nAkershus.<\/p>\n<p data-lab-font_weight=\"font-weight-normal\" class=\"font-weight-normal m-font-weight-normal\">De frykter at satsingen p\u00e5 PRT skal g\u00e5 p\u00e5 bekostning av annen smertebehandling.<\/p>\n<p>        <img loading=\"lazy\" decoding=\"async\" src=\"https:\/\/www.europesays.com\/no\/wp-content\/uploads\/2025\/12\/1766227690_513_84003623.webp\" width=\"667\" height=\"381\" title=\"FIKK F\u00d8LGER: Dokumentaren \u00abHarald &amp; sytepavene\u00bb p\u00e5 VGTV har f\u00e5tt f\u00f8lger ved sykehuset han samarbeidet med, Oslo universitetssykehus (OUS). Foto: Skjermdump fra dokumentaren\" alt=\"\" class=\"\" style=\"--aspect-ratio-image: 1.75; \"\/><\/p>\n<p>\n        FIKK F\u00d8LGER: Dokumentaren \u00abHarald &amp; sytepavene\u00bb p\u00e5 VGTV har f\u00e5tt f\u00f8lger ved sykehuset han samarbeidet med, Oslo universitetssykehus (OUS). Foto: Skjermdump fra dokumentaren\n    <\/p>\n<p>&#8211; Stakk i brystet<\/p>\n<p>Dagbladet m\u00f8ter lederen i CRPS-Fellesskap, Ina Giske, hjemme\u00a0p\u00e5<br \/>\nValder\u00f8ya ved \u00c5lesund. I fanget har hun Wida Willow (2), en av tre hunder som<br \/>\ner h\u00f8yt og lavt i huset.\u00a0<\/p>\n<p>Utenfor sildrer regnet ned. Det forbl\u00e5ste landskapet p\u00e5<br \/>\nValder\u00f8ya f\u00f8les fjernt fra festscenen som ble starten p\u00e5 Eias dokumentar.\u00a0<\/p>\n<p>Giske forteller at hun reagerte sterkt da hun s\u00e5 tittelen, \u00abHarald &amp; sytepavene\u00bb.<\/p>\n<p>&#8211; Det stakk i brystet. Jeg ble forbannet, sier Giske (52).<\/p>\n<p>        <img loading=\"lazy\" decoding=\"async\" src=\"https:\/\/www.europesays.com\/no\/wp-content\/uploads\/2025\/12\/1766227691_92_83975867.webp\" width=\"980\" height=\"559\" title=\"HAR KLAGET: For Ina Giske, leder i pasientforeningen CRPS-Fellesskap, var det et bitt fra en fremmed hund i 2019 som utviklet seg til smertelidelsen CRPS, men kj\u00e6rligheten hennes til hunder er intakt. Foto: Fridgeir Walderhaug\/Dagbladet\" alt=\"\" class=\"\" style=\"--aspect-ratio-image: 1.75; \"\/><\/p>\n<p>\n        HAR KLAGET: For Ina Giske, leder i pasientforeningen CRPS-Fellesskap, var det et bitt fra en fremmed hund i 2019 som utviklet seg til smertelidelsen CRPS, men kj\u00e6rligheten hennes til hunder er intakt. Foto: Fridgeir Walderhaug\/Dagbladet\n    <\/p>\n<p>&#8211; Brennende smerte<\/p>\n<p>CRPS st\u00e5r for Komplekst regionalt smertesyndrom, og er en av<br \/>\ndiagnosene i dokumentaren. Lidelsen\u00a0<a href=\"https:\/\/metodebok.no\/emne\/GKimGEJY\/komplekst-regionalt-smertesyndrom\/h%C3%A5ndkirurgi-(unn\" rel=\"nofollow noopener\" target=\"_blank\">kjennetegnes<br \/>\nav<\/a>\u00a0uforholdsmessig smerte, og oppst\u00e5r hovedsakelig etter skade eller<br \/>\noperasjon.\u00a0<\/p>\n<p>Giske forteller om en brennende smerte som kan sl\u00e5 henne ut,<br \/>\nfor eksempel ved temperaturskifter.<\/p>\n<p>&#8211; Det er jo en kamp i hverdagen, for \u00e5 kunne fungere. De f\u00e5<br \/>\nsom er i jobb, kjemper seg gjennom for \u00e5 st\u00e5 i det. Du skal v\u00e6re mor, du skal<br \/>\nv\u00e6re ektefelle, du skal liksom greie alt, og s\u00e5 blir du stemplet som sytepave.<\/p>\n<p>Andre hadde samme reaksjon. CRPS-Felleskap ba OUS om<br \/>\nforklaringer, og innsyn i alle tillatelser \u00abtil studien, til opptak og til<br \/>\npublisering\u00bb.\u00a0<\/p>\n<p>Dermed begynte sn\u00f8ballen \u00e5 rulle.<\/p>\n<p>        <img loading=\"lazy\" decoding=\"async\" src=\"https:\/\/www.europesays.com\/no\/wp-content\/uploads\/2025\/12\/1766227692_671_83975797.webp\" width=\"686\" height=\"426\" title=\"- GOD SOM GULL: - Hun er god som gull, sier Ina Giske, og stryker eurasieren Wida Willow (2) over pelsen. I forgrunnen \u00d8yvarg. Foto: Fridgeir Walderhaug\/Dagbladet\" alt=\"\" class=\"\" style=\"--aspect-ratio-image: 1.61; \"\/><\/p>\n<p>\n        &#8211; GOD SOM GULL: &#8211; Hun er god som gull, sier Ina Giske, og stryker eurasieren Wida Willow (2) over pelsen. I forgrunnen \u00d8yvarg. Foto: Fridgeir Walderhaug\/Dagbladet\n    <\/p>\n<p>&#8211; Halleluja-stemning\u00a0  <\/p>\n<p>I klagen de n\u00e5 har sendt til Statsforvalteren kritiserer CRPS-Fellesskap bruken av helseressurser i<br \/>\n\u00abunderholdningsprogram for Harald Eia\u00bb. <\/p>\n<p data-lab-font_weight=\"font-weight-bold\" class=\"font-weight-bold m-font-weight-bold\">Foreningen skriver at\u00a0forskningen p\u00e5 PRT er tynn, og ikke<br \/>\nforsvarer \u00abhalleluja-stemningen\u00bb ved OUS\u00a0og den tunge satsingen p\u00e5<br \/>\noppl\u00e6ring.\u00a0<\/p>\n<p class=\"font-weight-normal m-font-weight-normal\" data-lab-font_weight=\"font-weight-normal\">Til Dagbladet sier de at OUS er m\u00e5let for klagen, og<br \/>\nikke TV-folkene.<\/p>\n<p>Lederen for smerteklinikken ved OUS, Lars-Petter Granan, har<br \/>\nikke besvart Dagbladets sp\u00f8rsm\u00e5l om saken, med henvisning til at de ber\u00f8rer<br \/>\nklagen som er til behandling hos Statsforvalteren.<\/p>\n<p>\u00abDet er derfor ikke riktig av oss \u00e5 kommentere disse forholdene f\u00f8r Statsforvalteren har avsluttet sin behandling\u00bb, skriver Granan. (se svar fra Eia, VGTV og produsentene lenger nede).<\/p>\n<p> Begeret fullt   <\/p>\n<p>Innsynsbegj\u00e6ringen fra CRPS-Fellesskap f\u00f8rte ikke fram.\u00a0<\/p>\n<p>Fordi foreningen, feilaktig, trodde at dokumentaren inngikk i et forskningsprosjekt, skrev Granan at det ikke var noe \u00e5 gi innsyn i.<\/p>\n<p class=\"font-weight-bold m-font-weight-bold\" data-lab-font_weight=\"font-weight-bold\">N\u00e5r svaret hans til CRPS-Fellesskaps innsynsbegj\u00e6ring dessuten var stemplet \u00abunntatt offentlighet\u00bb, var Ina Giskes beger fullt.<\/p>\n<p>        <img loading=\"lazy\" decoding=\"async\" src=\"https:\/\/www.europesays.com\/no\/wp-content\/uploads\/2025\/12\/1766227692_170_84004419.webp\" width=\"667\" height=\"381\" title=\"AVDELINGSLEDER: Lars-Petter Granan, leder for Avdeling for smertebehandling ved Oslo universitetssykehus. Foto: OUS\" alt=\"\" class=\"\" style=\"--aspect-ratio-image: 1.75; \"\/><\/p>\n<p>\n        AVDELINGSLEDER: Lars-Petter Granan, leder for Avdeling for smertebehandling ved Oslo universitetssykehus. Foto: OUS\n    <\/p>\n<p>Hun og de andre begynte \u00e5 grave fram opplysninger. I klagen de har reist, stiller de en rekke sp\u00f8rsm\u00e5l som de ber Statsforvalteren unders\u00f8ke.<\/p>\n<p>Selv om Giske tror at PRT kan v\u00e6re et godt\u00a0\u00abredskap i skuffen\u00bb, er hun kritisk til OUS&#8217; sv\u00e6rt positive omtale og tunge satsing p\u00e5 PRT-oppl\u00e6ring.<\/p>\n<p>I klagen skriver foreningen at forskningen p\u00e5 PRT er ganske begrenset, noe Lars-Petter\u00a0Granan\u00a0har bekreftet.<\/p>\n<p>N\u00e5 jobber OUS med \u00e5 b\u00f8te p\u00e5 dette.\u00a0<\/p>\n<p>&#8211; Bare USA-forskning<\/p>\n<p>P\u00e5 en temakveld for pasienter i slutten av oktober fortalte Granan at legen i Eias dokumentar n\u00e5 tar doktorgrad p\u00e5 PRT.\u00a0<\/p>\n<p class=\"font-weight-bold m-font-weight-bold\" data-lab-font_weight=\"font-weight-bold\">&#8211; Han gj\u00f8r sin doktorgrad p\u00e5 denne metoden, for \u00e5 finne ut av om den forskningen som er gjort i USA p\u00e5 dette &#8211; for\u00a0det er bare gjort forskning i USA p\u00e5 dette &#8211; ogs\u00e5 vil f\u00e5 de samme resultatene i Norge, sa Granan.<\/p>\n<p data-lab-font_weight=\"font-weight-normal\" class=\"font-weight-normal m-font-weight-normal\">Den norske studien skal, if\u00f8lge s\u00f8knaden, v\u00e6re ferdig og publisert ved utl\u00f8pet av 2027. Den amerikanske studien <a href=\"https:\/\/jamanetwork.com\/journals\/jamapsychiatry\/fullarticle\/2784694\" rel=\"nofollow noopener\" target=\"_blank\">studien som OUS&#8217; smertespesialister har vist til<\/a> er fra 2021.<\/p>\n<p>        <img loading=\"lazy\" decoding=\"async\" src=\"https:\/\/www.europesays.com\/no\/wp-content\/uploads\/2025\/12\/1766227692_556_84001735.webp\" width=\"980\" height=\"559\" title=\"MEDIE-SATSING: Slik har ledelsen ved smerteklinikken ved OUS presentert dokumentaren \u00abHarald &amp; sytepavene\u00bb p\u00e5 fag- og pasientm\u00f8ter i h\u00f8st. Foto: Fra en OUS-presentasjon\" alt=\"\" class=\"\" style=\"--aspect-ratio-image: 1.75; \"\/><\/p>\n<p>\n        MEDIE-SATSING: Slik har ledelsen ved smerteklinikken ved OUS presentert dokumentaren \u00abHarald &amp; sytepavene\u00bb p\u00e5 fag- og pasientm\u00f8ter i h\u00f8st. Foto: Fra en OUS-presentasjon\n    <\/p>\n<p>CRPS-Fellesskap skriver at denne har begrenset omfang, med pasienter som har svake eller moderate ryggplager.\u00a0<\/p>\n<p>De mener at PRT \u00abenda ikke er forskningsmessig klarlagt, og ikke faglig kan dokumentere den hallelujastemningen som OUS tillegger behandlingsmetoden\u00bb.<\/p>\n<p> Tung oppl\u00e6ringssatsing <\/p>\n<p>Smertespesialistene ved OUS har f\u00e6rre betenkeligheter.\u00a0<\/p>\n<p>De har allerede satset tungt p\u00e5 PRT-oppl\u00e6ring &#8211; to \u00e5r f\u00f8r den norske studien som skal besvare hvordan metoden fungerer skal v\u00e6re ferdig og publisert.<\/p>\n<p>I november fortalte de i <a href=\"https:\/\/www.nettavisen.no\/nyheter\/silje-endresen-reme-ringes-ned-etter-harald-sytepavene-ellevilt\/s\/5-95-2721085\" rel=\"nofollow noopener\" target=\"_blank\">Nettavisen<\/a> at minst 80 til da hadde f\u00e5tt oppl\u00e6ring, og p\u00e5 nettsida si har OUS fortalt om <a href=\"https:\/\/www.oslo-universitetssykehus.no\/fag-og-forskning\/nasjonale-og-regionale-tjenester\/regional-kompetansetjeneste-for-smerte-reks\/nyheter\/prt-hva-na\/\" rel=\"nofollow noopener\" target=\"_blank\">fulltegnede kurs<\/a>.<\/p>\n<p>Psykologspesialist og forsker ved NTNU Joar \u00d8veraas Halvorsen reagerer p\u00e5 satsingen p\u00e5 PRT f\u00f8r mer forskning er ferdig.<\/p>\n<p>        <img loading=\"lazy\" decoding=\"async\" src=\"https:\/\/www.europesays.com\/no\/wp-content\/uploads\/2025\/12\/1766227693_543_84004408.webp\" width=\"667\" height=\"381\" title=\"KRITIKER: Joar \u00d8veraas Halvorsen, psykologspesialist og forsker ved NTNU. Foto: NTNU\" alt=\"\" class=\"\" style=\"--aspect-ratio-image: 1.75; \"\/><\/p>\n<p>\n        KRITIKER: Joar \u00d8veraas Halvorsen, psykologspesialist og forsker ved NTNU. Foto: NTNU\n    <\/p>\n<p data-lab-font_weight=\"font-weight-bold\" class=\"font-weight-bold m-font-weight-bold\">&#8211; Min vurdering er at det er klart prematurt \u00e5 implementere denne behandlingsmetoden f\u00f8r det foreligger flere og bedre kliniske studier som dokumenterer effekt av metoden, skriver Halvorsen til Dagbladet.<\/p>\n<p>Han tar forbehold om at det kan finnes flere randomiserte kontrollstudier (RCT) enn den ene han kjenner til, men han tror ikke det.<\/p>\n<p> Dagbladet har bedt om, men ikke f\u00e5tt noen kommentar fra OUS til Halvorsens uttalelse. <\/p>\n<p>&#8211; Prioriterer utdanning<\/p>\n<p>P\u00e5 et OUS-seminar nylig sa smerteklinikkens leder Lars-Petter Granan at de har begrensede ressurser p\u00e5 PRT, og at en dobling i henvisningene etter dokumentaren har satt ham og sykehuset i en \u00abskvis\u00bb.<\/p>\n<p class=\"font-weight-bold m-font-weight-bold\" data-lab-font_weight=\"font-weight-bold\">&#8211; Skal vi l\u00e6re opp flere, eller skal vi ta imot pasientene? V\u00e5r prioritering, og min prioritering, har v\u00e6rt utdanning, sa Granan.<\/p>\n<p>I sin klage uttrykker CRPS-Fellesskap bekymring for at Helse S\u00f8r-\u00d8st prioriterer PRT-utdanning foran klinisk st\u00f8tte til pasienter.\u00a0<\/p>\n<p>        Det er klart prematurt \u00e5 implementere denne behandlingsmetoden f\u00f8r det foreligger flere og bedre kliniske studier som dokumenterer effekt av metoden<\/p>\n<p class=\"author \" style=\"\">Psykologspesialist Joar \u00d8veraas Halvorsen, NTNU<\/p>\n<p>Dagbladet har siden mandag spurt OUS hvor mange sykehuset har gitt PRT-behandling i fjor og i \u00e5r, og hvor mange behandlere som er utdannet, men har ikke f\u00e5tt svar.<\/p>\n<p>    PRT (Pain Reprocessing Therapy)<\/p>\n<p>If\u00f8lge en\u00a0<a href=\"https:\/\/jamanetwork.com\/journals\/jamapsychiatry\/fullarticle\/2784694 \" rel=\"nofollow noopener\" target=\"_blank\">studie\u00a0fra 2021 <\/a>som\u00a0spesialister\u00a0ved OUS\u00a0har vist til er\u00a0PRT en psykologisk behandling for\u00a0\u00e5\u00a0endre pasienters\u00a0tro (\u00abbelief\u00bb)\u00a0om\u00a0\u00e5rsakene\u00a0til\u00a0og trusselen fra\u00a0smerte.\u00a0<\/p>\n<p>If\u00f8lge en\u00a0<a href=\"https:\/\/www.aftenposten.no\/meninger\/kronikk\/i\/8qgBvw\/harald-og-sytepavene-personer-med-langvarige-smerter-blir-friske-gjennom-en-ny-behandling-potensialet-er-enormt\" rel=\"nofollow noopener\" target=\"_blank\">Aftenposten-kronikk\u00a0<\/a>av\u00a0psykologiprofessor Silje Endresen\u00a0Reme\u00a0og lege Andreas Pahle, begge tilknyttet OUS, peker\u00a0ny forskning mot at\u00a0langvarig smerte for de fleste handler om at hjernen feiltolker kroppen som skadet eller i fare. <\/p>\n<p>Behandlingens form\u00e5l\u00a0blir da \u00e5 avl\u00e6re feilaktige fortolkninger. If\u00f8lge\u00a0de to er\u00a0effekten godt dokumentert i vitenskapelige studier.\u00a0<\/p>\n<p>Andre, som smertepasient og forskningsskribent Paul Ingraham, har ment at studien fra 2021 har\u00a0<a href=\"https:\/\/www.painscience.com\/blog\/that-pain-reprocessing-therapy-study-is-way-too-good-to-be-true.html\" rel=\"nofollow noopener\" target=\"_blank\">store\u00a0mangler<\/a>, og\u00a0flere har\u00a0p\u00e5pekt\u00a0at\u00a0det er\u00a0lite publisert forskning\u00a0om\u00a0PRT.\u00a0<\/p>\n<p>      Vis mer<br \/>\n      Vis mindre<\/p>\n<p>&#8211; Passer ikke  <\/p>\n<p>\u00abHvordan kan en underholdningsserie fra VGTV alene ha slik effekt p\u00e5 offentlige prioriteringer?\u00bb, skriver CRPS-Fellesskap i klagen.\u00a0<\/p>\n<p class=\"font-weight-normal m-font-weight-normal\" data-lab-font_weight=\"font-weight-normal\">Mens Lars-Petter Granan tidligere har skrevet at deltakerne i dokumentaren var \u00abregul\u00e6re pasienter ved v\u00e5r avdeling\u00bb, mener\u00a0CRPS-Fellesskap at de ikke kan anses som vanlige pasienter.<\/p>\n<p class=\"font-weight-normal m-font-weight-normal\" data-lab-font_weight=\"font-weight-normal\">De skriver at de som laget dokumentaren hadde g\u00e5tt bredt \u00abut<br \/>\ni pasientforeninger (&#8230;) hvor interesserte personer kunne henvende seg direkte<br \/>\ntil tv-produksjon for intervju\u00bb.<\/p>\n<p>If\u00f8lge foreningen passer dette \u00aboverhodet ikke med at pasientene var ordin\u00e6re pasienter som fikk helsehjelp.\u00bb<\/p>\n<p>&#8211; Ikke ensartet<\/p>\n<p>Da Dagbladet var p\u00e5 Valder\u00f8ya, understreket Ina Giske at hun ikke tviler p\u00e5 at PRT kan hjelpe mange, og avviser ikke at hun en gang kanskje vil pr\u00f8ve det. <\/p>\n<p data-lab-font_weight=\"font-weight-bold\" class=\"font-weight-bold m-font-weight-bold\">Det hun ikke vil g\u00e5 med p\u00e5, er at PRT skal kj\u00f8res fram som noe nytt og revolusjonerende som skal hjelpe alle smertepasienter:<\/p>\n<p data-lab-font_weight=\"font-weight-bold\" class=\"font-weight-bold m-font-weight-bold\">&#8211; Smertepasienter er ikke en ensartet gruppe. Det er\u00a0en veldig lite homogen gruppe. Det er jo ulike grunner til at du har smerte, ikke sant?<\/p>\n<p>De knappe svarene hun og CRPS-Fellesskap hittil har f\u00e5tt fra OUS, har ikke beroliget henne. Det hun oppfatter som en halleluja-stemning etter Eias dokumentar bekymrer henne og foreningen. <\/p>\n<p>&#8211; Jeg \u00f8nsker jo ikke at en komiker, Harald Eia, skal v\u00e6re premissleverand\u00f8r for helsetjenester til pasienter i Norge, sier Ina Giske til Dagbladet. <\/p>\n<p>    <a itemprop=\"url\" href=\"https:\/\/www.dagbladet.no\/tema\/langvarige-smerter-dette-har-du-krav-pa\/83644899\" rel=\"nofollow noopener\" target=\"_blank\"><\/p>\n<p>        <img loading=\"lazy\" decoding=\"async\" src=\"https:\/\/www.europesays.com\/no\/wp-content\/uploads\/2025\/12\/1766227693_472_83644910.webp\" width=\"980\" height=\"441\" title=\"Langvarige smerter: Dette har du krav p\u00e5\" alt=\"\" class=\"lazyload\" style=\"--aspect-ratio-image: 2.22; \"\/><\/p>\n<p>        Langvarige smerter: Dette har du krav p\u00e5<\/p>\n<p>    <\/a><\/p>\n<p>Eia: &#8211; Stoler p\u00e5 fagkompetansen  <\/p>\n<p>Harald Eia er enig med Giske i at komikere ikke b\u00f8r legge premisser for helsevesenet.\u00a0<\/p>\n<p>&#8211; Jeg driver jo med komedie, og s\u00e5 driver jeg noen ganger med formidling. Og her var det formidling, sier Harald Eia til Dagbladet.\u00a0<\/p>\n<p>Han ser ikke spesielle betenkeligheter med \u00e5 snakke varmt om en behandling som det er forsket s\u00e5pass lite p\u00e5, og peker p\u00e5 de kliniske resultatene, den amerikanske studien &#8211; og at mange kan hjelpes.\u00a0<\/p>\n<p>&#8211; Hva burde betenkelighetene ha v\u00e6rt, sp\u00f8r Eia.\u00a0<\/p>\n<p data-lab-italic=\"italic\" class=\"italic m-italic\">&#8211; Jeg tenker p\u00e5 om du tror det er fare for \u00e5 gi noen i denne\u00a0ganske store og uensartede pasientgruppen,\u00a0smertepasienter,\u00a0falske forh\u00e5pninger?\u00a0<\/p>\n<p>&#8211; Jeg stoler veldig p\u00e5 at de blir\u00a0grundig\u00a0utredet, og p\u00e5 kompetansen til smerteklinikken. De er ganske n\u00f8kterne i anslagene, s\u00e5 jeg tror ikke det gir noen falske forh\u00e5pninger, nei.\u00a0<\/p>\n<p>        <img loading=\"lazy\" decoding=\"async\" src=\"https:\/\/www.europesays.com\/no\/wp-content\/uploads\/2025\/12\/1766227693_852_84003296.webp\" width=\"980\" height=\"559\" title=\"IKKE BARE KOMIKER: Harald Eia p\u00e5peker at han ikke bare er komiker, men ogs\u00e5 formidler. Her er han i en debatt p\u00e5 Arendalsuka i 2024, sammen med statsminister Jonas Gahr St\u00f8re. Foto: NTB\/Heiko Junge\" alt=\"\" class=\"\" style=\"--aspect-ratio-image: 1.75; \"\/><\/p>\n<p>\n        IKKE BARE KOMIKER: Harald Eia p\u00e5peker at han ikke bare er komiker, men ogs\u00e5 formidler. Her er han i en debatt p\u00e5 Arendalsuka i 2024, sammen med statsminister Jonas Gahr St\u00f8re. Foto: NTB\/Heiko Junge\n    <\/p>\n<p>At\u00a0Ina Giske og andre reagerer p\u00e5 tittelen er han ikke glad for, og forklarer at meningen med den var \u00e5 skape interesse.\u00a0<\/p>\n<p>&#8211; Den\u00a0skulle speile fordommene\u00a0som en del av oss\u00a0kanskje\u00a0har mot denne pasientgruppen, men\u00a0ogs\u00e5 at jeg etter hvert l\u00e6rer,\u00a0forh\u00e5pentligvis sammen med seerne, at sytepaver er de i hvert fall ikke, sier Harald Eia.<\/p>\n<p>&#8211; Ikke debattprogram<\/p>\n<p>Dox Division, som produserte dokumentaren, skriver at hensikten ikke var \u00e5 lage et debattprogram om PRT, men \u00e5 ta publikum med inn i livene til kroniske smertepasienter og inn i behandlingssituasjonen.<\/p>\n<p class=\"lab-bodytext-line\">Produsent Tommy Gulliksen skriver at Dox s\u00f8kte etter deltakere via Foreningen for Kroniske Smertepasienter og Facebook-gruppen Kroniske Smerter Norge, som sendte ut info til medlemmene.<\/p>\n<p> \u00abVi fikk 70-80 svar, og innledet samtaler for \u00e5 kartlegge de interesserte\u00bb, forteller Gulliksen. Av disse valgte de ut 8-9 som aktuelle.<\/p>\n<p> \u00abVi ba dem g\u00e5 til sin fastlege og be om henvisning til OUS\u00b4 Smerteklinikk og f\u00f8lge det offentlige behandlingsopplegget, uten at det forpliktet dem til \u00e5 stille opp i produksjonen. Da de f\u00f8rst var pasienter ved Smerteklinikken, kunne vi inng\u00e5 n\u00f8dvendige avtaler for \u00e5 filme i behandlingssituasjoner og senere publisere. Til slutt fulgte vi seks pasienter\u00bb, skriver Gulliksen.<\/p>\n<p>        <img loading=\"lazy\" decoding=\"async\" src=\"https:\/\/www.europesays.com\/no\/wp-content\/uploads\/2025\/12\/1766227694_797_84003375.webp\" width=\"667\" height=\"381\" title=\"FLERE MERITTER: Dox Division, som laget dokumentaren \u00abHarald &amp; sytepavene\u00bb, sto ogs\u00e5 bak dokumentaren \u00abFacing War\u00bb om tidligere Nato-sjef Jens Stoltenberg. Tommy Gulliksen til venstre. Foto: Stian Lysberg Solum \/ NTB\" alt=\"\" class=\"\" style=\"--aspect-ratio-image: 1.75; \"\/><\/p>\n<p>\n        FLERE MERITTER: Dox Division, som laget dokumentaren \u00abHarald &amp; sytepavene\u00bb, sto ogs\u00e5 bak dokumentaren \u00abFacing War\u00bb om tidligere Nato-sjef Jens Stoltenberg. Tommy Gulliksen til venstre. Foto: Stian Lysberg Solum \/ NTB\n    <\/p>\n<p>&#8211; Full frihet<\/p>\n<p>Gulliksen skriver at\u00a0det var viktig \u00e5 finne medvirkende som kunne t\u00e5le \u00e5 bli eksponert i media.<\/p>\n<p>\u00abVi hadde full frihet til \u00e5 velge hvilke pasienter vi fulgte i produksjonen og hvordan deres fortellinger skulle vektes i klippen. Samtlige var grundig utredet i forkant og henvist til Smerteklinikken ved OUS. Vi \u00f8nsket oss en cast best\u00e5ende av typiske smertepasienter med ulik alder, kj\u00f8nn og historikk. Samtidig gjorde legene ved Smerteklinikken sin vurdering\u00bb, skriver Gullksen.<\/p>\n<p>Han svarer slik p\u00e5 om de har v\u00e6rt med p\u00e5 \u00e5 skape en hallelujastemning:<\/p>\n<p>\u00abVi har arbeidet med \u00e5 lage en sannferdig framstilling av hvordan det oppleves \u00e5 gjennomg\u00e5 PRT-behandling for en typisk pasientgruppe ved Smerteklinikken p\u00e5 OUS.\u00bb<\/p>\n<p>    <a itemprop=\"url\" href=\"https:\/\/www.dagbladet.no\/mote-og-livsstil\/hadde-valget-gi-opp-eller-fortsette\/81439903\" rel=\"nofollow noopener\" target=\"_blank\"><\/p>\n<p>        <img loading=\"lazy\" decoding=\"async\" src=\"https:\/\/www.europesays.com\/no\/wp-content\/uploads\/2025\/12\/1766227695_354_81412534.webp\" width=\"980\" height=\"441\" title=\"- Jeg hadde to valg; gi opp eller fortsette\" alt=\"\" class=\"lazyload\" style=\"--aspect-ratio-image: 2.22; \"\/><\/p>\n<p>        &#8211; Jeg hadde to valg; gi opp eller fortsette<\/p>\n<p>    <\/a><\/p>\n<p>&#8211; Gode tilbakemeldinger<\/p>\n<p>If\u00f8lge m\u00e5lgrupperedakt\u00f8r Beate Koren Amundsen i VG, er tilbakemeldingene de har f\u00e5tt p\u00e5 serien, bak betalingsmur\u00a0<a href=\"https:\/\/tv.vg.no\/serier\/harald-og-sytepavene?categoryId=100577\" rel=\"nofollow noopener\" target=\"_blank\">p\u00e5 VGTV<\/a>, stikk motsatte av slik CRPS-Fellesskap oppfatter serien.\u00a0<\/p>\n<p>Selv om hun<br \/>\nforst\u00e5r at tittelen kan virke provoserende, skriver hun at den tar p\u00e5 alvor<br \/>\nmange smertepasienters opplevelse av \u00e5 ikke bli trodd p\u00e5 at smertene er reelle.<\/p>\n<p>&#8211; N\u00e5r Eia s\u00e5 begynner \u00e5 f\u00f8lge pasientene i serien, f\u00e5r b\u00e5de han og seerne en helt annen forst\u00e5else av hvordan denne typen smerter oppst\u00e5r, oppleves \u2013 og kan behandles, skriver hun.<\/p>\n<p> If\u00f8lge Amundsen tyder tilbakemeldingene p\u00e5 at<br \/>\nserien skaper empati.<\/p>\n<p data-lab-italic=\"italic\" class=\"italic m-italic\">&#8211; Har dere v\u00e6rt med \u00e5 skape en halleluja-stemning for<br \/>\ndenne behandlingen?<\/p>\n<p class=\"no_italic m-no_italic\" data-lab-italic=\"\">&#8211; Dokumentarene gir en introduksjon til metoden og viser hvordan behandlingen oppleves for personene vi f\u00f8lger. Harald Eia er \u00e5pen og nysgjerrig i serien, men stiller ogs\u00e5 kritiske sp\u00f8rsm\u00e5l.<\/p>\n<p>Amundsen p\u00e5peker at VG har fulgt opp serien redaksjonelt, og er glad for det store engasjementet<br \/>\nden har skapt.<\/p>\n","protected":false},"excerpt":{"rendered":"\u00d8stlandet\/Valder\u00f8ya (Dagbladet):\u00a0 I en reklamesnutt\u00a0for en TV-dokumentar ser vi Harald Eia p\u00e5 fest, i ivrig samtale med ei&hellip;\n","protected":false},"author":2,"featured_media":118097,"comment_status":"","ping_status":"","sticky":false,"template":"","format":"standard","meta":{"footnotes":""},"categories":[59],"tags":[30,28,29,83,82],"class_list":{"0":"post-118096","1":"post","2":"type-post","3":"status-publish","4":"format-standard","5":"has-post-thumbnail","7":"category-sport","8":"tag-no","9":"tag-norge","10":"tag-norway","11":"tag-sport","12":"tag-sports"},"share_on_mastodon":{"url":"https:\/\/pubeurope.com\/@no\/115751505719141048","error":""},"_links":{"self":[{"href":"https:\/\/www.europesays.com\/no\/wp-json\/wp\/v2\/posts\/118096","targetHints":{"allow":["GET"]}}],"collection":[{"href":"https:\/\/www.europesays.com\/no\/wp-json\/wp\/v2\/posts"}],"about":[{"href":"https:\/\/www.europesays.com\/no\/wp-json\/wp\/v2\/types\/post"}],"author":[{"embeddable":true,"href":"https:\/\/www.europesays.com\/no\/wp-json\/wp\/v2\/users\/2"}],"replies":[{"embeddable":true,"href":"https:\/\/www.europesays.com\/no\/wp-json\/wp\/v2\/comments?post=118096"}],"version-history":[{"count":0,"href":"https:\/\/www.europesays.com\/no\/wp-json\/wp\/v2\/posts\/118096\/revisions"}],"wp:featuredmedia":[{"embeddable":true,"href":"https:\/\/www.europesays.com\/no\/wp-json\/wp\/v2\/media\/118097"}],"wp:attachment":[{"href":"https:\/\/www.europesays.com\/no\/wp-json\/wp\/v2\/media?parent=118096"}],"wp:term":[{"taxonomy":"category","embeddable":true,"href":"https:\/\/www.europesays.com\/no\/wp-json\/wp\/v2\/categories?post=118096"},{"taxonomy":"post_tag","embeddable":true,"href":"https:\/\/www.europesays.com\/no\/wp-json\/wp\/v2\/tags?post=118096"}],"curies":[{"name":"wp","href":"https:\/\/api.w.org\/{rel}","templated":true}]}}