{"id":118099,"date":"2025-12-20T10:56:06","date_gmt":"2025-12-20T10:56:06","guid":{"rendered":"https:\/\/www.europesays.com\/no\/118099\/"},"modified":"2025-12-20T10:56:06","modified_gmt":"2025-12-20T10:56:06","slug":"oyvind-eide-om-hvordan-united-kan-handtere-utfordringer-uten-casemiro-og-mbeumo","status":"publish","type":"post","link":"https:\/\/www.europesays.com\/no\/118099\/","title":{"rendered":"\u00d8yvind Eide om hvordan United kan h\u00e5ndtere utfordringer uten Casemiro og Mbeumo"},"content":{"rendered":"<p class=\"font-weight-bold m-font-weight-bold\" data-lab-font_weight=\"font-weight-bold\">\u2013 \u00c5 spille uten Casemiro gir nok R\u00faben Amorim en kjempehodepine.<\/p>\n<p>Det sier UEFA PRO-trener \u00d8yvind Eide til united.no.<\/p>\n<p>Praten handlet f\u00f8rst om Bournemouth-kampen, men da den var ferdig hadde vi pratet vel s\u00e5 mye om den kommende kampen mot Aston Villa &#8211; og de neste kampene etter der igjen hvor Amad Diallo, Bryan Mbeumo og Noussair Mazraoui ogs\u00e5 vil mangle.<\/p>\n<p>                F\u00e5 med deg alt fra Supporterklubben<\/p>\n<ul>\n<li>Tilgang til alt innhold p\u00e5 united.no<\/li>\n<li>Tilgang til podkasten Uno+<\/li>\n<li>Billetter og turer til Old Trafford<\/li>\n<li>Gode rabatter i nettbutikken<\/li>\n<li>Medlemspris p\u00e5 Viaplay Total<\/li>\n<\/ul>\n<p class=\"price_description\">Kun kr 29,- \/m\u00e5ned. Betales \u00e5rlig.<\/p>\n<p>\n                    <a class=\"lab-paywall-teaser-offer-button\" href=\"https:\/\/api.united.no\/paywall\/order?providerUrl=https%3A%2F%2Fminside.united.no%2Fno%2Fcheckout%2Funitedmedlemsskap&amp;siteAlias=united&amp;&amp;siteId=2&amp;contentUrl=https%3A%2F%2Fwww.united.no%2Fnyheter%2Fhan-kan-ikke-styre-backrekka%2F1409692\" rel=\"nofollow noopener\" target=\"_blank\">Bli medlem n\u00e5<\/a>\n                <\/p>\n","protected":false},"excerpt":{"rendered":"\u2013 \u00c5 spille uten Casemiro gir nok R\u00faben Amorim en kjempehodepine. Det sier UEFA PRO-trener \u00d8yvind Eide til&hellip;\n","protected":false},"author":2,"featured_media":118100,"comment_status":"","ping_status":"","sticky":false,"template":"","format":"standard","meta":{"footnotes":""},"categories":[59],"tags":[30,28,29,83,82],"class_list":{"0":"post-118099","1":"post","2":"type-post","3":"status-publish","4":"format-standard","5":"has-post-thumbnail","7":"category-sport","8":"tag-no","9":"tag-norge","10":"tag-norway","11":"tag-sport","12":"tag-sports"},"share_on_mastodon":{"url":"https:\/\/pubeurope.com\/@no\/115751536750938172","error":""},"_links":{"self":[{"href":"https:\/\/www.europesays.com\/no\/wp-json\/wp\/v2\/posts\/118099","targetHints":{"allow":["GET"]}}],"collection":[{"href":"https:\/\/www.europesays.com\/no\/wp-json\/wp\/v2\/posts"}],"about":[{"href":"https:\/\/www.europesays.com\/no\/wp-json\/wp\/v2\/types\/post"}],"author":[{"embeddable":true,"href":"https:\/\/www.europesays.com\/no\/wp-json\/wp\/v2\/users\/2"}],"replies":[{"embeddable":true,"href":"https:\/\/www.europesays.com\/no\/wp-json\/wp\/v2\/comments?post=118099"}],"version-history":[{"count":0,"href":"https:\/\/www.europesays.com\/no\/wp-json\/wp\/v2\/posts\/118099\/revisions"}],"wp:featuredmedia":[{"embeddable":true,"href":"https:\/\/www.europesays.com\/no\/wp-json\/wp\/v2\/media\/118100"}],"wp:attachment":[{"href":"https:\/\/www.europesays.com\/no\/wp-json\/wp\/v2\/media?parent=118099"}],"wp:term":[{"taxonomy":"category","embeddable":true,"href":"https:\/\/www.europesays.com\/no\/wp-json\/wp\/v2\/categories?post=118099"},{"taxonomy":"post_tag","embeddable":true,"href":"https:\/\/www.europesays.com\/no\/wp-json\/wp\/v2\/tags?post=118099"}],"curies":[{"name":"wp","href":"https:\/\/api.w.org\/{rel}","templated":true}]}}