{"id":118105,"date":"2025-12-20T11:01:16","date_gmt":"2025-12-20T11:01:16","guid":{"rendered":"https:\/\/www.europesays.com\/no\/118105\/"},"modified":"2025-12-20T11:01:16","modified_gmt":"2025-12-20T11:01:16","slug":"trafikk-rossesundbrua-lyssignalet-har-forsvunnet-fra-rossesundbrua","status":"publish","type":"post","link":"https:\/\/www.europesays.com\/no\/118105\/","title":{"rendered":"Trafikk, R\u00f8ssesundbrua | Lyssignalet har forsvunnet fra R\u00f8ssesundbrua"},"content":{"rendered":"\n<p>I l\u00f8pet av natten har det ene lyssignalet p\u00e5 R\u00f8ssesundbrua forsvunnet.<\/p>\n<p><b>\u2013 Vi tror det er stj\u00e5let, sier Trond Haugstad, seksjonsleder for drift av fylkesveier i Vestfold fylkeskommune, til T\u00f8nsbergs Blad. <\/b><\/p>\n<p>Han fikk beskjed i l\u00f8pet av natten, og forteller at de er p\u00e5 stedet for \u00e5 dirigere trafikken manuelt.<\/p>\n<p>Mye trafikk<\/p>\n<p>Det er mye trafikk over brua den siste helgen f\u00f8r jul. At lyssignalet skulle forsvinne n\u00e5 passer derfor d\u00e5rlig.<\/p>\n<p>\u2013 Vi er i gang med \u00e5 skaffe nytt utstyr, men det er ikke bare enkelt den rett f\u00f8r jul, sier Haugstad.<\/p>\n<p><b>Hvor lenge det blir manuell dirigering er usikkert. Haugstad sier at de er der mens det er mye trafikk, deretter m\u00e5 de se an behovet. <\/b><\/p>\n<p>Det foreg\u00e5r for tiden omfattende vedlikeholdsarbeid p\u00e5 R\u00f8ssesundbrua. Arbeidet og lysregulering er ventet \u00e5 vare frem til slutten av mai neste \u00e5r.<\/p>\n<p>GIKK DU GLIPP AV DENNE? BLI MED INN I KANALBRUA<\/p>\n<p>    Vil du se neste video?<\/p>\n<p>    <a href=\"https:\/\/www.tb.no\/live-fra-apollon-16-desember\/v\/5-76-2746818\" class=\"recommend-poster\" data-adp-clicklabel=\"video-recommend\" data-adp-clickvalue=\"poster\" rel=\"nofollow noopener\" target=\"_blank\"><br \/>\n      <img decoding=\"async\" width=\"200\" height=\"200\" loading=\"lazy\" src=\"https:\/\/www.europesays.com\/no\/wp-content\/uploads\/2025\/12\/v-i-52ba31f8-6930-4fc6-a810-98cd3a69b046-0.jpg\" alt=\"\" class=\"brick-c-cFOWSL\" style=\"--brick-image-ratio: 200 \/ 200;\"\/><\/p>\n<p>Direkte fra Apollon 16. desember0:27<\/p>\n<p>    <\/a><\/p>\n<p>  <a href=\"https:\/\/www.tb.no\/5-76-2726533\" class=\"related-teaser has-image default-story-teaser article--c-eRUmMG article--c-eRUmMG-jKCPdD-design-default\" rel=\"nofollow noopener\" target=\"_blank\"><\/p>\n<p>    <img decoding=\"async\" loading=\"lazy\"  src=\"https:\/\/www.europesays.com\/no\/wp-content\/uploads\/2025\/12\/DSC_3020.JPG\" alt=\"\" class=\"brick-c-cFOWSL\" style=\"\"\/><\/p>\n<p>\n            Les ogs\u00e5<\/p>\n<p>              Sjekk den sprekken: \u2013 Nabo h\u00f8rte smellet\n        <\/p>\n<p>  <\/a><\/p>\n<p>  <a href=\"https:\/\/www.tb.no\/5-76-2706717\" class=\"related-teaser has-image default-story-teaser article--c-eRUmMG article--c-eRUmMG-jKCPdD-design-default\" rel=\"nofollow noopener\" target=\"_blank\"><\/p>\n<p>    <img decoding=\"async\" loading=\"lazy\"  src=\"https:\/\/www.europesays.com\/no\/wp-content\/uploads\/2025\/12\/pppaallnn.jpg\" alt=\"\" class=\"brick-c-cFOWSL\" style=\"\"\/><\/p>\n<p>\n            Les ogs\u00e5<\/p>\n<p>              Mer tr\u00f8bbel p\u00e5 R\u00f8ssesundbrua: \u2013 Bilistene m\u00e5 belage seg p\u00e5 lysregulering i lang tid\n        <\/p>\n<p>  <\/a><\/p>\n","protected":false},"excerpt":{"rendered":"I l\u00f8pet av natten har det ene lyssignalet p\u00e5 R\u00f8ssesundbrua forsvunnet. \u2013 Vi tror det er stj\u00e5let, sier&hellip;\n","protected":false},"author":2,"featured_media":118106,"comment_status":"","ping_status":"","sticky":false,"template":"","format":"standard","meta":{"footnotes":""},"categories":[10],"tags":[36,20,21,24,25,15,14184,22,23,13,30,28,29,14,16,14183,1510,5127,26,27,224],"class_list":{"0":"post-118105","1":"post","2":"type-post","3":"status-publish","4":"format-standard","5":"has-post-thumbnail","7":"category-norge","8":"tag-art","9":"tag-breaking-news","10":"tag-breakingnews","11":"tag-featured-news","12":"tag-featurednews","13":"tag-headlines","14":"tag-hvasser","15":"tag-latest-news","16":"tag-latestnews","17":"tag-news","18":"tag-no","19":"tag-norge","20":"tag-norway","21":"tag-nyheter","22":"tag-overskrifter","23":"tag-rossesundbrua","24":"tag-story","25":"tag-tjome","26":"tag-top-stories","27":"tag-topstories","28":"tag-trafikk"},"share_on_mastodon":{"url":"https:\/\/pubeurope.com\/@no\/115751557109581226","error":""},"_links":{"self":[{"href":"https:\/\/www.europesays.com\/no\/wp-json\/wp\/v2\/posts\/118105","targetHints":{"allow":["GET"]}}],"collection":[{"href":"https:\/\/www.europesays.com\/no\/wp-json\/wp\/v2\/posts"}],"about":[{"href":"https:\/\/www.europesays.com\/no\/wp-json\/wp\/v2\/types\/post"}],"author":[{"embeddable":true,"href":"https:\/\/www.europesays.com\/no\/wp-json\/wp\/v2\/users\/2"}],"replies":[{"embeddable":true,"href":"https:\/\/www.europesays.com\/no\/wp-json\/wp\/v2\/comments?post=118105"}],"version-history":[{"count":0,"href":"https:\/\/www.europesays.com\/no\/wp-json\/wp\/v2\/posts\/118105\/revisions"}],"wp:featuredmedia":[{"embeddable":true,"href":"https:\/\/www.europesays.com\/no\/wp-json\/wp\/v2\/media\/118106"}],"wp:attachment":[{"href":"https:\/\/www.europesays.com\/no\/wp-json\/wp\/v2\/media?parent=118105"}],"wp:term":[{"taxonomy":"category","embeddable":true,"href":"https:\/\/www.europesays.com\/no\/wp-json\/wp\/v2\/categories?post=118105"},{"taxonomy":"post_tag","embeddable":true,"href":"https:\/\/www.europesays.com\/no\/wp-json\/wp\/v2\/tags?post=118105"}],"curies":[{"name":"wp","href":"https:\/\/api.w.org\/{rel}","templated":true}]}}