{"id":118107,"date":"2025-12-20T11:02:10","date_gmt":"2025-12-20T11:02:10","guid":{"rendered":"https:\/\/www.europesays.com\/no\/118107\/"},"modified":"2025-12-20T11:02:10","modified_gmt":"2025-12-20T11:02:10","slug":"ingen-hvit-jul-i-sor","status":"publish","type":"post","link":"https:\/\/www.europesays.com\/no\/118107\/","title":{"rendered":"Ingen hvit jul i s\u00f8r"},"content":{"rendered":"\n<ul class=\"_list_o9xde_3 _list_64s2r_85 _unordered_o9xde_106 text-sans-m\">\n<li class=\"_item_o9xde_30\">Meteorolog Rafael Escobar L\u00f8vdahl sier de fleste kan glemme hvit jul i S\u00f8r-Norge.<\/li>\n<li class=\"_item_o9xde_30\">Regn og milde temperaturer preger v\u00e6ret p\u00e5 Vestlandet, S\u00f8rlandet og \u00d8stlandet.<\/li>\n<li class=\"_item_o9xde_30\">Tanja Hauge Rein, som hvert \u00e5r pynter huset sitt p\u00e5 Nordstrand, er skuffet over julev\u00e6ret.<\/li>\n<li class=\"_item_o9xde_30\">Troms og Finnmark har bedre sjanser for sn\u00f8 til jul.<\/li>\n<\/ul>\n<p>Vis mer <\/p>\n<p class=\"_paragraph_o9xde_4 _paragraph_xtcu6_10 layout-component text-serif-m layout-normal text-serif-m layout-padded\">Beskjeden er tydelig: P\u00e5 Vestlandet, \u00d8stlandet, S\u00f8rlandet, i Tr\u00f8ndelag og langs Nordlandskysten ser det ut til \u00e5 bli mer paraply enn akebrett. <\/p>\n<p class=\"_paragraph_o9xde_4 _paragraph_xtcu6_10 layout-component text-serif-m layout-normal text-serif-m layout-padded\">\u2013 Er det grunn til \u00e5 ha noen forh\u00e5pninger?<\/p>\n<p class=\"_paragraph_o9xde_4 _paragraph_xtcu6_10 layout-component text-serif-m layout-normal text-serif-m layout-padded\">\u2013 Nei, man m\u00e5 egentlig belage seg p\u00e5 at det ikke skjer. D\u00f8ren til en hvit jul ser ut til \u00e5 v\u00e6re lukket. Hvis det kommer, er det snakk om tre sn\u00f8fnugg, sier vakthavende meteorolog Rafael Escobar L\u00f8vdahl til VG. <\/p>\n<p><img alt=\"Det er lite h\u00e5p om lignende scener til \u00e5rets jul. Her fra tidlig januar i \u00e5r.  Foto: Naina Hel\u00e9n J\u00e5ma \/ VG\" class=\"_image_qp4xg_65 layout-component layout-normal\" data-fullscreen- data-track-element-type=\"Article image fullscreen\" data-track-name=\"ImageFullscreen\" decoding=\"async\" loading=\"lazy\" height=\"7285\" itemprop=\"image\"  src=\"https:\/\/www.europesays.com\/no\/wp-content\/uploads\/2025\/12\/e0a8e5d8-dea4-49ac-9ec8-51a1b77c6b79\"  style=\"object-position:0% 0%\" width=\"10928\"\/>Det er lite h\u00e5p om lignende scener til \u00e5rets jul. Her fra tidlig januar i \u00e5r.  Foto: Naina Hel\u00e9n J\u00e5ma \/ VG<\/p>\n<p class=\"_paragraph_o9xde_4 _paragraph_xtcu6_10 layout-component text-serif-m layout-normal text-serif-m layout-padded\">Og det er d\u00e5rlig nytt for julehuset p\u00e5 Nordstrand i Oslo.<\/p>\n<p class=\"_paragraph_o9xde_4 _paragraph_xtcu6_10 layout-component text-serif-m layout-normal text-serif-m layout-padded\">\u2013 Hvit jul har st\u00e5tt p\u00e5 \u00f8nskelisten i mange \u00e5r. Vi har til og med snakket om at det hadde v\u00e6rt g\u00f8y med sn\u00f8freser, sier Tanja Hauge Reine som bor i ett av Oslos mest pyntede hus, sammen med sin mann og tre barn. <\/p>\n<p class=\"_paragraph_o9xde_4 _paragraph_xtcu6_10 layout-component text-serif-m layout-normal text-serif-m layout-padded\">S\u00e5 langt har ikke v\u00e6ret levd opp til julestemningen.<\/p>\n<p class=\"_paragraph_o9xde_4 _paragraph_xtcu6_10 layout-component text-serif-m layout-normal text-serif-m layout-padded\">\u2013 Akkurat n\u00e5 f\u00f8les det mer som Bergen enn Oslo. Det regner mye, og desember har v\u00e6rt skikkelig stusselig s\u00e5 langt.<\/p>\n<p><img decoding=\"async\" alt=\"Bilde av Tanja Reine\" class=\"_image_ygndg_42\" height=\"27\" itemprop=\"image\" loading=\"lazy\"  src=\"https:\/\/www.europesays.com\/no\/wp-content\/uploads\/2025\/12\/97fc9752-132b-4b51-ae73-f3c47b632601\"  width=\"40\"\/><strong class=\"_name_ygndg_51 title-serif-xs\">Tanja Reine<\/strong><\/p>\n<p class=\"_paragraph_o9xde_4 text-sans-m _description_ygndg_56\">Juleentusiast. <\/p>\n<p class=\"_paragraph_o9xde_4 _paragraph_xtcu6_10 layout-component text-serif-m layout-normal text-serif-m layout-padded\">Juleentusiasten legger til:<\/p>\n<p class=\"_paragraph_o9xde_4 _paragraph_xtcu6_10 layout-component text-serif-m layout-normal text-serif-m layout-padded\"> \u2013 Jeg tror man kaller det en kakelinje \u2013 v\u00e6ret er litt b\u00e5de og, sier Reine.<\/p>\n<p class=\"_paragraph_o9xde_4 _paragraph_xtcu6_10 layout-component text-serif-m layout-normal text-serif-m layout-padded\">Sammen med familien har hun pyntet stadig mer for hvert \u00e5r.<\/p>\n<p class=\"_paragraph_o9xde_4 _paragraph_xtcu6_10 layout-component text-serif-m layout-normal text-serif-m layout-padded\"><strong class=\"_strong_o9xde_25\">V\u00e6ret var mildt sagt noe annet i november &#8211; se video: <\/strong><\/p>\n<p class=\"_paragraph_o9xde_4 _paragraph_xtcu6_10 layout-component text-serif-m layout-normal text-serif-m layout-padded\">\u2013 Vi flyttet inn for 17\u201318 \u00e5r siden, og fra da har det egentlig bare ballet p\u00e5 seg. Det har blitt til at vi overg\u00e5r oss selv hvert \u00e5r, sier Rein.<\/p>\n<p class=\"_paragraph_o9xde_4 _paragraph_xtcu6_10 layout-component text-serif-m layout-normal text-serif-m layout-padded\">Reine forteller at hele familien bidrar til julepyntingen.<\/p>\n<p class=\"_paragraph_o9xde_4 _paragraph_xtcu6_10 layout-component text-serif-m layout-normal text-serif-m layout-padded\">\u2013 Vi har tre barn, og alle hjelper til. Den yngste s\u00f8nnen v\u00e5r er nok den mest engasjerte n\u00e5r det gjelder lys og pynt, sier Rein.<\/p>\n<p><img alt=\"Foto: Tanja Reine\" class=\"_image_qp4xg_65 layout-component layout-normal\" data-fullscreen- data-track-element-type=\"Article image fullscreen\" data-track-name=\"ImageFullscreen\" decoding=\"async\" loading=\"lazy\" height=\"4016\" itemprop=\"image\"  src=\"https:\/\/www.europesays.com\/no\/wp-content\/uploads\/2025\/12\/b49b7842-d661-460b-a6b4-d94500e884e6\"  style=\"object-position:0% 0%\" width=\"6016\"\/>Foto: Tanja Reine<\/p>\n<p class=\"_paragraph_o9xde_4 _paragraph_xtcu6_10 layout-component text-serif-m layout-normal text-serif-m layout-padded\">Hun innr\u00f8mmer at det er hun som er den mest ivrige i huset.<\/p>\n<p class=\"_paragraph_o9xde_4 _paragraph_xtcu6_10 layout-component text-serif-m layout-normal text-serif-m layout-padded\">\u2013 Vi pynter hele huset rett etter Halloween. Det er ikke s\u00e5 mange regler her, sier hun med et smil.<\/p>\n<p><img alt=\"Foto: Tanja Reine\" class=\"_image_qp4xg_65 layout-component layout-normal\" data-fullscreen- data-track-element-type=\"Article image fullscreen\" data-track-name=\"ImageFullscreen\" decoding=\"async\" loading=\"lazy\" height=\"4032\" itemprop=\"image\"  src=\"https:\/\/www.europesays.com\/no\/wp-content\/uploads\/2025\/12\/0169884d-d269-4e9e-bb2f-7790affbb396\"  style=\"object-position:0% 0%\" width=\"3024\"\/>Foto: Tanja Reine<\/p>\n<p class=\"_paragraph_o9xde_4 _paragraph_xtcu6_10 layout-component text-serif-m layout-normal text-serif-m layout-padded\">Det er alts\u00e5 lite oppl\u00f8ftende nyheter for dem som h\u00e5per p\u00e5 hvit jul s\u00f8r i landet.<\/p>\n<p class=\"_paragraph_o9xde_4 _paragraph_xtcu6_10 layout-component text-serif-m layout-normal text-serif-m layout-padded\">For Vestlandet og S\u00f8rlandet venter roligere, men gr\u00e5tt v\u00e6r med enkelte regnbyger i dagene f\u00f8r jul.<\/p>\n<p class=\"_paragraph_o9xde_4 _paragraph_xtcu6_10 layout-component text-serif-m layout-normal text-serif-m layout-padded\">P\u00e5 kysten av Vestlandet blir det fortsatt en del vind og nedb\u00f8r. Men fjellovergangene ser fine ut.<\/p>\n<p class=\"_paragraph_o9xde_4 _paragraph_xtcu6_10 layout-component text-serif-m layout-normal text-serif-m layout-padded\">\u2013 Fredag starter med kraftig vind og mye regn. Utover dagen blir det lettere, men det er ikke forventet spesielt fint v\u00e6r \u2013 dog heller ikke ekstremt. Fjellovergangene ser brukbare ut, sier Escobar L\u00f8vdahl.<\/p>\n<p class=\"_paragraph_o9xde_4 _paragraph_xtcu6_10 layout-component text-serif-m layout-normal text-serif-m layout-padded\">Det milde v\u00e6ret vil vedvare gjennom helgen, b\u00e5de p\u00e5 S\u00f8r- og \u00d8stlandet.<\/p>\n<p class=\"_paragraph_o9xde_4 _paragraph_xtcu6_10 layout-component text-serif-m layout-normal text-serif-m layout-padded\">\u2013 P\u00e5 S\u00f8rlandet ligger det ogs\u00e5 an til regn. P\u00e5 Nordvestlandet kan det bli litt oppholdsv\u00e6r, men neppe sn\u00f8, sier meteorologen.<\/p>\n<p><img decoding=\"async\" alt=\"Bilde av Rafael Escobar L\u00f8vdahl\" class=\"_image_ygndg_42\" height=\"27\" itemprop=\"image\" loading=\"lazy\"  src=\"https:\/\/www.europesays.com\/no\/wp-content\/uploads\/2025\/12\/b0087378-2650-4761-81b5-ea1eb09bac79\"  width=\"40\"\/><strong class=\"_name_ygndg_51 title-serif-xs\">Rafael Escobar L\u00f8vdahl<\/strong><\/p>\n<p class=\"_paragraph_o9xde_4 text-sans-m _description_ygndg_56\">Vakthavende meteorolog ved Meteorologisk institutt.<\/p>\n<p class=\"_paragraph_o9xde_4 _paragraph_xtcu6_10 layout-component text-serif-m layout-normal text-serif-m layout-padded\">Tr\u00f8ndelag f\u00e5r et ruskev\u00e6r f\u00f8rst i julehelgen, men v\u00e6ret bedrer seg mot s\u00f8ndag.<\/p>\n<p class=\"_paragraph_o9xde_4 _paragraph_xtcu6_10 layout-component text-serif-m layout-normal text-serif-m layout-padded\">\u2013 Det blir storm p\u00e5 kysten innledningsvis, men s\u00e5 roer det seg. Temperaturen synker litt, og det blir muligheter for noe sol tidlig neste uke. Det er en liten mulighet for sn\u00f8 rundt julaften, men trolig for sent til \u00e5 gi en hvit jul.<\/p>\n<p class=\"_paragraph_o9xde_4 _paragraph_xtcu6_10 layout-component text-serif-m layout-normal text-serif-m layout-padded\">Lengst nord i landet er sjansene bedre for \u00e5 f\u00e5 sn\u00f8 til jul.<\/p>\n<p class=\"_paragraph_o9xde_4 _paragraph_xtcu6_10 layout-component text-serif-m layout-normal text-serif-m layout-padded\">\u2013 I <a href=\"https:\/\/www.vg.no\/tag\/troms-og-finnmark?utm_source=vg-article&amp;utm_medium=auto-tagger&amp;utm_campaign=QJln3P\" class=\"_link_o9xde_39\" rel=\"nofollow noopener\" target=\"_blank\">Troms og Finnmark<\/a> blir det sn\u00f8, s\u00e5 der ser det ut til \u00e5 bli hvit jul. I romjulen kommer det mer nedb\u00f8r og vind i hele Nord-Norge, hovedsakelig som sludd og sn\u00f8.<\/p>\n<p> \u2013 Du m\u00e5 lage din egen \u00abwhite christmas\u00bb<\/p>\n<p class=\"_paragraph_o9xde_4 _paragraph_xtcu6_10 layout-component text-serif-m layout-normal text-serif-m layout-padded\">Gabriel Lyn Haldorsen (24) og familien i S\u00f8rreisa i Troms pynter alltid huset sitt med mye julelys. Til noens beundring og andres fortvilelse: <\/p>\n<p class=\"_paragraph_o9xde_4 _paragraph_xtcu6_10 layout-component text-serif-m layout-normal text-serif-m layout-padded\">\u2013 Det er mange som syns det er fint, men ikke alle. Men slik er det bare, ler hun. <\/p>\n<p class=\"_paragraph_o9xde_4 _paragraph_xtcu6_10 layout-component text-serif-m layout-normal text-serif-m layout-padded\">Grunnen til at de pynter slik er at det er en del av den fillipinske tradisjonen. <\/p>\n<p><img alt=\"Familiens hus i Sn\u00f8rreisa. \u00abPepperkakehuset\u00bb, som de kaller det.   Foto: Privat\" class=\"_image_qp4xg_65 layout-component layout-normal\" data-fullscreen- data-track-element-type=\"Article image fullscreen\" data-track-name=\"ImageFullscreen\" decoding=\"async\" loading=\"lazy\" height=\"480\" itemprop=\"image\"  src=\"https:\/\/www.europesays.com\/no\/wp-content\/uploads\/2025\/12\/80c3c171-048a-40b9-8339-45f4ddb88832\"  style=\"object-position:0% 0%\" width=\"640\"\/>Familiens hus i Sn\u00f8rreisa. \u00abPepperkakehuset\u00bb, som de kaller det.   Foto: Privat<\/p>\n<p class=\"_paragraph_o9xde_4 _paragraph_xtcu6_10 layout-component text-serif-m layout-normal text-serif-m layout-padded\">\u2013 Klart det er en spesiell f\u00f8lelse n\u00e5r sn\u00f8en er her. Da blir det skikkelig \u00abwhite christmas\u00bb. <\/p>\n<p class=\"_paragraph_o9xde_4 _paragraph_xtcu6_10 layout-component text-serif-m layout-normal text-serif-m layout-padded\">Til \u00abs\u00f8ringan\u00bb som klager over mangel p\u00e5 sn\u00f8, har hun en klar oppfordring: <\/p>\n<p class=\"_paragraph_o9xde_4 _paragraph_xtcu6_10 layout-component text-serif-m layout-normal text-serif-m layout-padded\">\u2013 Du m\u00e5 lage din egen \u00abwhite christmas\u00bb inne, sier hun og legger til: <\/p>\n<p class=\"_paragraph_o9xde_4 _paragraph_xtcu6_10 layout-component text-serif-m layout-normal text-serif-m layout-padded\"><strong class=\"_strong_o9xde_25\">\u2013 Det f\u00e5r vi faktisk til p\u00e5 Filippinene med hvitt juletre og falsk sn\u00f8.  <\/strong><\/p>\n<p><img decoding=\"async\" alt=\"Bilde av  Gabriel Lyn Mary Tolentino\" class=\"_image_ygndg_42\" height=\"53\" itemprop=\"image\" loading=\"lazy\"  src=\"https:\/\/www.europesays.com\/no\/wp-content\/uploads\/2025\/12\/e8e08d61-425f-4936-b4f6-80d7c6a917a1\"  width=\"40\"\/><strong class=\"_name_ygndg_51 title-serif-xs\"> Gabriel Lyn Mary Tolentino<\/strong><\/p>\n<p class=\"_paragraph_o9xde_4 text-sans-m _description_ygndg_56\">Julepyntentusiast. <\/p>\n<p class=\"_paragraph_o9xde_4 _paragraph_xtcu6_10 layout-component text-serif-m layout-normal text-serif-m layout-padded\">Kanskje er det ikke l\u00f8sningen for alle, men de som ikke f\u00e5r oppleve sn\u00f8 p\u00e5 julaften, er i alle fall ikke alene. <\/p>\n<p class=\"_paragraph_o9xde_4 _paragraph_xtcu6_10 layout-component text-serif-m layout-normal text-serif-m layout-padded\"><strong class=\"_strong_o9xde_25\">\u2013 For de aller fleste blir det en jul uten sn\u00f8. Jeg leter og leter etter steder hvor sn\u00f8en kan dukke opp f\u00f8r julaften, men m\u00e5 bare innr\u00f8mme: Det ser rett og slett ikke ut til \u00e5 skje i S\u00f8r-Norge, sier L\u00f8vdahl.<\/strong><\/p>\n","protected":false},"excerpt":{"rendered":"Meteorolog Rafael Escobar L\u00f8vdahl sier de fleste kan glemme hvit jul i S\u00f8r-Norge. Regn og milde temperaturer preger&hellip;\n","protected":false},"author":2,"featured_media":118108,"comment_status":"","ping_status":"","sticky":false,"template":"","format":"standard","meta":{"footnotes":""},"categories":[5],"tags":[20,21,24,25,15,19,22,23,17,18,3153,13,30,28,29,14,16,6527,26,27,9191],"class_list":{"0":"post-118107","1":"post","2":"type-post","3":"status-publish","4":"format-standard","5":"has-post-thumbnail","7":"category-overskrifter","8":"tag-breaking-news","9":"tag-breakingnews","10":"tag-featured-news","11":"tag-featurednews","12":"tag-headlines","13":"tag-hovedoppslag","14":"tag-latest-news","15":"tag-latestnews","16":"tag-main-news","17":"tag-mainnews","18":"tag-nedbor","19":"tag-news","20":"tag-no","21":"tag-norge","22":"tag-norway","23":"tag-nyheter","24":"tag-overskrifter","25":"tag-sno","26":"tag-top-stories","27":"tag-topstories","28":"tag-troms-og-finnmark"},"share_on_mastodon":{"url":"https:\/\/pubeurope.com\/@no\/115751560649537737","error":""},"_links":{"self":[{"href":"https:\/\/www.europesays.com\/no\/wp-json\/wp\/v2\/posts\/118107","targetHints":{"allow":["GET"]}}],"collection":[{"href":"https:\/\/www.europesays.com\/no\/wp-json\/wp\/v2\/posts"}],"about":[{"href":"https:\/\/www.europesays.com\/no\/wp-json\/wp\/v2\/types\/post"}],"author":[{"embeddable":true,"href":"https:\/\/www.europesays.com\/no\/wp-json\/wp\/v2\/users\/2"}],"replies":[{"embeddable":true,"href":"https:\/\/www.europesays.com\/no\/wp-json\/wp\/v2\/comments?post=118107"}],"version-history":[{"count":0,"href":"https:\/\/www.europesays.com\/no\/wp-json\/wp\/v2\/posts\/118107\/revisions"}],"wp:featuredmedia":[{"embeddable":true,"href":"https:\/\/www.europesays.com\/no\/wp-json\/wp\/v2\/media\/118108"}],"wp:attachment":[{"href":"https:\/\/www.europesays.com\/no\/wp-json\/wp\/v2\/media?parent=118107"}],"wp:term":[{"taxonomy":"category","embeddable":true,"href":"https:\/\/www.europesays.com\/no\/wp-json\/wp\/v2\/categories?post=118107"},{"taxonomy":"post_tag","embeddable":true,"href":"https:\/\/www.europesays.com\/no\/wp-json\/wp\/v2\/tags?post=118107"}],"curies":[{"name":"wp","href":"https:\/\/api.w.org\/{rel}","templated":true}]}}