{"id":118113,"date":"2025-12-20T11:09:09","date_gmt":"2025-12-20T11:09:09","guid":{"rendered":"https:\/\/www.europesays.com\/no\/118113\/"},"modified":"2025-12-20T11:09:09","modified_gmt":"2025-12-20T11:09:09","slug":"laerere-i-flekkefjord-far-jevnlige-drapstrusler","status":"publish","type":"post","link":"https:\/\/www.europesays.com\/no\/118113\/","title":{"rendered":"L\u00e6rere i Flekkefjord f\u00e5r jevnlige drapstrusler"},"content":{"rendered":"\n<p class=\"_lead_o9xde_2 _lead_xtcu6_50 layout-component text-serif-m layout-normal text-serif-l layout-component layout-wide layout-padded _wide_17hqh_1 layout-padded\">En gruppe p\u00e5 15\u201320 elever st\u00e5r bak vold, trusler, seksuell trakassering og omfattende h\u00e6rverk ved Flekkefjord ungdomsskole, if\u00f8lge skolesjefen i kommunen.<\/p>\n<p>Aktiver kart<\/p>\n<ul aria-hidden=\"true\" class=\"_images_ntbth_112\">\n<li><a class=\"_link_ntbth_117\" href=\"https:\/\/www.vg.no\/forfatter\/ntb\" style=\"z-index:1\" title=\"NTB\" rel=\"nofollow noopener\" target=\"_blank\"><img alt=\"Bilde av NTB\" class=\"_image_ntbth_93\" fetchpriority=\"low\" loading=\"lazy\" decoding=\"async\" itemprop=\"image\"  src=\"https:\/\/www.europesays.com\/no\/wp-content\/uploads\/2025\/12\/1766228949_254_c33980b0-5d07-4027-84a1-813f90a7c8d6\"  width=\"480\"\/><\/a><\/li>\n<\/ul>\n<p> Oppdatert l\u00f8rdag 20. desember kl. 10:43     <\/p>\n<p class=\"_paragraph_o9xde_4 _paragraph_xtcu6_10 layout-component text-serif-m layout-normal text-serif-m layout-padded\"> \u2013 Det er snakk om en gruppe p\u00e5 15\u201320 elever som \u00f8delegger for alle de andre elevene som oppf\u00f8rer seg veldig fint, sier kommunalsjef Svein Hansen i <a href=\"https:\/\/www.vg.no\/tag\/flekkefjord?utm_source=vg-article&amp;utm_medium=auto-tagger&amp;utm_campaign=0pn4R6\" class=\"_link_o9xde_39\" rel=\"nofollow noopener\" target=\"_blank\">Flekkefjord<\/a> kommune til <a href=\"https:\/\/www.avisenagder.no\/opplever-vold-seksuell-trakassering-og-harverk-for-store-summer-larere-mottar-drapstrusler-jevnlig\/s\/5-99-1471098\" class=\"_link_o9xde_39\" rel=\"nofollow noopener\" target=\"_blank\">Avisen Agder<\/a>.<\/p>\n<p class=\"_paragraph_o9xde_4 _paragraph_xtcu6_10 layout-component text-serif-m layout-normal text-serif-m layout-padded\">Det som tidligere handlet om uro i timene, har if\u00f8lge Hansen utviklet seg til en hverdag preget av frykt og maktesl\u00f8shet blant de ansatte.<\/p>\n<p class=\"_paragraph_o9xde_4 _paragraph_xtcu6_10 layout-component text-serif-m layout-normal text-serif-m layout-padded\">\u2013 Det er ikke lenge siden en ansatt ble sparket i magen av en elev. De er ikke redde for \u00e5 dunke til l\u00e6rere fysisk lenger. Det er mye trusler om drap og vold og l\u00e6rere mottar jevnlig drapstrusler mot seg selv eller n\u00e6rst\u00e5ende, forteller skolesjefen, som selv tok kontakt med lokalavisen for \u00e5 fortelle om situasjonen.<\/p>\n<p class=\"_paragraph_o9xde_4 _paragraph_xtcu6_10 layout-component text-serif-m layout-normal text-serif-m layout-padded\">Hansen beskriver ogs\u00e5 sv\u00e6rt grov spr\u00e5kbruk.<\/p>\n<p class=\"_paragraph_o9xde_4 _paragraph_xtcu6_10 layout-component text-serif-m layout-normal text-serif-m layout-padded\">\u2013 De st\u00e5r rett foran en voksen og sier ting som \u00abj\u00e6vla kuk\u00bb eller \u00abj\u00e6vla fitte\u00bb. De har ingen respekt n\u00e5r l\u00e6rere snakker til dem, og kaller dem idioter. Vi f\u00e5r ogs\u00e5 tilbakemeldinger p\u00e5 at b\u00e5de kvinnelige og mannlige l\u00e6rere opplever sex-sjikanering, sier han.<\/p>\n<p class=\"_paragraph_o9xde_4 _paragraph_xtcu6_10 layout-component text-serif-m layout-normal text-serif-m layout-padded\">Skolen er i tillegg plaget med omfattende h\u00e6rverk.<\/p>\n<p class=\"_paragraph_o9xde_4 _paragraph_xtcu6_10 layout-component text-serif-m layout-normal text-serif-m layout-padded\">\u2013 Vi har kj\u00f8pt s\u00e5 mange s\u00e5pedispensere de siste m\u00e5nedene at det blir helt meningsl\u00f8st. Det knuses speil, t\u00f8rkepapirstativ, m\u00f8bler og inventar \u00f8delegges, sier Hansen.<\/p>\n<p class=\"_paragraph_o9xde_4 _paragraph_xtcu6_10 layout-component text-serif-m layout-normal text-serif-m layout-padded\">Situasjonen t\u00e6rer p\u00e5 de ansatte, og skolesjefen frykter \u00f8kt sykefrav\u00e6r og rekrutteringsproblemer. Elevene er under den kriminelle lavalder, og kommunen har bare \u00e9n ungdomsskole, s\u00e5 elever kan ikke flyttes til andre skoler.<\/p>\n<p class=\"_paragraph_o9xde_4 _paragraph_xtcu6_10 layout-component text-serif-m layout-normal text-serif-m layout-padded\">Flekkefjord ungdomsskole har 380 elever fordelt p\u00e5 14 klasser og 70 ansatte.<\/p>\n","protected":false},"excerpt":{"rendered":"En gruppe p\u00e5 15\u201320 elever st\u00e5r bak vold, trusler, seksuell trakassering og omfattende h\u00e6rverk ved Flekkefjord ungdomsskole, if\u00f8lge&hellip;\n","protected":false},"author":2,"featured_media":118114,"comment_status":"","ping_status":"","sticky":false,"template":"","format":"standard","meta":{"footnotes":""},"categories":[10],"tags":[20,21,24,25,573,15,22,23,13,30,28,29,14,16,26,27],"class_list":{"0":"post-118113","1":"post","2":"type-post","3":"status-publish","4":"format-standard","5":"has-post-thumbnail","7":"category-norge","8":"tag-breaking-news","9":"tag-breakingnews","10":"tag-featured-news","11":"tag-featurednews","12":"tag-flekkefjord","13":"tag-headlines","14":"tag-latest-news","15":"tag-latestnews","16":"tag-news","17":"tag-no","18":"tag-norge","19":"tag-norway","20":"tag-nyheter","21":"tag-overskrifter","22":"tag-top-stories","23":"tag-topstories"},"share_on_mastodon":{"url":"https:\/\/pubeurope.com\/@no\/115751588234132990","error":""},"_links":{"self":[{"href":"https:\/\/www.europesays.com\/no\/wp-json\/wp\/v2\/posts\/118113","targetHints":{"allow":["GET"]}}],"collection":[{"href":"https:\/\/www.europesays.com\/no\/wp-json\/wp\/v2\/posts"}],"about":[{"href":"https:\/\/www.europesays.com\/no\/wp-json\/wp\/v2\/types\/post"}],"author":[{"embeddable":true,"href":"https:\/\/www.europesays.com\/no\/wp-json\/wp\/v2\/users\/2"}],"replies":[{"embeddable":true,"href":"https:\/\/www.europesays.com\/no\/wp-json\/wp\/v2\/comments?post=118113"}],"version-history":[{"count":0,"href":"https:\/\/www.europesays.com\/no\/wp-json\/wp\/v2\/posts\/118113\/revisions"}],"wp:featuredmedia":[{"embeddable":true,"href":"https:\/\/www.europesays.com\/no\/wp-json\/wp\/v2\/media\/118114"}],"wp:attachment":[{"href":"https:\/\/www.europesays.com\/no\/wp-json\/wp\/v2\/media?parent=118113"}],"wp:term":[{"taxonomy":"category","embeddable":true,"href":"https:\/\/www.europesays.com\/no\/wp-json\/wp\/v2\/categories?post=118113"},{"taxonomy":"post_tag","embeddable":true,"href":"https:\/\/www.europesays.com\/no\/wp-json\/wp\/v2\/tags?post=118113"}],"curies":[{"name":"wp","href":"https:\/\/api.w.org\/{rel}","templated":true}]}}