{"id":118115,"date":"2025-12-20T11:10:12","date_gmt":"2025-12-20T11:10:12","guid":{"rendered":"https:\/\/www.europesays.com\/no\/118115\/"},"modified":"2025-12-20T11:10:12","modified_gmt":"2025-12-20T11:10:12","slug":"zlatko-tripic-norge-trenger-john-arne-riise","status":"publish","type":"post","link":"https:\/\/www.europesays.com\/no\/118115\/","title":{"rendered":"Zlatko Tripic: &#8211; Norge trenger John Arne Riise"},"content":{"rendered":"<p>John Arne Riise (45) har flere ganger v\u00e6rt \u00e5pen for en trenerjobb i toppfotballen p\u00e5 herresiden.<\/p>\n<p>Senest i Bryne, der\u00a0<a href=\"https:\/\/www.tv2.no\/sport\/det-er-en-veldig-interessant-jobb\/18392061\/#tv2-comment-18395595\" target=\"_blank\" rel=\"nofollow noopener\">TV 2 snakket med Riise<\/a>\u00a0om den ledige stillingen.<\/p>\n<p>\u2013\u00a0Jeg tenker ikke s\u00e5 mye mer enn at det er en veldig interessant jobb, sa Riise til TV 2.<\/p>\n<p>\u2013 Synd for norsk fotball<\/p>\n<p>Etter artikkelen tar Viking-kaptein Zlatko Tripic kontakt med TV 2 og kommer med f\u00f8lgende budskap:<\/p>\n<p class=\"bold m-bold\" data-lab-font_weight=\"bold\">\u2013 Norge trenger Riise i toppfotballen.\u00a0<\/p>\n<p>\u2013 Det er synd for norsk fotball, hvis vi ikke tar vare p\u00e5 en s\u00e5nn ressurs og pr\u00f8ver \u00e5 gi ham en sjanse, begrunner Tripic.<\/p>\n<p>        <img class=\"image__img lazyload\" itemprop=\"image\" title=\"Foto: Carina Johansen \/ NTB\" alt=\"KLAR BESKJED: Fra Viking-kaptein Zlatko Tripic. Foto: Carina Johansen \/ NTB\" width=\"675\" height=\"453\" bad-src=\"https:\/\/www.europesays.com\/no\/wp-content\/uploads\/2025\/12\/18397630.webp\" fetchpriority=\"auto\" \/><\/p>\n<p>      KLAR BESKJED: Fra Viking-kaptein Zlatko Tripic.<br \/>\n         Foto: Carina Johansen \/ NTB<\/p>\n<p>\u2013 Han er jo en av tidenes, om ikke tidenes norske fotballspiller, med en ekstrem fotballkarriere. Med hans kunnskap og engasjement, s\u00e5 hadde det v\u00e6rt utrolig interessant \u00e5 f\u00e5 ham inn i toppfotballen i Norge, sier Viking-stjernen.<\/p>\n<p class=\"italic m-italic\" data-lab-italic=\"italic\">\u2013 Det virker som du brenner litt for dette?<\/p>\n<p>\u2013 Jeg brenner for norsk fotball og \u00f8nsker at norsk fotball skal ta ytterligere steg. \u00c5 f\u00e5 en s\u00e5nn profil inn, hadde skapt et voldsomt engasjement. Det hadde v\u00e6rt kult og sett hva han kunne f\u00e5tt til.<\/p>\n<p>Smigret av omtalen<\/p>\n<p>Riise blir servert uttalelsene til lyngd\u00f8len.\u00a0<\/p>\n<p>\u2013 Det er selvsagt veldig hyggelige ord fra den beste spilleren i Eliteserien, som ogs\u00e5 kjenner niv\u00e5et p\u00e5 trenerne og vet hva han snakker om, svarer den tidligere Liverpool-stjernen.<\/p>\n<p>\u2013 Samtidig er det en stor prosess \u00e5 ansette trenere. Mange involverte skal ha mye \u00e5 si. Jeg tenker mer p\u00e5 hva jeg st\u00e5r for som trener og menneske. Hva jeg kan bringe inn i en klubb, fortsetter Riise.<\/p>\n<p>        <img class=\"image__img lazyload\" itemprop=\"image\" title=\"Foto: Martin Langeveld \/ TV 2\" alt=\"MOTIVERT: John Arne er klar for ny trenerjobb. Foto: Martin Langeveld \/ TV 2\" width=\"675\" height=\"453\" bad-src=\"https:\/\/www.europesays.com\/no\/wp-content\/uploads\/2025\/12\/17313543.webp\" fetchpriority=\"auto\" \/><\/p>\n<p>      MOTIVERT: John Arne er klar for ny trenerjobb.<br \/>\n         Foto: Martin Langeveld \/ TV 2<\/p>\n<p>Mannen med 110 landskamper for Norge understreker at situasjonen ikke stresser ham.\u00a0<\/p>\n<p>\u2013 Jeg tenker ikke s\u00e5 mye annet enn at jeg vet at jeg er god nok og vil f\u00e5 sjansen, n\u00e5r den rette klubben ringer.<\/p>\n<p>Sunnm\u00f8ringen er enig i at erfaringen med \u00e5 spille p\u00e5 det h\u00f8yeste niv\u00e5et, med flere store trenere, er positivt.\u00a0<\/p>\n<p>\u2013 Men det er viktig \u00e5 finne sin m\u00e5te \u00e5 v\u00e6re trener p\u00e5. Jeg har mye \u00e5 l\u00e6re, men troen p\u00e5 meg selv er der og det vil den alltid v\u00e6re.\u00a0<\/p>\n<p>Tripic forteller at de to har hatt noe kontakt tidligere, men ikke ang\u00e5ende denne saken.\u00a0<\/p>\n<p class=\"italic m-italic\" data-lab-italic=\"italic\">\u2013 Kunne det v\u00e6rt plass til Riise i Viking?<\/p>\n<p>\u2013 Det er vanskelig \u00e5 si. Akkurat n\u00e5 er trenerteamet v\u00e5rt meget bra, s\u00e5 det er ikke sikkert. Men jeg kunne gjerne likt \u00e5 jobbe med ham eller m\u00f8tt ham p\u00e5 andre siden av banen.<\/p>\n<p>\u2013 Jeg tror han kan bidra enten som hovedtrener eller assistent, der han kan jobbe tett inn mot en spillegruppe. Mange fotballspillere hadde hatt godt av \u00e5 kunne l\u00e6re av ham. Han virker jo topp motivert til \u00e5 ta en s\u00e5nn oppgave, mener Tripic.<\/p>\n<p>Ber klubber tenke nytt<\/p>\n<p>Viking-helten peker p\u00e5 at mange trenerne har blitt eldre og byttes ut p\u00e5 rundgang i Fotball-Norge.<\/p>\n<p>\u2013 Jeg synes at noen klubber burde tenke litt nytt. Da kan Riise skape et engasjement i klubben han velger \u00e5 ta over.<\/p>\n<p>Viking-kapteinen tror at det er f\u00e5 i landet som hadde jobbet like hardt for \u00e5 oppn\u00e5 suksess.\u00a0<\/p>\n<p>\u2013 Han er utrolig sulten og har v\u00e6rt tydelig p\u00e5 at han \u00f8nsker en slik oppgave. Bare tanken av \u00e5 ha en motivert trener, som f\u00f8ler han har noe \u00e5 bevise i Norge. Det b\u00f8r friste mange klubber.<\/p>\n<p>\u2013 Jeg liker det han sier om dedikasjon og at jeg er hardtarbeidende. Jeg legger alltid ned hundre prosent i alt jeg gj\u00f8r. Det vet de som kjenner meg og der treffer Zlatko blink, lyder det fra Riise.<\/p>\n<p>        Fakta: John Arne Riise<\/p>\n<p>Alder: 45 \u00e5r.<\/p>\n<p>Tidligere klubber som trener: Flint T\u00f8nsberg og Avaldsnes.<\/p>\n<p>Prestasjoner som trener: Berget Toppserie-plassen med Avaldsnes i begge sine sesonger i 2022 og 2023.<\/p>\n<p>Klubber som spiller: Aalesund, Monaco, Liverpool, Roma, Fulham, Apoel, Dehli Dynamos, Chennaiyin.<\/p>\n<p>St\u00f8rste titler: Seriegull med Monaco (2000), Champions League-tittel (2005), FA-cuptittel (2006) og ligacuptriumf (2003) med Liverpool og ligagull med Apoel (2015).<\/p>\n<p>* A-landskamper\/m\u00e5l: 110 (16)<\/p>\n<p>Peker p\u00e5 resultatene<\/p>\n<p>Tidligere landslagsspiller Erik Huseklepp var Eirik Hornelands assistenttrener i Brann fra 2022 til ut 2024.<\/p>\n<p>Huseklepp spilte ogs\u00e5 sammen med Riise for Norge og blir spurt om hvorfor han tror 45-\u00e5ringen ikke har f\u00e5tt flere sjanser.<\/p>\n<p>\u2013 Det handler sikkert om at resultatene som trener har v\u00e6rt opp og ned. Det var helt greit med Avaldsnes, s\u00e5 rykket han ned med Flint. Selv om man har hatt en god spillerkarriere, s\u00e5 lever man litt av resultatene man oppn\u00e5r som trener.\u00a0<\/p>\n<p>        <img class=\"image__img lazyload\" itemprop=\"image\" title=\"Foto: Thomas Andersen \/ NTB\" alt=\"RADARPAR: Erik Huseklepp og Eirik Horneland ledet Brann til cupgull. Foto: Thomas Andersen \/ NTB\" width=\"675\" height=\"453\" bad-src=\"https:\/\/www.europesays.com\/no\/wp-content\/uploads\/2025\/12\/18397691.webp\" fetchpriority=\"auto\" \/><\/p>\n<p>      RADARPAR: Erik Huseklepp og Eirik Horneland ledet Brann til cupgull.<br \/>\n         Foto: Thomas Andersen \/ NTB<\/p>\n<p>\u2013 Hadde han gjort underverker med Avaldsnes, hadde han hatt masse flere tilbud med en gang. Det er jeg helt overbevist om, hevder Huseklepp.<\/p>\n<p class=\"italic m-italic\" data-lab-italic=\"italic\">\u2013 Har Riise en erfaring vi b\u00f8r utnytte bedre i norsk fotball?<\/p>\n<p>\u2013 Ja, det kan godt v\u00e6re. En ting som er med John Arne er at han er veldig dedikert. N\u00e5r han har bestemt seg for noe, s\u00e5 lar han ikke noen tilbakeslag st\u00e5 i veien. Jeg har troen p\u00e5 at han kommer til \u00e5 st\u00e5 i det, helt til han f\u00e5r det til. Det er jo s\u00e5nn han har bygget fotballkarrieren, svarer Huseklepp.<\/p>\n<p>\u2013 Mange tenker sitt<\/p>\n<p>Riise forteller at han ikke preges av om klubber ikke velger ham som trener rundt omkring.<\/p>\n<p>\u2013 Hva klubber i OBOS-ligaen eller i Eliteserien tenker, m\u00e5 de styre selv.\u00a0Mange tenker nok sitt n\u00e5r mitt navn blir nevnt. Jeg tror det henger mye igjen fra tidligere, men det er ikke noe jeg kan fokusere p\u00e5.<\/p>\n<p>\u2013 Det som skjer, det skjer.\u00a0Jeg har mange baller i luften og masse som holder meg opptatt, frem til en eventuell ny trenerjobb, sier Riise.<\/p>\n","protected":false},"excerpt":{"rendered":"John Arne Riise (45) har flere ganger v\u00e6rt \u00e5pen for en trenerjobb i toppfotballen p\u00e5 herresiden. Senest i&hellip;\n","protected":false},"author":2,"featured_media":118116,"comment_status":"","ping_status":"","sticky":false,"template":"","format":"standard","meta":{"footnotes":""},"categories":[5],"tags":[20,21,24,25,15,19,22,23,17,18,13,30,28,29,14,16,26,27],"class_list":{"0":"post-118115","1":"post","2":"type-post","3":"status-publish","4":"format-standard","5":"has-post-thumbnail","7":"category-overskrifter","8":"tag-breaking-news","9":"tag-breakingnews","10":"tag-featured-news","11":"tag-featurednews","12":"tag-headlines","13":"tag-hovedoppslag","14":"tag-latest-news","15":"tag-latestnews","16":"tag-main-news","17":"tag-mainnews","18":"tag-news","19":"tag-no","20":"tag-norge","21":"tag-norway","22":"tag-nyheter","23":"tag-overskrifter","24":"tag-top-stories","25":"tag-topstories"},"share_on_mastodon":{"url":"https:\/\/pubeurope.com\/@no\/115751591939204249","error":""},"_links":{"self":[{"href":"https:\/\/www.europesays.com\/no\/wp-json\/wp\/v2\/posts\/118115","targetHints":{"allow":["GET"]}}],"collection":[{"href":"https:\/\/www.europesays.com\/no\/wp-json\/wp\/v2\/posts"}],"about":[{"href":"https:\/\/www.europesays.com\/no\/wp-json\/wp\/v2\/types\/post"}],"author":[{"embeddable":true,"href":"https:\/\/www.europesays.com\/no\/wp-json\/wp\/v2\/users\/2"}],"replies":[{"embeddable":true,"href":"https:\/\/www.europesays.com\/no\/wp-json\/wp\/v2\/comments?post=118115"}],"version-history":[{"count":0,"href":"https:\/\/www.europesays.com\/no\/wp-json\/wp\/v2\/posts\/118115\/revisions"}],"wp:featuredmedia":[{"embeddable":true,"href":"https:\/\/www.europesays.com\/no\/wp-json\/wp\/v2\/media\/118116"}],"wp:attachment":[{"href":"https:\/\/www.europesays.com\/no\/wp-json\/wp\/v2\/media?parent=118115"}],"wp:term":[{"taxonomy":"category","embeddable":true,"href":"https:\/\/www.europesays.com\/no\/wp-json\/wp\/v2\/categories?post=118115"},{"taxonomy":"post_tag","embeddable":true,"href":"https:\/\/www.europesays.com\/no\/wp-json\/wp\/v2\/tags?post=118115"}],"curies":[{"name":"wp","href":"https:\/\/api.w.org\/{rel}","templated":true}]}}