{"id":118120,"date":"2025-12-20T11:16:07","date_gmt":"2025-12-20T11:16:07","guid":{"rendered":"https:\/\/www.europesays.com\/no\/118120\/"},"modified":"2025-12-20T11:16:07","modified_gmt":"2025-12-20T11:16:07","slug":"henlegger-siktelse-mot-jan-helge-andersen-for-besittelse-av-overgrepsmateriale-siste-nytt-nrk","status":"publish","type":"post","link":"https:\/\/www.europesays.com\/no\/118120\/","title":{"rendered":"Henlegger siktelse mot Jan Helge Andersen for besittelse av overgrepsmateriale \u2013 Siste nytt \u2013\u00a0NRK"},"content":{"rendered":"<p>Det bekrefter statsadvokat Andreas Schei til <a href=\"https:\/\/www.fvn.no\/nyheter\/lokalt\/i\/7p00k9\/henlegger-sak-mot-jan-helge-andersen\" ec-id=\"https:\/\/www.fvn.no\/nyheter\/lokalt\/i\/7p00k9\/henlegger-sak-mot-jan-helge-andersen\" ec-name=\"F\u00e6drelandsvennen\" rel=\"nofollow noopener\" target=\"_blank\">F\u00e6drelandsvennen<\/a>.<br \/>Han begrunner henleggelsen med at \u00abintet straffbart forhold anses bevist\u00bb.<\/p>\n<p>I november anmeldte politiet Andersen for brudd p\u00e5 straffelovens paragraf 311, som omhandler seksualiserte fremstillinger av barn. Politiet sa da at bakgrunnen for dette var funn i etterforskningsmaterialet.<\/p>\n<p>Andersen ble i juni d\u00f8mt i lagmannsretten til forvaring med tidsramme p\u00e5 to \u00e5r for drapet p\u00e5 Lena Sl\u00f8gedal Paulsen i 2000.<\/p>\n<p>Straffeutm\u00e5lingen skal vurderes av H\u00f8yesterett over nytt\u00e5r<\/p>\n<p>Andersen har tidligere erkjent drapet p\u00e5 Stine Sofie S\u00f8rstr\u00f8nen, som han ble d\u00f8mt for i 2002.<\/p>\n","protected":false},"excerpt":{"rendered":"Det bekrefter statsadvokat Andreas Schei til F\u00e6drelandsvennen.Han begrunner henleggelsen med at \u00abintet straffbart forhold anses bevist\u00bb. I november&hellip;\n","protected":false},"author":2,"featured_media":62464,"comment_status":"","ping_status":"","sticky":false,"template":"","format":"standard","meta":{"footnotes":""},"categories":[10],"tags":[20,21,24,25,15,22,23,13,30,28,29,14,16,26,27],"class_list":{"0":"post-118120","1":"post","2":"type-post","3":"status-publish","4":"format-standard","5":"has-post-thumbnail","7":"category-norge","8":"tag-breaking-news","9":"tag-breakingnews","10":"tag-featured-news","11":"tag-featurednews","12":"tag-headlines","13":"tag-latest-news","14":"tag-latestnews","15":"tag-news","16":"tag-no","17":"tag-norge","18":"tag-norway","19":"tag-nyheter","20":"tag-overskrifter","21":"tag-top-stories","22":"tag-topstories"},"share_on_mastodon":{"url":"https:\/\/pubeurope.com\/@no\/115751615568472897","error":""},"_links":{"self":[{"href":"https:\/\/www.europesays.com\/no\/wp-json\/wp\/v2\/posts\/118120","targetHints":{"allow":["GET"]}}],"collection":[{"href":"https:\/\/www.europesays.com\/no\/wp-json\/wp\/v2\/posts"}],"about":[{"href":"https:\/\/www.europesays.com\/no\/wp-json\/wp\/v2\/types\/post"}],"author":[{"embeddable":true,"href":"https:\/\/www.europesays.com\/no\/wp-json\/wp\/v2\/users\/2"}],"replies":[{"embeddable":true,"href":"https:\/\/www.europesays.com\/no\/wp-json\/wp\/v2\/comments?post=118120"}],"version-history":[{"count":0,"href":"https:\/\/www.europesays.com\/no\/wp-json\/wp\/v2\/posts\/118120\/revisions"}],"wp:featuredmedia":[{"embeddable":true,"href":"https:\/\/www.europesays.com\/no\/wp-json\/wp\/v2\/media\/62464"}],"wp:attachment":[{"href":"https:\/\/www.europesays.com\/no\/wp-json\/wp\/v2\/media?parent=118120"}],"wp:term":[{"taxonomy":"category","embeddable":true,"href":"https:\/\/www.europesays.com\/no\/wp-json\/wp\/v2\/categories?post=118120"},{"taxonomy":"post_tag","embeddable":true,"href":"https:\/\/www.europesays.com\/no\/wp-json\/wp\/v2\/tags?post=118120"}],"curies":[{"name":"wp","href":"https:\/\/api.w.org\/{rel}","templated":true}]}}