{"id":118121,"date":"2025-12-20T11:17:12","date_gmt":"2025-12-20T11:17:12","guid":{"rendered":"https:\/\/www.europesays.com\/no\/118121\/"},"modified":"2025-12-20T11:17:12","modified_gmt":"2025-12-20T11:17:12","slug":"isak-dreyer-feirer-jul-alene-pa-hytta-med-jakt-og-ribbe","status":"publish","type":"post","link":"https:\/\/www.europesays.com\/no\/118121\/","title":{"rendered":"Isak Dreyer feirer jul alene p\u00e5 hytta med jakt og ribbe"},"content":{"rendered":"<p class=\"kicker t20\" style=\"\">Isak Dreyer:\u00a0<\/p>\n<p>  N\u00e5r julen setter inn pakker \u00abNorges t\u00f8ffeste\u00bb-programlederen sekken og vender snuten mot hytta.\u00a0\u00a0<\/p>\n<p>\n    JUL P\u00c5 FJELLET: P\u00e5 fjellet finner den barske nordlendingen fred og ro. Matlaging, radio og \u00f8l setter julestemningen for Isak Dreyer. Foto: Shad Madian\n  <\/p>\n<p>For mange er jula forbundet med familietid, venner og kanskje en smule stress, men for \u00abNorge t\u00f8ffeste\u00bb-programlederen er det stikk motsatt.\u00a0<\/p>\n<p>    <a itemprop=\"url\" href=\"https:\/\/www.seher.no\/kjendis\/jeg-er-forelsket\/84011283\" rel=\"nofollow noopener\" target=\"_blank\"><\/p>\n<p>        <img loading=\"lazy\" decoding=\"async\" src=\"https:\/\/www.europesays.com\/no\/wp-content\/uploads\/2025\/12\/84011324.webp\" width=\"147\" height=\"98\" title=\"- Jeg er forelsket\" alt=\"\" class=\"lazyload\" style=\"--aspect-ratio-image: 1.50; \"\/><\/p>\n<p>        &#8211; Jeg er forelsket<\/p>\n<p>    <\/a><\/p>\n<p>Se og H\u00f8r m\u00f8ter den barske nordlendingen Isak Dreyer (31) i forbindelse med pressetreffet for TV 2-programmet \u00abVokteren\u00bb. Her avsl\u00f8rer han at han vekselsvis feirer jul p\u00e5 et litt utradisjonelt vis:\u00a0<\/p>\n<p class=\"font-weight-bold m-font-weight-bold\" data-lab-font_weight=\"font-weight-bold\">&#8211; Jeg har de siste \u00e5rene feiret jul annethvert \u00e5r med familien og p\u00e5 hytta alene. I \u00e5r er det hytte-jul. Da feirer jeg aleine, forteller han.\u00a0<\/p>\n<p>Ensomt? Tvert imot, forteller Dreyer:<\/p>\n<p>&#8211; Jeg er der ikke hele julen, men noen dager. Jeg drar p\u00e5 jakt p\u00e5 lillejulaften hvert \u00e5r. Det er noe helt eget med den roen man f\u00e5r der oppe p\u00e5 fjellet. Den eneste lyden er radioen og knitringen fra peisen. Det er ingenting som skjer den dagen, og det er deilig, sier han med et smil.\u00a0<\/p>\n<p>        FRIERBREV: Isak Dreyer forteller om hvordan han forholder seg til henvendelsene han f\u00e5r i innboksen. Video: R\u00f8d L\u00f8per\/ Nora Skavhaug\/ Karolina Grace Rusov-Hansen<\/p>\n<p class=\"font-weight-bold m-font-weight-bold\" data-lab-font_weight=\"font-weight-bold\">Men julemat blir det likevel!\u00a0<\/p>\n<p>&#8211; Jeg lager ribbe. Det er enklest \u00e5 lage. N\u00e5r jeg er alene s\u00e5 gidder jeg ikke lage noe voldsomt fancy.\u00a0<\/p>\n<p>        <img loading=\"lazy\" decoding=\"async\" src=\"https:\/\/www.europesays.com\/no\/wp-content\/uploads\/2025\/12\/83966901.webp\" width=\"686\" height=\"686\" title=\"ALENETID: Isak Dreyer trives godt i eget selskap. Her fra en f\u00f8rjulskveld p\u00e5 fjellet i 2020. Foto: Instagram \/ @dreyerisak\" alt=\"\" class=\"\" style=\"--aspect-ratio-image: 1.00; \"\/><\/p>\n<p>\n        ALENETID: Isak Dreyer trives godt i eget selskap. Her fra en f\u00f8rjulskveld p\u00e5 fjellet i 2020. Foto: Instagram \/ @dreyerisak\n    <\/p>\n<p class=\"italic m-italic\" data-lab-italic=\"italic\">Men hva tenker mamma n\u00e5r du forlater dem p\u00e5 julaften da?<\/p>\n<p>&#8211; Hun har sagt et par ganger at de synes jeg burde v\u00e6re hjemme for s\u00f8sknenes sin del. Jeg har jo fem sm\u00e5s\u00f8sken. S\u00e5 den kan jeg forst\u00e5.\u00a0<\/p>\n<p>    <a itemprop=\"url\" href=\"https:\/\/www.seher.no\/kjendis\/du-er-tilgitt\/84002478\" rel=\"nofollow noopener\" target=\"_blank\"><\/p>\n<p>        <img loading=\"lazy\" decoding=\"async\" src=\"https:\/\/www.europesays.com\/no\/wp-content\/uploads\/2025\/12\/1766229432_939_84002888.webp\" width=\"147\" height=\"98\" title=\"- Du er tilgitt\" alt=\"\" class=\"lazyload\" style=\"--aspect-ratio-image: 1.50; \"\/><\/p>\n<p>        &#8211; Du er tilgitt<\/p>\n<p>    <\/a><\/p>\n<p class=\"font-weight-bold m-font-weight-bold\" data-lab-font_weight=\"font-weight-bold\">N\u00e5r vi f\u00f8rst er i prat med den litt hemmelighetsfulle nordlendingen er det en annen ting vi ogs\u00e5 gjerne vil ha svar p\u00e5, nemlig hvordan det g\u00e5r med kj\u00e6rligheten:\u00a0\u00a0<\/p>\n<p class=\"font-weight-bold m-font-weight-bold\" data-lab-font_weight=\"font-weight-bold\">\u00a0&#8211; Jeg er stabilt singel. Jeg er ikke p\u00e5 noe datingapper heller, forteller han.<\/p>\n<p>        SLIK VAR \u00c5RET: 2025 var preget av offisielle oppdrag, utfordringer og store overskrifter. Reporter: Caroline Vagle. Video: Kine Falch<\/p>\n<p class=\"font-weight-bold m-font-weight-bold\" data-lab-font_weight=\"font-weight-bold\">F\u00e5r du mye fl\u00f8rtende meldinger i innboksen p\u00e5 Instagram?\u00a0<\/p>\n<p class=\"font-weight-normal m-font-weight-normal\" data-lab-font_weight=\"font-weight-normal\">&#8211; Faktisk s\u00e5 er det veldig trivelig n\u00e5r jeg f\u00e5r ekte brev. Jeg er fan av ekte papir, s\u00e5 det synes jeg er stas.\u00a0\u00a0<\/p>\n<p class=\"font-weight-bold m-font-weight-bold\" data-lab-font_weight=\"font-weight-bold\">P\u00e5 sp\u00f8rsm\u00e5l om hva han ser etter i en dame svarer han presist:\u00a0<\/p>\n<p class=\"font-weight-normal m-font-weight-normal\" data-lab-font_weight=\"font-weight-normal\">&#8211; Jeg er veldig glad i kontraster. Det er noe jeg mener beriker livet. Men hun m\u00e5 ha glimt i \u00f8yet, det er viktig. S\u00e5 er det noe med den forelskelses-f\u00f8lelsen du f\u00e5r f\u00f8rste gang du m\u00f8ter vedkommende. Den m\u00e5 v\u00e6re der.\u00a0<\/p>\n<p>    <a itemprop=\"url\" href=\"https:\/\/www.seher.no\/kjendis\/roper-kjaereste\/84005487\" rel=\"nofollow noopener\" target=\"_blank\"><\/p>\n<p>        <img loading=\"lazy\" decoding=\"async\" src=\"https:\/\/www.europesays.com\/no\/wp-content\/uploads\/2025\/12\/84005510.webp\" width=\"147\" height=\"98\" title=\"R\u00f8per kj\u00e6reste\" alt=\"\" class=\"lazyload\" style=\"--aspect-ratio-image: 1.50; \"\/><\/p>\n<p>        R\u00f8per kj\u00e6reste<\/p>\n<p>    <\/a><\/p>\n<p class=\"font-weight-normal m-font-weight-normal\" data-lab-font_weight=\"font-weight-normal\">Han legger til:\u00a0<\/p>\n<p class=\"font-weight-normal m-font-weight-normal\" data-lab-font_weight=\"font-weight-normal\">&#8211; Det er mange som mener at jeg har en viss smak og stil, men jeg klarer ikke helt \u00e5 se den selv. Men det er klart, utseende gir jo innsiden en sjans, avslutter han.\u00a0<\/p>\n","protected":false},"excerpt":{"rendered":"Isak Dreyer:\u00a0 N\u00e5r julen setter inn pakker \u00abNorges t\u00f8ffeste\u00bb-programlederen sekken og vender snuten mot hytta.\u00a0\u00a0 JUL P\u00c5 FJELLET:&hellip;\n","protected":false},"author":2,"featured_media":118122,"comment_status":"","ping_status":"","sticky":false,"template":"","format":"standard","meta":{"footnotes":""},"categories":[5],"tags":[20,21,24,25,15,19,3316,5593,479,2543,22,23,17,18,13,30,28,29,14,16,26,27],"class_list":{"0":"post-118121","1":"post","2":"type-post","3":"status-publish","4":"format-standard","5":"has-post-thumbnail","7":"category-overskrifter","8":"tag-breaking-news","9":"tag-breakingnews","10":"tag-featured-news","11":"tag-featurednews","12":"tag-headlines","13":"tag-hovedoppslag","14":"tag-isak-dreyer","15":"tag-jul","16":"tag-kjendis","17":"tag-kjendisdesken","18":"tag-latest-news","19":"tag-latestnews","20":"tag-main-news","21":"tag-mainnews","22":"tag-news","23":"tag-no","24":"tag-norge","25":"tag-norway","26":"tag-nyheter","27":"tag-overskrifter","28":"tag-top-stories","29":"tag-topstories"},"share_on_mastodon":{"url":"https:\/\/pubeurope.com\/@no\/115751619657004277","error":""},"_links":{"self":[{"href":"https:\/\/www.europesays.com\/no\/wp-json\/wp\/v2\/posts\/118121","targetHints":{"allow":["GET"]}}],"collection":[{"href":"https:\/\/www.europesays.com\/no\/wp-json\/wp\/v2\/posts"}],"about":[{"href":"https:\/\/www.europesays.com\/no\/wp-json\/wp\/v2\/types\/post"}],"author":[{"embeddable":true,"href":"https:\/\/www.europesays.com\/no\/wp-json\/wp\/v2\/users\/2"}],"replies":[{"embeddable":true,"href":"https:\/\/www.europesays.com\/no\/wp-json\/wp\/v2\/comments?post=118121"}],"version-history":[{"count":0,"href":"https:\/\/www.europesays.com\/no\/wp-json\/wp\/v2\/posts\/118121\/revisions"}],"wp:featuredmedia":[{"embeddable":true,"href":"https:\/\/www.europesays.com\/no\/wp-json\/wp\/v2\/media\/118122"}],"wp:attachment":[{"href":"https:\/\/www.europesays.com\/no\/wp-json\/wp\/v2\/media?parent=118121"}],"wp:term":[{"taxonomy":"category","embeddable":true,"href":"https:\/\/www.europesays.com\/no\/wp-json\/wp\/v2\/categories?post=118121"},{"taxonomy":"post_tag","embeddable":true,"href":"https:\/\/www.europesays.com\/no\/wp-json\/wp\/v2\/tags?post=118121"}],"curies":[{"name":"wp","href":"https:\/\/api.w.org\/{rel}","templated":true}]}}