{"id":118127,"date":"2025-12-20T11:29:09","date_gmt":"2025-12-20T11:29:09","guid":{"rendered":"https:\/\/www.europesays.com\/no\/118127\/"},"modified":"2025-12-20T11:29:09","modified_gmt":"2025-12-20T11:29:09","slug":"ungdom-utsatt-for-trusler-etter-voldsoppdrag-for-kriminelle-nrk-norge-oversikt-over-nyheter-fra-ulike-deler-av-landet","status":"publish","type":"post","link":"https:\/\/www.europesays.com\/no\/118127\/","title":{"rendered":"Ungdom utsatt for trusler etter voldsoppdrag for kriminelle \u2013 NRK Norge \u2013 Oversikt over nyheter fra ulike deler av landet"},"content":{"rendered":"<p>Saken oppsummert<\/p>\n<p>\u2022 Ungdom som trekker seg fra oppdrag utsettes for alvorlige trusler, inkludert mot deres familier, og noen tilbys nye oppdrag for \u00e5 \u00abgj\u00f8re opp for seg\u00bb.<br \/>\u2022 Kriminelle akt\u00f8rer bruker en kynisk \u00abbruk og kast\u00bb-mentalitet overfor ungdom, som ofte behandles som engangsressurser.<br \/>\u2022 Kripos har avverget rundt 30 planlagte voldsoppdrag i 2025.<br \/>\u2022 Trusler formidles via fysisk oppm\u00f8te, talemeldinger eller krypterte plattformer, og utviklingen i Sverige gir grunn til bekymring for lignende tilfeller i Norge.<br \/>\u2022 Bruken av barn og unge er en sentral strategi for kriminelle nettverk, som utnytter deres s\u00e5rbarhet og mangel p\u00e5 alternativer.<\/p>\n<p>Oppsummeringen er laget av en KI-tjeneste fra OpenAI. Innholdet er kvalitetssikret av NRKs journalister f\u00f8r publisering.<\/p>\n<p>\u00abEn ung ut\u00f8ver mottok drapstrussel etter at vedkommende avstod fra et godtatt voldsoppdrag. Ut\u00f8veren hadde f\u00e5tt i oppdrag \u00e5 drepe en person og mottok et skytev\u00e5pen f\u00f8r han s\u00e5 trakk seg fra oppdraget. Da v\u00e5penet ikke ble levert tilbake, ble b\u00e5de ut\u00f8ver og hans n\u00e6rst\u00e5ende utsatt for drapstrusler\u00bb.<\/p>\n<p>Eksempelet er et av flere i en fersk rapport om unge som p\u00e5tar seg voldsoppdrag i Norge.<\/p>\n<p>For f\u00f8rste gang deler Kripos detaljer om konsekvensene ungdom som tar p\u00e5 seg voldsoppdrag for kriminelle st\u00e5r overfor.\n<\/p>\n<p><img decoding=\"async\"   src=\"data:image\/gif;base64,R0lGODlhAQABAIAAAAAAAP\/\/\/yH5BAEAAAAALAAAAAABAAEAAAIBRAA7\" loading=\"eager\" alt=\"Sylvi Listhaug, Sigve Bolstad og Ole J\u00f8rgen Arvesen i debatt i dagsnytt 18 om at svenske gjenger etablerer seg i Norge. \" title=\"Foto: Aurora Ytreberg Mel\u00f8e \/ NRK\"\/><\/p>\n<p class=\"\">Ole J\u00f8rgen Arvesen, leder av avdeling for etterforskning og etterretning i Kripos. <\/p>\n<p>Foto: Aurora Ytreberg Mel\u00f8e \/ NRK<\/p>\n<p><strong>\u2013 Det psykologiske presset og trusler som har oppst\u00e5tt i etterkant av en hendelse, det har vi ogs\u00e5 sett i Norge, sier Ole J\u00f8rgen Arvesen i Kripos til NRK.<\/strong><\/p>\n<p>If\u00f8lge rapporten finnes det tilfeller hvor ungdommer har blitt utsatt for trusler gjennom fysisk oppm\u00f8te, verbalt i talemeldinger eller skriftlig via krypterte plattformer.<\/p>\n<p>\u2013 Det kan jo v\u00e6re trusler om at de skal g\u00e5 etter vedkommende selv, eller vedkommendes familie, eller det kan v\u00e6re at man blir b\u00f8telagt. At hvis man ikke gj\u00f8r det man er blitt enige om, s\u00e5 f\u00e5r man en bot, sier Arvesen.<\/p>\n<p>Fikk mulighet til \u00e5 \u00abgj\u00f8re opp for seg\u00bb<\/p>\n<p>2025 har v\u00e6rt preget av flere saker hvor<a href=\"https:\/\/www.nrk.no\/norge\/xl\/minst-20-norske-ungdommer-knyttes-til-voldsoppdrag-i-2025-1.17596988\" ec-id=\"pp:article:1.17596988\" ec-name=\"mindre\u00e5rige har tatt p\u00e5 seg voldsoppdrag p\u00e5 vegne av kriminelle akt\u00f8rer.\" rel=\"nofollow noopener\" target=\"_blank\"> mindre\u00e5rige har tatt p\u00e5 seg voldsoppdrag p\u00e5 vegne av kriminelle akt\u00f8rer.<\/a> Flere av dem mener politiet har f\u00e5tt oppdrag av svenske kriminelle. De yngste barna politiet har sett, <a href=\"https:\/\/www.nrk.no\/ostfold\/nrk-erfarer_-tre-gutter-innbrakt-etter-hendelse-i-sarpsborg-_-kobles-til-granatsaken-i-oslo-1.17593133\" target=\"_blank\" ec-id=\"pp:article:1.17593133\" ec-name=\"er i 12-\u00e5rsalderen.\" rel=\"nofollow noopener\">er i 12-\u00e5rsalderen. <\/a><\/p>\n<p>Kripos kaller dette violence as a service, eller vold som handelsvare (VAAS).<\/p>\n<p>Ulike begrep<\/p>\n<p><strong>\u00abCrime as a service\u00bb<\/strong> er et paraplybegrep for all type kriminalitet som utf\u00f8res p\u00e5 oppdrag fra andre.<\/p>\n<p><strong>\u00abViolence as a service\u00bb<\/strong> beskriver kriminalitet der voldsoppdrag blir bestilt. Ofte er det unge gjerningspersoner som utf\u00f8rer volden.<\/p>\n<p>I rapporten kommer det frem at de unge voldsut\u00f8verne behandles som engangsressurser av kriminelle nettverk.<\/p>\n<p>\u2013 Rapporten viser at de kriminelle nettverkene har en kynisk bruk og kast-mentalitet overfor ungdom som rekrutteres til \u00e5 beg\u00e5 voldshandlinger, sier Arvesen.<\/p>\n<p>De som ikke p\u00e5gripes med en gang, benyttes i nye oppdrag.<\/p>\n<p>Kripos omtaler et annet eksempel i rapporten, om en ten\u00e5ring som trakk seg p\u00e5 vei til gjerningsstedet i det f\u00f8rste oppdraget hen fikk:<\/p>\n<p>\u00abSenere fikk vedkommende en sentral rolle i tilretteleggingen av et annet voldsoppdrag. Det er usikkert hvorfor vedkommende gikk fra ut\u00f8ver til tilrettelegger, men tilgjengelig kommunikasjon mellom partene tyder p\u00e5 at han ble tilbudt \u00e5 \u00abgj\u00f8re opp for seg\u00bb ovenfor Foxtrot ved \u00e5 ta nye oppdrag.\u00bb<\/p>\n<p><img decoding=\"async\"   src=\"data:image\/gif;base64,R0lGODlhAQABAIAAAAAAAP\/\/\/yH5BAEAAAAALAAAAAABAAEAAAIBRAA7\" loading=\"eager\" alt=\"Et skjermbilde av en samtale der Foxtrot tilbyr jobb \" title=\"Foto: Kripos\"\/><\/p>\n<p class=\"\">Dette er eksempler p\u00e5 jobbannonser som kriminelle nettverk har lagt ut.<\/p>\n<p>Foto: Kripos<\/p>\n<p>Mener de har avverget 30 konkrete oppdrag<\/p>\n<p>Kripos mener de har avverget om lag 30 planlagte voldsoppdrag i \u00e5r.<\/p>\n<p><strong>Unge gutter har blitt p\u00e5grepet, innbrakt og mistenkt for \u00e5 ha p\u00e5tatt seg avbrutte oppdrag i hele landet:<\/strong><\/p>\n<p>I flere av sakene har Kripos unders\u00f8kt om de rekrutterte ungdommene er utsatt for vold eller trusler f\u00f8r, under eller etter voldsoppdrag. Dette har man sett flere eksempler p\u00e5 i Sverige.<\/p>\n<p><strong>Kripos mener ikke \u00e5 ha sett eksempler p\u00e5 fysisk vold mot ut\u00f8vere som har mislyktes eller trukket seg fra oppdraget de har f\u00e5tt. Samtidig mener de det trolig er store m\u00f8rketall.<\/strong><\/p>\n<p>\u2013 I hvilken grad frykter dere at denne utviklingen vi har sett i Sverige, vil kunne komme til Norge?<\/p>\n<p>\u2013 Disse kriminelle akt\u00f8rene bryr seg ikke s\u00e5 mye om grenser, men mer om markeder. S\u00e5 det er ikke s\u00e5nn at et problem starter eller slutter p\u00e5 den norsk-svenske grensa, sier Arvesen i Kripos, og legger til:<\/p>\n<p>\u2013 V\u00e5r vurdering er at det er en h\u00f8yst reell risiko for at lignende ting kan skje i Norge.<\/p>\n<p>\u00abSentral strategi\u00bb<\/p>\n<p>Truslene mot familie og n\u00e6re formidles som regel til ut\u00f8veren, men Kripos har ogs\u00e5 sett eksempler p\u00e5 at det er rettet direkte mot de n\u00e6rst\u00e5ende, if\u00f8lge rapporten.<\/p>\n<p>Bruken av barn og unge beskrives som en sentral strategi for de kriminelle akt\u00f8rene.<\/p>\n<p>\u2013 Ungdommene gir nettverkene og bakmenn et handlingsrom og en rekkevidde for \u00e5 markere tilstedev\u00e6relse over geografiske omr\u00e5der hvor de ikke selv befinner seg. Vi som samfunn m\u00e5 sl\u00e5 ring rundt disse ungdommene, sier Arvesen.<\/p>\n<p>Kripos mener ogs\u00e5 at ungdommer f\u00f8ler at de ikke har noe valg, etter \u00e5 ha kommet i kontakt med kriminelle nettverk.<\/p>\n<p><strong>\u00abDersom valget st\u00e5r mellom \u00e5 bryte loven eller bli utsatt for voldskapabiliteten til de kriminelle nettverkene, s\u00e5 velger de heller \u00e5 bryte loven\u00bb, heter det i rapporten.<\/strong><\/p>\n<p>Publisert<\/p>\n<p>20.12.2025, kl. 11.58<\/p>\n","protected":false},"excerpt":{"rendered":"Saken oppsummert \u2022 Ungdom som trekker seg fra oppdrag utsettes for alvorlige trusler, inkludert mot deres familier, og&hellip;\n","protected":false},"author":2,"featured_media":54971,"comment_status":"","ping_status":"","sticky":false,"template":"","format":"standard","meta":{"footnotes":""},"categories":[5],"tags":[20,21,24,25,15,19,22,23,17,18,13,30,28,29,14,16,26,27],"class_list":{"0":"post-118127","1":"post","2":"type-post","3":"status-publish","4":"format-standard","5":"has-post-thumbnail","7":"category-overskrifter","8":"tag-breaking-news","9":"tag-breakingnews","10":"tag-featured-news","11":"tag-featurednews","12":"tag-headlines","13":"tag-hovedoppslag","14":"tag-latest-news","15":"tag-latestnews","16":"tag-main-news","17":"tag-mainnews","18":"tag-news","19":"tag-no","20":"tag-norge","21":"tag-norway","22":"tag-nyheter","23":"tag-overskrifter","24":"tag-top-stories","25":"tag-topstories"},"share_on_mastodon":{"url":"https:\/\/pubeurope.com\/@no\/115751666515121617","error":""},"_links":{"self":[{"href":"https:\/\/www.europesays.com\/no\/wp-json\/wp\/v2\/posts\/118127","targetHints":{"allow":["GET"]}}],"collection":[{"href":"https:\/\/www.europesays.com\/no\/wp-json\/wp\/v2\/posts"}],"about":[{"href":"https:\/\/www.europesays.com\/no\/wp-json\/wp\/v2\/types\/post"}],"author":[{"embeddable":true,"href":"https:\/\/www.europesays.com\/no\/wp-json\/wp\/v2\/users\/2"}],"replies":[{"embeddable":true,"href":"https:\/\/www.europesays.com\/no\/wp-json\/wp\/v2\/comments?post=118127"}],"version-history":[{"count":0,"href":"https:\/\/www.europesays.com\/no\/wp-json\/wp\/v2\/posts\/118127\/revisions"}],"wp:featuredmedia":[{"embeddable":true,"href":"https:\/\/www.europesays.com\/no\/wp-json\/wp\/v2\/media\/54971"}],"wp:attachment":[{"href":"https:\/\/www.europesays.com\/no\/wp-json\/wp\/v2\/media?parent=118127"}],"wp:term":[{"taxonomy":"category","embeddable":true,"href":"https:\/\/www.europesays.com\/no\/wp-json\/wp\/v2\/categories?post=118127"},{"taxonomy":"post_tag","embeddable":true,"href":"https:\/\/www.europesays.com\/no\/wp-json\/wp\/v2\/tags?post=118127"}],"curies":[{"name":"wp","href":"https:\/\/api.w.org\/{rel}","templated":true}]}}