{"id":11813,"date":"2025-08-19T02:56:39","date_gmt":"2025-08-19T02:56:39","guid":{"rendered":"https:\/\/www.europesays.com\/no\/11813\/"},"modified":"2025-08-19T02:56:39","modified_gmt":"2025-08-19T02:56:39","slug":"leder-stortingsvalget-2025-65-prosent-stemmer-pa-de-andre","status":"publish","type":"post","link":"https:\/\/www.europesays.com\/no\/11813\/","title":{"rendered":"Leder, Stortingsvalget 2025 | 6,5 prosent stemmer p\u00e5 \u00abde andre\u00bb"},"content":{"rendered":"\n<p>Godt over halvparten av velgerne i valgkretsen v\u00e5r sier de vil stemme p\u00e5 Arbeiderpartiet (27,4 prosent) eller Fremskrittspartiet (26,6 prosent), if\u00f8lge <a rel=\"Follow nofollow noopener\" href=\"https:\/\/www.nordlys.no\/seiler-opp-som-utfordrer-helt-konge\/s\/5-34-2203391\" target=\"_blank\">den siste Nordlys-m\u00e5lingen<\/a>.<\/p>\n<p>Skulle dette bli valgresultatet, tar de to st\u00f8rste f\u00e5 fire av fem direktemandater i Troms. H\u00f8yre (8,6 prosent) ligger best an til \u00e5 ta det femte og siste direktemandatet, men plassen er langt ifra sikret.<\/p>\n<p>Det er flere variabler som avgj\u00f8r hvem som f\u00e5r utjevningsmandatet, men mye tyder p\u00e5 at det enten blir R\u00f8dt (8,3 prosent), SV (7,7 prosent) eller Senterpartiet (6,4 prosent).<\/p>\n<p><b>Selv om det ligger an til at kun fire partier utgj\u00f8r Troms-benken i neste periode, tyder mye p\u00e5 at alle partiene p\u00e5 Stortinget i dag fortsatt vil v\u00e6re representert etter valget. Pasientfokus er nok n\u00e6rmest \u00e5 ryke ut, med sin ene representant.<\/b><\/p>\n<p>Det skal imidlertid mye til f\u00f8r vi f\u00e5r nye partier inn p\u00e5 Stortinget. Likevel er det mange som er villige til \u00e5 stemme p\u00e5 et parti som p\u00e5 meningsm\u00e5lingene tilh\u00f8rer sekkeposten \u00abandre\u00bb.<\/p>\n<p>S\u00e5 mange som 6,5 prosent av velgerne i Troms sier at de vil stemme p\u00e5 ett av minipartiene. Hver for seg er de sm\u00e5, men til sammen er de litt st\u00f8rre enn Senterpartiet.<\/p>\n<p>  <a href=\"https:\/\/www.nordnorskdebatt.no\/5-124-381269\" class=\"related-teaser has-image default-opinion-teaser article--c-eRUmMG article--c-eRUmMG-jKCPdD-design-default\" rel=\"nofollow noopener\" target=\"_blank\"><\/p>\n<p>    <img decoding=\"async\" loading=\"lazy\"  src=\"https:\/\/www.europesays.com\/no\/wp-content\/uploads\/2025\/08\/1755572199_75_Erlend_Svardal_B_e._Balsfjord._Helt_forferdelige_veier._Furudalsveien._Edmund__ystad._Nils_Arne_Joha.jpeg\" alt=\"\" class=\"brick-c-cFOWSL\" style=\"\"\/><\/p>\n<p>\n            Les ogs\u00e5<\/p>\n<p>              Erlend kan miste plassen \u2013 dette blir en thriller\n        <\/p>\n<p>  <\/a><\/p>\n<p>St\u00f8rst av de minste er Industri og N\u00e6ringspartiet (1,3 prosent p\u00e5 siste m\u00e5ling). Det er nok urettferdig \u00e5 sammenlikne INP med de aller minste, men veien fram til en plass p\u00e5 Stortinget er veldig lang ogs\u00e5 for dem.<\/p>\n<p><b>Siden forrige stortingsvalg har minipartiene \u00f8kt oppslutningen med godt over det dobbelte i Troms. Det betyr at de etablerte partiene mister velgere. Noen mer enn andre. <\/b><\/p>\n<p>Nasjonalt sliter for eksempel Kristelig Folkeparti med \u00e5 komme over sperregrensen, blant annet fordi KrF taper relativt mange stemmer til nye partier som Konservativt og Partiet Sentrum.<\/p>\n<p>Et annet mer lokalt eksempel er R\u00f8dt i Troms. Partiets f\u00f8rstekandidat Hanne Stenvaag har en reell sjanse til \u00e5 ta et direktemandat, men mangler 278 stemmer p\u00e5 siste m\u00e5ling. Dette er cirka like mange som sier de vil stemme p\u00e5 det nye partiet Fred og rettferdighet (FOR) i Troms, et nytt parti som vi kan anta har hentet en god del velgere fra nettopp R\u00f8dt.<\/p>\n<p>   <img decoding=\"async\" width=\"1200\" height=\"797\" fetchpriority=\"low\"  loading=\"lazy\"  src=\"https:\/\/www.europesays.com\/no\/wp-content\/uploads\/2025\/08\/Tom+Are+Nylund+pA5+gata_1.jpg\" alt=\"\" class=\"brick-c-cFOWSL\" style=\"--brick-image-ratio: 1200 \/ 797;\"\/><\/p>\n<p>    P\u00c5 TOPP: Offshorearbeideren Tom-Are Nylund fra Tran\u00f8ybotn p\u00e5 Senja er Industri- og N\u00e6ringspartiets toppkandidat til stortingsvalget. Det er f\u00f8rste gang partiet stiller liste i Troms, og partiet er n\u00e5 det st\u00f8rste av sm\u00e5partiene i fylket (1,3 prosent p\u00e5 siste m\u00e5ling).\u00a0 Bildet er tatt i februar i \u00e5r.<br \/>\n    Foto: Torgeir Br\u00e5then\n  <\/p>\n<p>N\u00e5 er det ikke meningen at folk skal stemme taktisk, men p\u00e5 det partiet man er mest enig med. Likevel er det ikke til \u00e5 komme forbi at en stemme til et miniparti ikke gir samme innflytelse p\u00e5 sammensetningen av Stortinget som en stemme til et mer etablert parti.<\/p>\n<p>For demokratiet er det en styrke at vi har et stort mangfold av partier, store som sm\u00e5, men det er ikke uproblematisk at en stor andel av stemmene g\u00e5r til partier som verken f\u00e5r plass eller innflytelse p\u00e5 Stortinget.<\/p>\n","protected":false},"excerpt":{"rendered":"Godt over halvparten av velgerne i valgkretsen v\u00e5r sier de vil stemme p\u00e5 Arbeiderpartiet (27,4 prosent) eller Fremskrittspartiet&hellip;\n","protected":false},"author":2,"featured_media":11814,"comment_status":"","ping_status":"","sticky":false,"template":"","format":"standard","meta":{"footnotes":""},"categories":[10],"tags":[36,20,21,24,25,15,22,23,246,13,30,28,29,14,1533,16,2392,475,26,27],"class_list":{"0":"post-11813","1":"post","2":"type-post","3":"status-publish","4":"format-standard","5":"has-post-thumbnail","7":"category-norge","8":"tag-art","9":"tag-breaking-news","10":"tag-breakingnews","11":"tag-featured-news","12":"tag-featurednews","13":"tag-headlines","14":"tag-latest-news","15":"tag-latestnews","16":"tag-leder","17":"tag-news","18":"tag-no","19":"tag-norge","20":"tag-norway","21":"tag-nyheter","22":"tag-opinion","23":"tag-overskrifter","24":"tag-smapartier","25":"tag-stortingsvalget-2025","26":"tag-top-stories","27":"tag-topstories"},"share_on_mastodon":{"url":"","error":""},"_links":{"self":[{"href":"https:\/\/www.europesays.com\/no\/wp-json\/wp\/v2\/posts\/11813","targetHints":{"allow":["GET"]}}],"collection":[{"href":"https:\/\/www.europesays.com\/no\/wp-json\/wp\/v2\/posts"}],"about":[{"href":"https:\/\/www.europesays.com\/no\/wp-json\/wp\/v2\/types\/post"}],"author":[{"embeddable":true,"href":"https:\/\/www.europesays.com\/no\/wp-json\/wp\/v2\/users\/2"}],"replies":[{"embeddable":true,"href":"https:\/\/www.europesays.com\/no\/wp-json\/wp\/v2\/comments?post=11813"}],"version-history":[{"count":0,"href":"https:\/\/www.europesays.com\/no\/wp-json\/wp\/v2\/posts\/11813\/revisions"}],"wp:featuredmedia":[{"embeddable":true,"href":"https:\/\/www.europesays.com\/no\/wp-json\/wp\/v2\/media\/11814"}],"wp:attachment":[{"href":"https:\/\/www.europesays.com\/no\/wp-json\/wp\/v2\/media?parent=11813"}],"wp:term":[{"taxonomy":"category","embeddable":true,"href":"https:\/\/www.europesays.com\/no\/wp-json\/wp\/v2\/categories?post=11813"},{"taxonomy":"post_tag","embeddable":true,"href":"https:\/\/www.europesays.com\/no\/wp-json\/wp\/v2\/tags?post=11813"}],"curies":[{"name":"wp","href":"https:\/\/api.w.org\/{rel}","templated":true}]}}