{"id":118130,"date":"2025-12-20T11:35:09","date_gmt":"2025-12-20T11:35:09","guid":{"rendered":"https:\/\/www.europesays.com\/no\/118130\/"},"modified":"2025-12-20T11:35:09","modified_gmt":"2025-12-20T11:35:09","slug":"ulykker-og-hendelser-trafikk-lastebil-av-vegen-forer-til-legevakt","status":"publish","type":"post","link":"https:\/\/www.europesays.com\/no\/118130\/","title":{"rendered":"Ulykker og hendelser, Trafikk | Lastebil av vegen \u2013 f\u00f8rer til legevakt"},"content":{"rendered":"\n<p>Selve trafikkuhellet skal ha skjedd rundt 07.50. <\/p>\n<p>Det er snakk om en lastebil som har kj\u00f8rt av i Fjellvegen i V\u00e5g\u00e5. Politiet skriver at f\u00f8reren sendes til lokal legevakt i ambulanse for en sjekk. <\/p>\n<p>Politiet er fortsatt p\u00e5 stedet og bergingsbil er p\u00e5 veg. <\/p>\n<p>Like over klokken 10 skriver politiet at de er ferdig p\u00e5 stedet og oppretter sak. <\/p>\n<p>\u2013 Bilberging er straks framme, og bilister m\u00e5 trolig forvente stengt veg i enkelte tidsrom n\u00e5r dette starter opp, skriver de. <\/p>\n","protected":false},"excerpt":{"rendered":"Selve trafikkuhellet skal ha skjedd rundt 07.50. Det er snakk om en lastebil som har kj\u00f8rt av i&hellip;\n","protected":false},"author":2,"featured_media":118131,"comment_status":"","ping_status":"","sticky":false,"template":"","format":"standard","meta":{"footnotes":""},"categories":[10],"tags":[36,20,21,24,25,15,22,23,13,30,28,29,14,16,1510,26,27,224,941,1102],"class_list":{"0":"post-118130","1":"post","2":"type-post","3":"status-publish","4":"format-standard","5":"has-post-thumbnail","7":"category-norge","8":"tag-art","9":"tag-breaking-news","10":"tag-breakingnews","11":"tag-featured-news","12":"tag-featurednews","13":"tag-headlines","14":"tag-latest-news","15":"tag-latestnews","16":"tag-news","17":"tag-no","18":"tag-norge","19":"tag-norway","20":"tag-nyheter","21":"tag-overskrifter","22":"tag-story","23":"tag-top-stories","24":"tag-topstories","25":"tag-trafikk","26":"tag-ulykker-og-hendelser","27":"tag-vaga"},"share_on_mastodon":{"url":"https:\/\/pubeurope.com\/@no\/115751690180640378","error":""},"_links":{"self":[{"href":"https:\/\/www.europesays.com\/no\/wp-json\/wp\/v2\/posts\/118130","targetHints":{"allow":["GET"]}}],"collection":[{"href":"https:\/\/www.europesays.com\/no\/wp-json\/wp\/v2\/posts"}],"about":[{"href":"https:\/\/www.europesays.com\/no\/wp-json\/wp\/v2\/types\/post"}],"author":[{"embeddable":true,"href":"https:\/\/www.europesays.com\/no\/wp-json\/wp\/v2\/users\/2"}],"replies":[{"embeddable":true,"href":"https:\/\/www.europesays.com\/no\/wp-json\/wp\/v2\/comments?post=118130"}],"version-history":[{"count":0,"href":"https:\/\/www.europesays.com\/no\/wp-json\/wp\/v2\/posts\/118130\/revisions"}],"wp:featuredmedia":[{"embeddable":true,"href":"https:\/\/www.europesays.com\/no\/wp-json\/wp\/v2\/media\/118131"}],"wp:attachment":[{"href":"https:\/\/www.europesays.com\/no\/wp-json\/wp\/v2\/media?parent=118130"}],"wp:term":[{"taxonomy":"category","embeddable":true,"href":"https:\/\/www.europesays.com\/no\/wp-json\/wp\/v2\/categories?post=118130"},{"taxonomy":"post_tag","embeddable":true,"href":"https:\/\/www.europesays.com\/no\/wp-json\/wp\/v2\/tags?post=118130"}],"curies":[{"name":"wp","href":"https:\/\/api.w.org\/{rel}","templated":true}]}}