{"id":118134,"date":"2025-12-20T11:39:10","date_gmt":"2025-12-20T11:39:10","guid":{"rendered":"https:\/\/www.europesays.com\/no\/118134\/"},"modified":"2025-12-20T11:39:10","modified_gmt":"2025-12-20T11:39:10","slug":"forskere-har-oppdaget-noe-pa-den-oransje-ismanen-som-kan-ha-stor-betydning-for-jakten-pa-liv-i-vart-eget-solsystem","status":"publish","type":"post","link":"https:\/\/www.europesays.com\/no\/118134\/","title":{"rendered":"Forskere har oppdaget noe p\u00e5 den oransje ism\u00e5nen som kan ha stor betydning for jakten p\u00e5 liv i v\u00e5rt eget solsystem"},"content":{"rendered":"<p>Hvor er det mest sannsynlig at vi finner ikke-jordisk liv i solsystemet v\u00e5rt?<\/p>\n<p>Hvis du stiller dette sp\u00f8rsm\u00e5let til en astronom, vil vedkommende sannsynligvis raskt nevne Saturns ism\u00e5ne Titan.<\/p>\n<p>M\u00e5nen har en tykk atmosf\u00e6re som beskytter overflaten mot str\u00e5ling fra verdensrommet, og den er den eneste verdenen i solsystemet, utenom jorden, som har flytende innsj\u00f8er og elver p\u00e5 overflaten. Men de er av metan og etan i stedet for vann.<\/p>\n<p>Under isen som dekker m\u00e5nens overflate, finnes trolig rikelig med vann \u2013 forskere har i \u00e5revis ment at det skjuler seg et enormt hav der nede.<\/p>\n<p>Men forskere fra University of Washington utfordrer n\u00e5 denne antagelsen med en ny studie.<\/p>\n<p>Og det kan f\u00e5 stor betydning for hvordan vi i fremtiden skal lete etter liv i verdensrommet.<\/p>\n","protected":false},"excerpt":{"rendered":"Hvor er det mest sannsynlig at vi finner ikke-jordisk liv i solsystemet v\u00e5rt? Hvis du stiller dette sp\u00f8rsm\u00e5let&hellip;\n","protected":false},"author":2,"featured_media":118135,"comment_status":"","ping_status":"","sticky":false,"template":"","format":"standard","meta":{"footnotes":""},"categories":[57],"tags":[30,28,29,65,63,64,66,70,69,67,68],"class_list":{"0":"post-118134","1":"post","2":"type-post","3":"status-publish","4":"format-standard","5":"has-post-thumbnail","7":"category-vitenskap-og-teknologi","8":"tag-no","9":"tag-norge","10":"tag-norway","11":"tag-science","12":"tag-science-and-technology","13":"tag-scienceandtechnology","14":"tag-technology","15":"tag-teknologi","16":"tag-vitenskap","17":"tag-vitenskap-og-teknologi","18":"tag-vitenskapteknologi"},"share_on_mastodon":{"url":"https:\/\/pubeurope.com\/@no\/115751705860260377","error":""},"_links":{"self":[{"href":"https:\/\/www.europesays.com\/no\/wp-json\/wp\/v2\/posts\/118134","targetHints":{"allow":["GET"]}}],"collection":[{"href":"https:\/\/www.europesays.com\/no\/wp-json\/wp\/v2\/posts"}],"about":[{"href":"https:\/\/www.europesays.com\/no\/wp-json\/wp\/v2\/types\/post"}],"author":[{"embeddable":true,"href":"https:\/\/www.europesays.com\/no\/wp-json\/wp\/v2\/users\/2"}],"replies":[{"embeddable":true,"href":"https:\/\/www.europesays.com\/no\/wp-json\/wp\/v2\/comments?post=118134"}],"version-history":[{"count":0,"href":"https:\/\/www.europesays.com\/no\/wp-json\/wp\/v2\/posts\/118134\/revisions"}],"wp:featuredmedia":[{"embeddable":true,"href":"https:\/\/www.europesays.com\/no\/wp-json\/wp\/v2\/media\/118135"}],"wp:attachment":[{"href":"https:\/\/www.europesays.com\/no\/wp-json\/wp\/v2\/media?parent=118134"}],"wp:term":[{"taxonomy":"category","embeddable":true,"href":"https:\/\/www.europesays.com\/no\/wp-json\/wp\/v2\/categories?post=118134"},{"taxonomy":"post_tag","embeddable":true,"href":"https:\/\/www.europesays.com\/no\/wp-json\/wp\/v2\/tags?post=118134"}],"curies":[{"name":"wp","href":"https:\/\/api.w.org\/{rel}","templated":true}]}}