{"id":118138,"date":"2025-12-20T11:43:10","date_gmt":"2025-12-20T11:43:10","guid":{"rendered":"https:\/\/www.europesays.com\/no\/118138\/"},"modified":"2025-12-20T11:43:10","modified_gmt":"2025-12-20T11:43:10","slug":"ser-at-hun-er-misfornoyd","status":"publish","type":"post","link":"https:\/\/www.europesays.com\/no\/118138\/","title":{"rendered":"\u2013 Ser at hun er misforn\u00f8yd"},"content":{"rendered":"\n<p class=\"_lead_o9xde_2 _lead_xtcu6_50 layout-component text-serif-m layout-normal text-serif-l layout-component layout-wide layout-padded _wide_17hqh_1 layout-padded\">Lindsey Vonn (41) leverer prestasjoner nesten p\u00e5 niv\u00e5 med sine glansdager, men var likevel tydelig misforn\u00f8yd etter rennet i Frankrike.<\/p>\n<p> <img class=\"_image_qp4xg_65 layout-component layout-wide\" data-fullscreen- data-track-element-type=\"Article image fullscreen\" data-track-name=\"ImageFullscreen\" fetchpriority=\"high\" decoding=\"sync\" loading=\"eager\" height=\"102\" itemprop=\"image\"  src=\"https:\/\/www.europesays.com\/no\/wp-content\/uploads\/2025\/12\/5750328a472c792c936d36d04215d727.jpg\"  style=\"object-position:50% 50%;aspect-ratio:1.75;height:auto;object-fit:cover;width:100%\" width=\"102\"\/>  <\/p>\n<ul aria-hidden=\"true\" class=\"_images_ntbth_112\">\n<li><a class=\"_link_ntbth_117\" href=\"https:\/\/www.vg.no\/forfatter\/sindre-espe\" style=\"z-index:1\" title=\"Sindre Espe\" rel=\"nofollow noopener\" target=\"_blank\"><img alt=\"Bilde av Sindre Espe\" class=\"_image_ntbth_93\" fetchpriority=\"low\" loading=\"lazy\" decoding=\"async\" itemprop=\"image\"  src=\"https:\/\/www.europesays.com\/no\/wp-content\/uploads\/2025\/12\/1766230990_470_5d41d29b-af5f-421d-80e6-42e6d80fe76e\"  width=\"480\"\/><\/a><\/li>\n<\/ul>\n<p> Oppdatert l\u00f8rdag 20. desember kl. 12:01     <\/p>\n<p class=\"_paragraph_o9xde_4 _paragraph_xtcu6_10 layout-component text-serif-m layout-normal text-serif-m layout-padded\">\u2013 Vi ser at hun er misforn\u00f8yd. Hun vil vinne! kommenterte Viaplay-ekspert Kjetil Andr\u00e9 Aamodt da Vonn s\u00e5 navnet sitt p\u00e5 annenplass etter m\u00e5lgang i utforrennet i Val d\u2019Is\u00e8re.<\/p>\n<p class=\"_paragraph_o9xde_4 _paragraph_xtcu6_10 layout-component text-serif-m layout-normal text-serif-m layout-padded\">Vonn slo ut med armene og ristet p\u00e5 hodet i m\u00e5lomr\u00e5det. <\/p>\n<p class=\"_paragraph_o9xde_4 _paragraph_xtcu6_10 layout-component text-serif-m layout-normal text-serif-m layout-padded\">Vonn ledet l\u00f8pet halvveis, men m\u00e5tte til slutt se seg sl\u00e5tt med ni hundredeler av tyske Kira Weidle-Winkelmann.<\/p>\n<p class=\"_paragraph_o9xde_4 _paragraph_xtcu6_10 layout-component text-serif-m layout-normal text-serif-m layout-padded\">\u2013 Hun taper litt for mye i de rette strekkene, sa Aamodt. <\/p>\n<p class=\"_paragraph_o9xde_4 _paragraph_xtcu6_10 layout-component text-serif-m layout-normal text-serif-m layout-padded\"><strong class=\"_strong_o9xde_25\">Like etter kj\u00f8rte \u00f8sterrikske Cornelia H\u00fctter inn til en ny bestetid \u2013 26 hundredeler foran Weidle-Winkelmann og 35 foran Vonn. Ingen klarte \u00e5 tukte de tre.<\/strong><\/p>\n<p>Foto: Christian Hartmann \/ Reuters \/ NTB<\/p>\n<p class=\"_paragraph_o9xde_4 _paragraph_xtcu6_10 layout-component text-serif-m layout-normal text-serif-m layout-padded\">Den amerikanske legenden jaktet sin 84. verdenscupseier da alpinkvinnene kj\u00f8rte nye fartsrenn i Frankrike. <\/p>\n<p class=\"_paragraph_o9xde_4 _paragraph_xtcu6_10 layout-component text-serif-m layout-normal text-serif-m layout-padded\">I forrige uke skrev <a href=\"https:\/\/www.vg.no\/sport\/i\/pB6EmG\/lindsey-vonn-41-leder-suverent-i-st-moritz-hvordan-er-det-mulig\" data-track-element-type=\"Link\" data-track-id=\"link:pB6EmG\" class=\"_link_o9xde_39\" rel=\"nofollow noopener\" target=\"_blank\">41-\u00e5ringen historie<\/a> da hun vant sitt 83. verdenscuprenn \u2013 hennes f\u00f8rste etter comebacket.<\/p>\n<p class=\"_paragraph_o9xde_4 _paragraph_xtcu6_10 layout-component text-serif-m layout-normal text-serif-m layout-padded\">I de to utforrennene i sveitsiske St. Moritz ble hun nummer \u00e9n og to \u2013 det f\u00f8rste med over ett sekunds seiersmargin. I super-G kj\u00f8rte endte hun p\u00e5 fjerdeplass.<\/p>\n<p class=\"_paragraph_o9xde_4 _paragraph_xtcu6_10 layout-component text-serif-m layout-normal text-serif-m layout-padded\">Vonn har Aksel Lund Svindal i trenerteamet sitt:<\/p>\n<p class=\"_paragraph_o9xde_4 _paragraph_xtcu6_10 layout-component text-serif-m layout-normal text-serif-m layout-padded\">Marte Monsen og Kajsa Vickhoff Lie var Norges to h\u00e5p i utforrennet. Begge \u00e5pnet godt, men tapte jevnt og trutt nedover. <\/p>\n<p class=\"_paragraph_o9xde_4 _paragraph_xtcu6_10 layout-component text-serif-m layout-normal text-serif-m layout-padded\">Ved m\u00e5lgang var Monsen og Vickhoff Lie henholdsvis 1,38 og 1,39 sekunder bak H\u00fctter.<\/p>\n<p class=\"_paragraph_o9xde_4 _paragraph_xtcu6_10 layout-component text-serif-m layout-normal text-serif-m layout-padded\">\u2013 Det stopper litt for Kajsa n\u00e5. Gjennomsnittsfarten blir for lav for tiden, kommenterte Aamodt og poengterte at det norske h\u00e5pet sliter med \u00e5 n\u00e5 like h\u00f8ye hastigheter som konkurrentene. <\/p>\n<p class=\"_paragraph_o9xde_4 _paragraph_xtcu6_10 layout-component text-serif-m layout-normal text-serif-m layout-padded\">S\u00f8ndag kl. 11 st\u00e5r super-G p\u00e5 programmet for alpinkvinnene. <\/p>\n<p class=\"_paragraph_o9xde_4 _paragraph_xtcu6_10 layout-component text-serif-m layout-normal layout-padded\"><strong class=\"_strong_o9xde_25\">Les ogs\u00e5:<\/strong> <a href=\"https:\/\/www.vg.no\/i\/d4d6Rw\" data-track-element-type=\"Link\" data-track-id=\"link:d4d6Rw\" class=\"_link_o9xde_39\" rel=\"nofollow noopener\" target=\"_blank\">M\u00e5 krysse Hardangervidda p\u00e5 ski etter veddem\u00e5l: \u2013 Blir helt grusomt<\/a><\/p>\n","protected":false},"excerpt":{"rendered":"Lindsey Vonn (41) leverer prestasjoner nesten p\u00e5 niv\u00e5 med sine glansdager, men var likevel tydelig misforn\u00f8yd etter rennet&hellip;\n","protected":false},"author":2,"featured_media":118139,"comment_status":"","ping_status":"","sticky":false,"template":"","format":"standard","meta":{"footnotes":""},"categories":[5],"tags":[249,20,21,24,25,15,19,9805,22,23,247,17,18,13,30,28,29,14,16,26,27,399],"class_list":{"0":"post-118138","1":"post","2":"type-post","3":"status-publish","4":"format-standard","5":"has-post-thumbnail","7":"category-overskrifter","8":"tag-alpint","9":"tag-breaking-news","10":"tag-breakingnews","11":"tag-featured-news","12":"tag-featurednews","13":"tag-headlines","14":"tag-hovedoppslag","15":"tag-kajsa-vickhoff-lie","16":"tag-latest-news","17":"tag-latestnews","18":"tag-lindsey-vonn","19":"tag-main-news","20":"tag-mainnews","21":"tag-news","22":"tag-no","23":"tag-norge","24":"tag-norway","25":"tag-nyheter","26":"tag-overskrifter","27":"tag-top-stories","28":"tag-topstories","29":"tag-vintersport"},"share_on_mastodon":{"url":"https:\/\/pubeurope.com\/@no\/115751721941523973","error":""},"_links":{"self":[{"href":"https:\/\/www.europesays.com\/no\/wp-json\/wp\/v2\/posts\/118138","targetHints":{"allow":["GET"]}}],"collection":[{"href":"https:\/\/www.europesays.com\/no\/wp-json\/wp\/v2\/posts"}],"about":[{"href":"https:\/\/www.europesays.com\/no\/wp-json\/wp\/v2\/types\/post"}],"author":[{"embeddable":true,"href":"https:\/\/www.europesays.com\/no\/wp-json\/wp\/v2\/users\/2"}],"replies":[{"embeddable":true,"href":"https:\/\/www.europesays.com\/no\/wp-json\/wp\/v2\/comments?post=118138"}],"version-history":[{"count":0,"href":"https:\/\/www.europesays.com\/no\/wp-json\/wp\/v2\/posts\/118138\/revisions"}],"wp:featuredmedia":[{"embeddable":true,"href":"https:\/\/www.europesays.com\/no\/wp-json\/wp\/v2\/media\/118139"}],"wp:attachment":[{"href":"https:\/\/www.europesays.com\/no\/wp-json\/wp\/v2\/media?parent=118138"}],"wp:term":[{"taxonomy":"category","embeddable":true,"href":"https:\/\/www.europesays.com\/no\/wp-json\/wp\/v2\/categories?post=118138"},{"taxonomy":"post_tag","embeddable":true,"href":"https:\/\/www.europesays.com\/no\/wp-json\/wp\/v2\/tags?post=118138"}],"curies":[{"name":"wp","href":"https:\/\/api.w.org\/{rel}","templated":true}]}}