{"id":118144,"date":"2025-12-20T11:50:08","date_gmt":"2025-12-20T11:50:08","guid":{"rendered":"https:\/\/www.europesays.com\/no\/118144\/"},"modified":"2025-12-20T11:50:08","modified_gmt":"2025-12-20T11:50:08","slug":"narvik-kan-bli-ein-flaskehals-for-noreg-og-nato-i-krise-og-krig-nrk-nordland","status":"publish","type":"post","link":"https:\/\/www.europesays.com\/no\/118144\/","title":{"rendered":"Narvik kan bli ein flaskehals for Noreg og Nato i krise og krig \u2013 NRK Nordland"},"content":{"rendered":"<p>Narvik vil spele ei viktig rolle for Noreg og Nato i ei eventuell krise- eller krigssituasjon i nord.<\/p>\n<p>Opptil 80 prosent av allierte styrkar vil nemleg kome til malmbyen i ein krigssituasjon.<\/p>\n<p>Men ein ny rapport viser at Narvik ligg an til \u00e5 bli ein flaskehals om det skulle skje.<\/p>\n<p>\u00c5rsaka er Ofotbanen, E6 og hamna.<\/p>\n<p>\u2013 For at Narvik ikkje skal vere ein flaskehals for Noregs beredskap og Nordflanken m\u00e5 det investerast mykje, seier ein av forfattarane av rapporten.<\/p>\n<p><img decoding=\"async\"   src=\"data:image\/gif;base64,R0lGODlhAQABAIAAAAAAAP\/\/\/yH5BAEAAAAALAAAAAABAAEAAAIBRAA7\" loading=\"eager\" alt=\"soldater i hvit kamuflasje i hvitt landskap. \" title=\"Foto: Karelius Heitmann\/Forsvaret\"\/><\/p>\n<p class=\"\">Soldatar fr\u00e5 allierte styrkar har fleire gonger vore i omr\u00e5da rundt Narvik. <\/p>\n<p>Foto: Karelius Heitmann\/Forsvaret<\/p>\n<p>\u2013 M\u00e5 investere i veg, bane og hamn<\/p>\n<p>I april 2024 lossa det amerikanske forsvaret utstyr i hamna i Narvik.<\/p>\n<p>Det var ein del av <a href=\"https:\/\/www.nrk.no\/nordland\/amerikanske-haerstyrker-inntar-narvik-havn-i-forbindelse-med-ovelse-immediate-response-1.16855079\" ec-id=\"pp:article:1.16855079\" ec-name=\"Nato-\u00f8vinga \u00abImmediate response\u00bb\" rel=\"nofollow noopener\" target=\"_blank\">Nato-\u00f8vinga \u00abImmediate response\u00bb<\/a>. Men i ein ekte krise eller krig ville nettopp dette omr\u00e5det vore eit hinder.<\/p>\n<p><img decoding=\"async\"   src=\"data:image\/gif;base64,R0lGODlhAQABAIAAAAAAAP\/\/\/yH5BAEAAAAALAAAAAABAAEAAAIBRAA7\" loading=\"eager\" alt=\"US Army losser milit\u00e6rt utstyr i Narvik\" title=\"Foto: Lars-Bj\u00f8rn Martinsen \/ Lars-Bj\u00f8rn Martinsen\"\/><\/p>\n<p class=\"\">US Army lossar milit\u00e6rt utstyr i Narvik under ei \u00f8ving i fjor sommar.<\/p>\n<p>Foto: Lars-Bj\u00f8rn Martinsen \/ Lars-Bj\u00f8rn Martinsen<\/p>\n<p>Kapasiteten for \u00e5 ta imot allierte styrkar her er for d\u00e5rleg, if\u00f8lge ein fersk rapport fr\u00e5 r\u00e5dgjevingsselskapet PWC.<\/p>\n<p>\u2013 Det m\u00e5 bli investert b\u00e5de i betre kaikapasitet og ny infrastruktur for \u00e5 flytte materiale fr\u00e5 hamna til nord og aust, seier Anders Brun i PWC.<\/p>\n<p><strong>\u2013 Ein m\u00e5 investere b\u00e5de i veg, bane og hamn.<\/strong><\/p>\n<p>I ein krisesituasjon treng ein nemleg store areal for lagring av milit\u00e6rt materiell. N\u00e5r dette skal bli frakta austover krev det mykje av vegnett og jernbane.<\/p>\n<p>Meiner dobbeltspor til toget hastar<\/p>\n<p>I Narvik har ein lenge jobba med planar for \u00e5 betre infrastrukturen med til d\u00f8mes tunnel under sentrum og utbygging av hamna.<\/p>\n<p>I tillegg har dei lenge \u00f8nska <a href=\"https:\/\/www.nrk.no\/nordland\/ap-vil-fortsatt-bygge-nord-norgebanen_-hoyre-mener-det-blir-en-skattebombe-for-folk-flest-1.17268321\" ec-id=\"pp:article:1.17268321\" ec-name=\"dobbeltspor p\u00e5 Ofotbanen\" rel=\"nofollow noopener\" target=\"_blank\">dobbeltspor p\u00e5 Ofotbanen<\/a>.<\/p>\n<ul class=\"dhpg__gallery__list\">\n<li class=\"dhpg__gallery__listItem\"><img alt=\"Ordf\u00f8rer Rune Edvardsen (Ap) i Narvik. \"  width=\"2400\" height=\"2400\" loading=\"lazy\"\/>Rune Edvardsen<\/li>\n<\/ul>\n<p>\u2013 No m\u00e5 vi ha det, n\u00e5r den geopolitiske situasjonen har blitt som han har blitt, og ogs\u00e5 Nato og forsvaret har kome inn i biletet, seier han.<\/p>\n<p>Ordf\u00f8raren etterlyser betre samhandling mellom departementa om ein skal f\u00e5 dette til.<\/p>\n<p>\u2013 Sj\u00f8lv om samferdselsdepartementet meiner dei gjer godt nok, kva meiner forsvaret. For dei er det kanskje ikkje godt nok.<\/p>\n<ul class=\"dhpg__gallery__list\">\n<li class=\"dhpg__gallery__listItem\"><img alt=\"Direkt\u00f8r i Utdanningsetaten, Marte Gerhardsen\"  width=\"2400\" height=\"2400\" loading=\"lazy\"\/>Marte Gerhardsen\n<ul>\n<li>Statssekret\u00e6r i Forsvarsdepartementet fra Ap<\/li>\n<\/ul>\n<\/li>\n<\/ul>\n<p>Forsvarsdepartementet skriv til NRK at Nato no jobbar med \u00e5 kartleggje behov for infrastruktur, kapasitet og varer og tenester hos ulike vertsland.<\/p>\n<p>\u2013 Det er ikkje per i dag grunnlag for \u00e5 seie kva hamnar, flyplassar og liknande som b\u00f8r bli utbetra for \u00e5 oppfylle dei endelege krava til Nato.<\/p>\n<p>FFI: Ser mange svake punkt<\/p>\n<p>\u2013 Eg fryktar at for mange trur at tida er p\u00e5 v\u00e5r side. Det er ho ikkje. Tida for handling er no.<\/p>\n<p>Det sa generalsekret\u00e6ren i Nato, Mark Rutte, d\u00e5 han snakka p\u00e5 f\u00f8rre sikkerheitskonferanse i M\u00fcnchen i Tyskland.<\/p>\n<p><img decoding=\"async\"   src=\"data:image\/gif;base64,R0lGODlhAQABAIAAAAAAAP\/\/\/yH5BAEAAAAALAAAAAABAAEAAAIBRAA7\" loading=\"eager\" alt=\"Person i m\u00f8rk dress st\u00e5r mot en m\u00f8rk bl\u00e5 bakgrunn. H\u00e5nden er plassert n\u00e6r ansiktet i en tenkende stilling. (Bildebeskrivelsen er laget av en KI-tjeneste)\" title=\"Foto: Annegret Hilse \/ Reuters \/ NTB\"\/><\/p>\n<p class=\"\">Generalsekret\u00e6r Mark Rutte la trykk p\u00e5 at verda ikkje har mykje tid til \u00e5 f\u00f8rebu seg, d\u00e5 han snakka p\u00e5 sikkerheitskonferansen til Nato i februar.<\/p>\n<p>Foto: Annegret Hilse \/ Reuters \/ NTB<\/p>\n<p>Han sa at allierte m\u00e5tte f\u00f8rebu seg p\u00e5 krig innan fem \u00e5r. No har det snart g\u00e5tt eitt \u00e5r sidan konferansen.<\/p>\n<p>Sjefforskaren hos Forsvarets forskingsinstitutt (FFI) har analysert allierte mottak. Ho er einig i at det hastar med \u00e5 f\u00e5 bygd ut no.<\/p>\n<p>\u2013 Det hastar med \u00e5 f\u00e5 p\u00e5 plass robust infrastruktur for transport. Vi har mange hamnar, men infrastrukturen for veg har mange s\u00e5rbare punkt som bruer.<\/p>\n<ul class=\"dhpg__gallery__list\">\n<li class=\"dhpg__gallery__listItem\"><img alt=\"en kvinne med blondt h\u00e5r\"  width=\"2400\" height=\"2400\" loading=\"lazy\"\/>Gunn Alice Birkemo\n<ul>\n<li>Sjefsforsker ved\u00a0Forsvarets Forskingsinstitutt (FFI)<\/li>\n<\/ul>\n<\/li>\n<\/ul>\n<p>Forsvarets forskingsinstitutt (FFI) meiner mykje gjer den totale infrastrukturen i nord s\u00e5rbar om ein skal f\u00e5 fram milit\u00e6r beredskap.<\/p>\n<p>\u2013 Til d\u00f8mes vegen fr\u00e5 Narvik til Kiruna, som vil bli ein viktig transportkorridor i forbinding med eit alliert mottak er veldig s\u00e5rbar. Jernbanen har heller ikkje s\u00e6rleg mykje restkapasitet, seier Birkemo.<\/p>\n<p><strong>\u2013 Der hastar det er ein del, meiner eg.<\/strong><\/p>\n<p>Publisert<\/p>\n<p>20.12.2025, kl. 11.49<\/p>\n<p>Oppdatert<\/p>\n<p>20.12.2025, kl. 12.48<\/p>\n","protected":false},"excerpt":{"rendered":"Narvik vil spele ei viktig rolle for Noreg og Nato i ei eventuell krise- eller krigssituasjon i nord.&hellip;\n","protected":false},"author":2,"featured_media":118126,"comment_status":"","ping_status":"","sticky":false,"template":"","format":"standard","meta":{"footnotes":""},"categories":[5],"tags":[20,21,24,25,15,19,22,23,17,18,13,30,28,29,14,16,26,27],"class_list":{"0":"post-118144","1":"post","2":"type-post","3":"status-publish","4":"format-standard","5":"has-post-thumbnail","7":"category-overskrifter","8":"tag-breaking-news","9":"tag-breakingnews","10":"tag-featured-news","11":"tag-featurednews","12":"tag-headlines","13":"tag-hovedoppslag","14":"tag-latest-news","15":"tag-latestnews","16":"tag-main-news","17":"tag-mainnews","18":"tag-news","19":"tag-no","20":"tag-norge","21":"tag-norway","22":"tag-nyheter","23":"tag-overskrifter","24":"tag-top-stories","25":"tag-topstories"},"share_on_mastodon":{"url":"https:\/\/pubeurope.com\/@no\/115751749100797473","error":""},"_links":{"self":[{"href":"https:\/\/www.europesays.com\/no\/wp-json\/wp\/v2\/posts\/118144","targetHints":{"allow":["GET"]}}],"collection":[{"href":"https:\/\/www.europesays.com\/no\/wp-json\/wp\/v2\/posts"}],"about":[{"href":"https:\/\/www.europesays.com\/no\/wp-json\/wp\/v2\/types\/post"}],"author":[{"embeddable":true,"href":"https:\/\/www.europesays.com\/no\/wp-json\/wp\/v2\/users\/2"}],"replies":[{"embeddable":true,"href":"https:\/\/www.europesays.com\/no\/wp-json\/wp\/v2\/comments?post=118144"}],"version-history":[{"count":0,"href":"https:\/\/www.europesays.com\/no\/wp-json\/wp\/v2\/posts\/118144\/revisions"}],"wp:featuredmedia":[{"embeddable":true,"href":"https:\/\/www.europesays.com\/no\/wp-json\/wp\/v2\/media\/118126"}],"wp:attachment":[{"href":"https:\/\/www.europesays.com\/no\/wp-json\/wp\/v2\/media?parent=118144"}],"wp:term":[{"taxonomy":"category","embeddable":true,"href":"https:\/\/www.europesays.com\/no\/wp-json\/wp\/v2\/categories?post=118144"},{"taxonomy":"post_tag","embeddable":true,"href":"https:\/\/www.europesays.com\/no\/wp-json\/wp\/v2\/tags?post=118144"}],"curies":[{"name":"wp","href":"https:\/\/api.w.org\/{rel}","templated":true}]}}