{"id":11815,"date":"2025-08-19T03:02:13","date_gmt":"2025-08-19T03:02:13","guid":{"rendered":"https:\/\/www.europesays.com\/no\/11815\/"},"modified":"2025-08-19T03:02:13","modified_gmt":"2025-08-19T03:02:13","slug":"russisk-stridsvogn-med-amerikansk-flagg-skaper-raseri-i-ukraina","status":"publish","type":"post","link":"https:\/\/www.europesays.com\/no\/11815\/","title":{"rendered":"Russisk stridsvogn med amerikansk flagg skaper raseri i Ukraina"},"content":{"rendered":"\n<p class=\"_lead_1bvmi_2 _lead_xtcu6_50 layout-component text-serif-m layout-normal text-serif-l layout-component layout-wide layout-padded _wide_17hqh_1 layout-padded\">Videoen viser et erobret amerikansk kj\u00f8ret\u00f8y med russiske og amerikanske flagg, publisert av omstridte Russia Today.<\/p>\n<p> <img class=\"_image_qp4xg_65 layout-component layout-wide\" data-fullscreen- data-track-element-type=\"Article image fullscreen\" data-track-name=\"ImageFullscreen\" fetchpriority=\"high\" decoding=\"sync\" loading=\"eager\" height=\"181\" itemprop=\"image\"  src=\"https:\/\/www.europesays.com\/no\/wp-content\/uploads\/2025\/08\/7c79aed9c0a7cd13bfd1116e91e8f3ee.jpg\"  style=\"object-position:50% 50%;aspect-ratio:1.75;height:auto;object-fit:cover;width:100%\" width=\"102\"\/>  <\/p>\n<ul aria-hidden=\"true\" class=\"_images_1y6fe_106\">\n<li><a class=\"_link_1y6fe_111\" href=\"https:\/\/www.vg.no\/forfatter\/siamak-nematpoor\" style=\"z-index:2\" title=\"Siamak Nematpoor\" rel=\"nofollow noopener\" target=\"_blank\"><img alt=\"Bilde av Siamak Nematpoor\" class=\"_image_1y6fe_88\" fetchpriority=\"low\" loading=\"lazy\" decoding=\"async\" itemprop=\"image\"  src=\"https:\/\/www.europesays.com\/no\/wp-content\/uploads\/2025\/08\/1484310c-7084-4c65-8d24-b975c0676ab5\"  width=\"480\"\/><\/a><\/li>\n<li><a class=\"_link_1y6fe_111\" href=\"https:\/\/www.vg.no\/forfatter\/isak-loeve-pilskog-loe\" style=\"z-index:1\" title=\"Isak L\u00f8ve Pilskog Loe\" rel=\"nofollow noopener\" target=\"_blank\"><img alt=\"Bilde av Isak L\u00f8ve Pilskog Loe\" class=\"_image_1y6fe_88\" fetchpriority=\"low\" loading=\"lazy\" decoding=\"async\" itemprop=\"image\"  src=\"https:\/\/www.europesays.com\/no\/wp-content\/uploads\/2025\/08\/1755572531_401_8b0354e3-bf53-460c-9c1c-790321a0c923\"  width=\"480\"\/><\/a><\/li>\n<\/ul>\n<p> Oppdatert tirsdag 19. august kl. 04:40     <\/p>\n<p class=\"_paragraph_1bvmi_4 _paragraph_xtcu6_10 layout-component text-serif-m layout-normal text-serif-m layout-padded\">Russland skal ha vist frem et erobret amerikansk M113-panserkj\u00f8ret\u00f8y i Zaporizjzja \u2013 dekorert med b\u00e5de russiske og amerikanske flagg.<\/p>\n<p class=\"_paragraph_1bvmi_4 _paragraph_xtcu6_10 layout-component text-serif-m layout-normal text-serif-m layout-padded\">Det viser en video publisert p\u00e5 <a href=\"https:\/\/t.me\/rt_russ\/15866\" class=\"_link_1bvmi_39\" rel=\"nofollow\">Telegram<\/a> av det statskontrollerte \u2013 og sv\u00e6rt omstridte \u2013 TV-byr\u00e5et Russia Today (RT).<\/p>\n<p class=\"_paragraph_1bvmi_4 _paragraph_xtcu6_10 layout-component text-serif-m layout-normal text-serif-m layout-padded\">Videoen har g\u00e5tt viralt p\u00e5 sosialemedier, og er omtalt av flere \u2013 ogs\u00e5 i Ukraina.<\/p>\n<p class=\"_paragraph_1bvmi_4 _paragraph_xtcu6_10 layout-component text-serif-m layout-normal text-serif-m layout-padded\">Ukrainas Senter for bekjempelse av desinformasjon, underlagt Ukrainas nasjonale sikkerhets- og forsvarsr\u00e5d, skriver at M113-panserkj\u00f8ret\u00f8yet opererer ved fronten i Zaporizjzja-regionen.<\/p>\n<p><img alt=\"Foto: Telegram: Russia Today (RT)\" class=\"_image_qp4xg_65 layout-component layout-normal\" data-fullscreen- data-track-element-type=\"Article image fullscreen\" data-track-name=\"ImageFullscreen\" decoding=\"async\" loading=\"lazy\" height=\"794\" itemprop=\"image\"  src=\"https:\/\/www.europesays.com\/no\/wp-content\/uploads\/2025\/08\/8719c89b-51a2-4d71-85d4-ab9500fa0b2f\"  style=\"object-position:0% 0%\" width=\"1492\"\/>Foto: Telegram: Russia Today (RT)<\/p>\n<p class=\"_paragraph_1bvmi_4 _paragraph_xtcu6_10 layout-component text-serif-m layout-normal text-serif-m layout-padded\">VG har ikke klart \u00e5 verifisere videoen. Flere medier, som <a href=\"https:\/\/www.politico.eu\/article\/viral-video-russia-vehicle-wave-us-flag-attack-ukraine-fury-kyiv\/\" class=\"_link_1bvmi_39\" rel=\"nofollow noopener\" target=\"_blank\">Politico<\/a>, <a href=\"https:\/\/kyivindependent.com\/russian-media-shows-us-armored-vehicle-with-russian-american-flags-storming-ukrainian-positions\/\" class=\"_link_1bvmi_39\" rel=\"nofollow noopener\" target=\"_blank\">Kyiv Independent,<\/a> <a href=\"https:\/\/t.me\/meduzalive\/130993\" class=\"_link_1bvmi_39\" rel=\"nofollow\">Meduza<\/a> og <a href=\"https:\/\/www.businessinsider.com\/us-armor-captured-ukraine-seen-with-russian-american-flags-video-2025-8\" class=\"_link_1bvmi_39\" rel=\"nofollow noopener\" target=\"_blank\">Business Insider<\/a> har omtalt videoen, men ingen har uavhengig verifisert den.<\/p>\n<p class=\"_paragraph_1bvmi_4 _paragraph_xtcu6_10 layout-component text-serif-m layout-normal text-serif-m layout-padded\">Andrij Jermak, en av president Volodymyr Zelenskyjs n\u00e6rmeste r\u00e5dgivere, raste og kalte videoen \u00abmaksimal dristighet\u00bb.<\/p>\n<p class=\"_paragraph_1bvmi_4 _paragraph_xtcu6_10 layout-component text-serif-m layout-normal text-serif-m layout-padded\">\u2013 Russerne bruker USAs symboler i sin egen terroristiske, aggressive krig som inneb\u00e6rer drap p\u00e5 sivile, skrev Jermak p\u00e5 <a href=\"https:\/\/t.me\/ermaka2022\/6794\" class=\"_link_1bvmi_39\" rel=\"nofollow\">Telegram<\/a>.<\/p>\n<p><img decoding=\"async\" alt=\"Bilde av Andrij Jermak\" class=\"_image_ygndg_42\" height=\"27\" itemprop=\"image\" loading=\"lazy\"  src=\"https:\/\/www.europesays.com\/no\/wp-content\/uploads\/2025\/08\/fae783e9-486a-45d2-ab6c-ed47e3c9e7d0\"  width=\"40\"\/><strong class=\"_name_ygndg_51 title-serif-xs\">Andrij Jermak<\/strong><\/p>\n<p class=\"_paragraph_1bvmi_4 text-sans-m _description_ygndg_56\">Stabssjef for\u00a0Ukrainas president<\/p>\n<p class=\"_paragraph_1bvmi_4 _paragraph_xtcu6_10 layout-component text-serif-m layout-normal text-serif-m layout-padded\">Propagandavideoen ble publisert samme dag som Zelenskyj m\u00f8tte Trump og europeiske ledere i Det hvite hus for fredssamtaler, \u00f2g dager etter at Trump m\u00f8tte Vladimir Putin i Alaska.<\/p>\n<p class=\"_paragraph_1bvmi_4 _paragraph_xtcu6_10 layout-component text-serif-m layout-normal text-serif-m layout-padded\">\u2013 Dette er ingen falsk flagg-operasjon, men slik den russiske h\u00e6ren forst\u00e5r geopolitikk, skriver Ukrainas ambassad\u00f8r til Sverige, Svitlana Zalishchuk, p\u00e5 <a href=\"https:\/\/x.com\/svitlanaza\/status\/1957426948298125792\" class=\"_link_1bvmi_39\" rel=\"nofollow\">X<\/a>.<\/p>\n<p class=\"_paragraph_1bvmi_4 _paragraph_xtcu6_10 layout-component text-serif-m layout-normal text-serif-m layout-padded\">Hun minner om at kj\u00f8ret\u00f8yet f\u00f8rst ble levert til Ukraina, deretter erobret av Russland og n\u00e5 tatt i bruk i Mala Tokmachka:<\/p>\n<p class=\"_paragraph_1bvmi_4 _paragraph_xtcu6_10 layout-component text-serif-m layout-normal text-serif-m layout-padded\">\u2013 Sterkt symbolsk p\u00e5 tampen av historiske forhandlinger. Ubesluttsomhet kan ende i en falsk fred.<\/p>\n<p class=\"_root_1xq52_1\" lang=\"en\" dir=\"auto\">This is not a false flag operation. It\u2019s how the russian army reads geopolitics. This is a U.S. M113 APC, delivered to \ud83c\uddfa\ud83c\udde6, captured by russia and now used in Mala Tokmachka on Ukrainian soil. Highly symbolic on the eve of historic talks. Irresolution risks leading to false peace. <\/p>\n<p class=\"_paragraph_1bvmi_4 _paragraph_xtcu6_10 layout-component text-serif-m layout-normal text-serif-m layout-padded\">USA har sendt over 900 M113-kj\u00f8ret\u00f8y til Ukraina siden Russlands fullskala invasjon i februar 2022, if\u00f8lge <a href=\"https:\/\/www.businessinsider.com\/us-armor-captured-ukraine-seen-with-russian-american-flags-video-2025-8\" class=\"_link_1bvmi_39\" rel=\"nofollow noopener\" target=\"_blank\">Business Insider.<\/a> <\/p>\n<p class=\"_paragraph_1bvmi_4 _paragraph_xtcu6_10 layout-component text-serif-m layout-normal text-serif-m layout-padded\">Avisen skriver videre at if\u00f8lge etterretningskilder har minst 397 av disse blitt \u00f8delagt, skadet, forlatt eller erobret av Russland.<\/p>\n","protected":false},"excerpt":{"rendered":"Videoen viser et erobret amerikansk kj\u00f8ret\u00f8y med russiske og amerikanske flagg, publisert av omstridte Russia Today. Oppdatert tirsdag&hellip;\n","protected":false},"author":2,"featured_media":11816,"comment_status":"","ping_status":"","sticky":false,"template":"","format":"standard","meta":{"footnotes":""},"categories":[12],"tags":[20,21,24,25,15,179,22,23,13,30,28,29,14,16,26,27,42,43,44,45],"class_list":{"0":"post-11815","1":"post","2":"type-post","3":"status-publish","4":"format-standard","5":"has-post-thumbnail","7":"category-verden","8":"tag-breaking-news","9":"tag-breakingnews","10":"tag-featured-news","11":"tag-featurednews","12":"tag-headlines","13":"tag-krigen-i-ukraina","14":"tag-latest-news","15":"tag-latestnews","16":"tag-news","17":"tag-no","18":"tag-norge","19":"tag-norway","20":"tag-nyheter","21":"tag-overskrifter","22":"tag-top-stories","23":"tag-topstories","24":"tag-verden","25":"tag-world","26":"tag-world-news","27":"tag-worldnews"},"share_on_mastodon":{"url":"","error":""},"_links":{"self":[{"href":"https:\/\/www.europesays.com\/no\/wp-json\/wp\/v2\/posts\/11815","targetHints":{"allow":["GET"]}}],"collection":[{"href":"https:\/\/www.europesays.com\/no\/wp-json\/wp\/v2\/posts"}],"about":[{"href":"https:\/\/www.europesays.com\/no\/wp-json\/wp\/v2\/types\/post"}],"author":[{"embeddable":true,"href":"https:\/\/www.europesays.com\/no\/wp-json\/wp\/v2\/users\/2"}],"replies":[{"embeddable":true,"href":"https:\/\/www.europesays.com\/no\/wp-json\/wp\/v2\/comments?post=11815"}],"version-history":[{"count":0,"href":"https:\/\/www.europesays.com\/no\/wp-json\/wp\/v2\/posts\/11815\/revisions"}],"wp:featuredmedia":[{"embeddable":true,"href":"https:\/\/www.europesays.com\/no\/wp-json\/wp\/v2\/media\/11816"}],"wp:attachment":[{"href":"https:\/\/www.europesays.com\/no\/wp-json\/wp\/v2\/media?parent=11815"}],"wp:term":[{"taxonomy":"category","embeddable":true,"href":"https:\/\/www.europesays.com\/no\/wp-json\/wp\/v2\/categories?post=11815"},{"taxonomy":"post_tag","embeddable":true,"href":"https:\/\/www.europesays.com\/no\/wp-json\/wp\/v2\/tags?post=11815"}],"curies":[{"name":"wp","href":"https:\/\/api.w.org\/{rel}","templated":true}]}}