{"id":118153,"date":"2025-12-20T12:02:35","date_gmt":"2025-12-20T12:02:35","guid":{"rendered":"https:\/\/www.europesays.com\/no\/118153\/"},"modified":"2025-12-20T12:02:35","modified_gmt":"2025-12-20T12:02:35","slug":"eu-lan-gir-ukraina-to-ar-med-styrket-forsvarsevne","status":"publish","type":"post","link":"https:\/\/www.europesays.com\/no\/118153\/","title":{"rendered":"EU-l\u00e5n gir Ukraina to \u00e5r med styrket forsvarsevne"},"content":{"rendered":"<p class=\"kicker t15 font-weight-bold m-font-weight-bold color_mobile_no_bg_color quaternary color_mobile_quaternary font-Trim text-case-transform-upper mobile-hasTextPadding\" style=\"\">Nyheter<\/p>\n<p>    Eksperter mener l\u00e5net p\u00e5 1000 milliarder kroner ikke vil f\u00e5 slutt p\u00e5 krigen i Ukraina.<\/p>\n<p>\n        UKRAINA: Kalkyler estimerte at Ukraina ville g\u00e5 tom for penger i april. N\u00e5 f\u00e5r landet et saftig l\u00e5n fra EU. Bildet er fra en reportasjereise i Ukraina i januar.<br \/>\n        Foto: Krister S\u00f8rb\u00f8, Forsvarets forum\n    <\/p>\n<p>\u2013 Dette ville f\u00e5 mentaldimensjoner, b\u00e5de p\u00e5 russisk og ukrainsk side, om det ikke hadde skjedd. Dessverre blir det spennende, men det er godt at det skjedde.<\/p>\n<p>Det sier hovedl\u00e6rer ved Forsvarsh\u00f8gskolen Tom R\u00f8seth i etterkant av at EU ble enige om \u00e5 l\u00e5ne om lag 1000 milliarder kroner til Ukraina.\u00a0<\/p>\n<p>R\u00f8seth mener at beslutningen kom p\u00e5 et godt tidspunkt, ettersom Ukraina har hatt en t\u00f8ff november p\u00e5 frontlinjen.\u00a0<\/p>\n<p>\u2013 De har tapt mer enn de pleier \u00e5 gj\u00f8re, sier han.<\/p>\n<p>EU-l\u00e5net kommer derfor godt med til \u00e5 kj\u00f8pe n\u00f8dvendig forsvarsmateriell, if\u00f8lge R\u00f8seth.<\/p>\n<p>\u2013 \u00c5 f\u00e5 droneproduksjonen framover og \u00f8kt stabil forsvarsevne vil hindre russisk framdrift.<\/p>\n<p class=\"italic m-italic\" data-lab-italic=\"italic\">\u2013 Hvor mye tid har Ukraina kj\u00f8pt seg n\u00e5?<\/p>\n<p>\u2013 N\u00e5 har de kj\u00f8pt seg to gode \u00e5r til.<\/p>\n<p>Kan ta tid<\/p>\n<p>Hovedl\u00e6reren sier at pengene vil skape forutsigbarhet og trygghet for ukrainerne, og at det kan underst\u00f8tte landets produksjon av forsvarsmateriell. Men i krig er det flere faktorer enn milit\u00e6r evne som er utfordrende.<\/p>\n<p>\u2013 De trenger generell input i \u00f8konomien for \u00e5 holde samfunnshjulene i gang, sier R\u00f8seth.<\/p>\n<p>Amund Osflaten, hovedl\u00e6rer i landmilit\u00e6r teori og doktrine ved Krigsskolen, tror ikke EU-l\u00e5net vil p\u00e5virke Russland i noe s\u00e6rlig grad.<\/p>\n<p>                <img decoding=\"async\" src=\"https:\/\/www.europesays.com\/no\/wp-content\/uploads\/2025\/12\/254232.webp\" width=\"480\" height=\"322\" title=\"HOVEDL\u00c6RER: Tom R\u00f8seth er hovedl\u00e6rer i etterretning p\u00e5 Forsvarets stabsskole.\" alt=\"\" loading=\"lazy\" style=\"\"\/><\/p>\n<p>\n            HOVEDL\u00c6RER: Tom R\u00f8seth er hovedl\u00e6rer i etterretning p\u00e5 Forsvarets stabsskole.<br \/>\n            Foto: Krister S\u00f8rb\u00f8, Forsvarets forum\n        <\/p>\n<p>\u2013 Jeg tror Russland kommer til \u00e5 fortsette med de samme m\u00e5lsettingene og den samme strategien, sier Osflaten.\u00a0<\/p>\n<p>Han mener de ikke kommer til \u00e5 vike unna bare fordi Ukraina f\u00e5r mer ressurser. Samtidig vil det ta tid f\u00f8r pengene realiseres i ressurser. Dermed vil ikke l\u00e5net f\u00e5 umiddelbar effekt ved fronten, mener Osflaten.<\/p>\n<p>\u2013 Pengene m\u00e5 omsettes i ressurser, og i tillegg dekker de opp for underskudd p\u00e5 det ukrainske forsvarsbudsjettet, sier han.<\/p>\n<p>Utmattelseskrig<\/p>\n<p>Krigen i Ukraina har snart vart i fire \u00e5r. Begge hovedl\u00e6rerne er enige om at Ukraina har kj\u00f8pt seg litt mer tid, og at utmattelseskrigen er i fordel Russland.<\/p>\n<p>\u2013 Russland har en st\u00f8rre \u00f8konomi og en st\u00f8rre befolkning, men med god vestlig st\u00f8tte vil Ukraina holde ut, sier R\u00f8seth.<\/p>\n<p>Osflaten opplyser at krigen ogs\u00e5 t\u00e6rer p\u00e5 den russiske \u00f8konomien, men at en kollaps er usannsynlig.\u00a0<\/p>\n<p>Smarte penger<\/p>\n<p>Russland har en betydelig st\u00f8rre befolkning enn Ukraina. Pengene fra EU kan kj\u00f8pe materiell, men ikke mennesker. R\u00f8seth mener likevel at pengene kan komme til gode.<\/p>\n<p>\u2013 Den mannskapsutfordringen Ukraina har, kan kompenseres med \u00f8kt dronebruk. De fleste som faller eller blir skadet p\u00e5 slagmarken, er som f\u00f8lge av droner, sier R\u00f8seth.<\/p>\n<p>Han vektlegger at Ukraina b\u00f8r bruke pengene smart, gjennom innovasjon i forsvarsindustrien og \u00e5 trene bedre med de mannskapene de har.<\/p>\n<p class=\"italic m-italic\" data-lab-italic=\"italic\">\u2013 Tror du dette l\u00e5net er det som skal til for \u00e5 avslutte krigen?<\/p>\n<p>\u2013 Nei. Men det kan f\u00e5 Moskva til \u00e5 innse at dette ikke er noen quick fix.\u00a0<\/p>\n","protected":false},"excerpt":{"rendered":"Nyheter Eksperter mener l\u00e5net p\u00e5 1000 milliarder kroner ikke vil f\u00e5 slutt p\u00e5 krigen i Ukraina. UKRAINA: Kalkyler&hellip;\n","protected":false},"author":2,"featured_media":118154,"comment_status":"","ping_status":"","sticky":false,"template":"","format":"standard","meta":{"footnotes":""},"categories":[12],"tags":[20,21,24,25,15,22,23,13,30,28,29,14,16,26,27,42,43,44,45],"class_list":{"0":"post-118153","1":"post","2":"type-post","3":"status-publish","4":"format-standard","5":"has-post-thumbnail","7":"category-verden","8":"tag-breaking-news","9":"tag-breakingnews","10":"tag-featured-news","11":"tag-featurednews","12":"tag-headlines","13":"tag-latest-news","14":"tag-latestnews","15":"tag-news","16":"tag-no","17":"tag-norge","18":"tag-norway","19":"tag-nyheter","20":"tag-overskrifter","21":"tag-top-stories","22":"tag-topstories","23":"tag-verden","24":"tag-world","25":"tag-world-news","26":"tag-worldnews"},"share_on_mastodon":{"url":"https:\/\/pubeurope.com\/@no\/115751796560349983","error":""},"_links":{"self":[{"href":"https:\/\/www.europesays.com\/no\/wp-json\/wp\/v2\/posts\/118153","targetHints":{"allow":["GET"]}}],"collection":[{"href":"https:\/\/www.europesays.com\/no\/wp-json\/wp\/v2\/posts"}],"about":[{"href":"https:\/\/www.europesays.com\/no\/wp-json\/wp\/v2\/types\/post"}],"author":[{"embeddable":true,"href":"https:\/\/www.europesays.com\/no\/wp-json\/wp\/v2\/users\/2"}],"replies":[{"embeddable":true,"href":"https:\/\/www.europesays.com\/no\/wp-json\/wp\/v2\/comments?post=118153"}],"version-history":[{"count":0,"href":"https:\/\/www.europesays.com\/no\/wp-json\/wp\/v2\/posts\/118153\/revisions"}],"wp:featuredmedia":[{"embeddable":true,"href":"https:\/\/www.europesays.com\/no\/wp-json\/wp\/v2\/media\/118154"}],"wp:attachment":[{"href":"https:\/\/www.europesays.com\/no\/wp-json\/wp\/v2\/media?parent=118153"}],"wp:term":[{"taxonomy":"category","embeddable":true,"href":"https:\/\/www.europesays.com\/no\/wp-json\/wp\/v2\/categories?post=118153"},{"taxonomy":"post_tag","embeddable":true,"href":"https:\/\/www.europesays.com\/no\/wp-json\/wp\/v2\/tags?post=118153"}],"curies":[{"name":"wp","href":"https:\/\/api.w.org\/{rel}","templated":true}]}}