{"id":118157,"date":"2025-12-20T12:05:21","date_gmt":"2025-12-20T12:05:21","guid":{"rendered":"https:\/\/www.europesays.com\/no\/118157\/"},"modified":"2025-12-20T12:05:21","modified_gmt":"2025-12-20T12:05:21","slug":"helt-krise","status":"publish","type":"post","link":"https:\/\/www.europesays.com\/no\/118157\/","title":{"rendered":"&#8211; Helt krise"},"content":{"rendered":"<p>            <img decoding=\"async\" src=\"https:\/\/www.europesays.com\/no\/wp-content\/uploads\/2025\/12\/1766232315_991_DB_VM_Banner_12fps.gif\" alt=\"\" loading=\"lazy\"\/><\/p>\n<p>ULLEVAAL STADION (Dagbladet):\u00a0Det har spredt seg en liten bekymring i Norge rundt keepersituasjonen p\u00e5 landslaget.<\/p>\n<p>For Norges keeper \u00d8rjan H\u00e5skjold Nyland (35) har mistet plassen mellom stengene i klubblaget Sevilla. TV 2-kommentator \u00d8yvind Alsaker mener situasjonen er alt annet enn optimal.<\/p>\n<p class=\"font-weight-bold m-font-weight-bold\" data-lab-font_weight=\"font-weight-bold\">&#8211; Den var god da han spilte fast p\u00e5 et godt lag. Da ble han en helt annen keeper for Norge. Han har v\u00e6rt god og holder et annet niv\u00e5 enn de to andre keeperne. Men hvis han ikke spiller og vi skal til VM, er det selvf\u00f8lgelig helt krise, sier Alsaker til Dagbladet.<\/p>\n<p>        <img loading=\"lazy\" decoding=\"async\" itemprop=\"image\" src=\"https:\/\/www.europesays.com\/no\/wp-content\/uploads\/2025\/12\/84002950.webp\" width=\"180\" height=\"180\" alt=\"\u00d8yvind Alsaker\"\/><\/p>\n<p>            \u00d8yvind Alsaker<br \/>\n            \u00d8yvind<br \/>\n            Alsaker        <\/p>\n<p>Fotballkommentator, TV 2<\/p>\n<p>Norges keepertrener Frode Grod\u00e5s mener Alsaker tar for hardt i.<\/p>\n<p>&#8211; Nei, det er ikke krise. Det blir s\u00e5 voldsomt. Jeg tror \u00d8rjan kan h\u00e5ndtere dette. Men vi \u00f8nsker ikke at det er s\u00e5nn som n\u00e5. Vi \u00f8nsker \u00e5 dra til VM med keepere som spiller regelmessig, sier Grod\u00e5s til Dagbladet.<\/p>\n<p>Og:<\/p>\n<p>&#8211; S\u00e5 lenge \u00d8rjan spiller bra, s\u00e5 m\u00e5 man forholde seg til det.<\/p>\n<p>        <img loading=\"lazy\" decoding=\"async\" itemprop=\"image\" src=\"https:\/\/www.europesays.com\/no\/wp-content\/uploads\/2025\/12\/84002945.webp\" width=\"180\" height=\"180\" alt=\"Frode Grod\u00e5s\"\/><\/p>\n<p>            Frode Grod\u00e5s<br \/>\n            Frode<br \/>\n            Grod\u00e5s        <\/p>\n<p>Keepertrener for det norske landslaget<\/p>\n<p>Klar beskjed fra\u00a0\u00abDrillo\u00bb\t<\/p>\n<p>Tidligere i h\u00f8st ble Nyland, som i disse dager <a href=\"https:\/\/www.dagbladet.no\/sport\/nedslaende-beskjed\/83989523\" target=\"_blank\" rel=\"nofollow noopener\">er ute med skade<\/a>, vraket som f\u00f8rstekeeper i Sevilla og erstattet av grekeren Odysseas Vlachodimos.<\/p>\n<p>Men Grod\u00e5s stresser ikke.<\/p>\n<p>&#8211; Jeg tipper at du er mer bekymret enn meg. Det er jeg ganske sikker p\u00e5, sier han, og peker p\u00e5 Dagbladets utsendte.<\/p>\n<p>    <a itemprop=\"url\" href=\"https:\/\/www.dagbladet.no\/sport\/nedslaende-beskjed\/83989523\" rel=\"nofollow noopener\" target=\"_blank\"><\/p>\n<p>        <img loading=\"lazy\" decoding=\"async\" src=\"https:\/\/www.europesays.com\/no\/wp-content\/uploads\/2025\/12\/83989531.webp\" width=\"980\" height=\"441\" title=\"Nedsl\u00e5ende beskjed\" alt=\"\" class=\"lazyload\" style=\"--aspect-ratio-image: 2.22; \"\/><\/p>\n<p>        Nedsl\u00e5ende beskjed<\/p>\n<p>    <\/a><\/p>\n<p>F\u00f8r VM i 1998 opplevde ogs\u00e5 Grod\u00e5s \u00e5 ikke spille for eget klubblag. F\u00f8r en treningskamp mot Frankrike i februar 1998, alts\u00e5 f\u00e5 m\u00e5neder f\u00f8r VM, fikk han klar beskjed fra Egil Olsen.<\/p>\n<p>&#8211; \u00abDrillo\u00bb var tydelig p\u00e5 at det ikke var sikkert at jeg kom til VM. Han sa: \u00abDu har ingenting \u00e5 g\u00e5 p\u00e5. Du m\u00e5 n\u00e6rmest spille feilfritt\u00bb.<\/p>\n<p>Grod\u00e5s svarte: \u00abJeg spiller ikke p\u00e5 klubblaget, og f\u00e5r ikke gjort noe med det, men jeg trener som faen. Hvis jeg gj\u00f8r det d\u00e5rlig skal dere f\u00e5 slakte meg som pokker, men inntil jeg gj\u00f8r det, s\u00e5 er jeg ikke med p\u00e5 det\u00bb.<\/p>\n<p>        <img loading=\"lazy\" decoding=\"async\" src=\"https:\/\/www.europesays.com\/no\/wp-content\/uploads\/2025\/12\/84003119.webp\" width=\"667\" height=\"534\" title=\"DEN GANG DA: Egil Olsen med sine tre VM-keepere (fra v.) Thomas Myhre, Frode Grod\u00e5s og Espen Baardsen f\u00f8r VM i 1998. Foto: Bj\u00f8rn Sigurds\u00f8n \/ NTB\" alt=\"\" class=\"\" style=\"--aspect-ratio-image: 1.25; \"\/><\/p>\n<p>\n        DEN GANG DA: Egil Olsen med sine tre VM-keepere (fra v.) Thomas Myhre, Frode Grod\u00e5s og Espen Baardsen f\u00f8r VM i 1998. Foto: Bj\u00f8rn Sigurds\u00f8n \/ NTB\n    <\/p>\n<p>Kniven p\u00e5 strupen?\t<\/p>\n<p class=\"italic m-italic\" data-lab-italic=\"italic\">&#8211; Hvor lenge kan en keeper g\u00e5 uten \u00e5 spille?<\/p>\n<p>&#8211; Noen kan g\u00e5 14 dager, mens andre kan g\u00e5 lenge. Men det er klart at jo lenger det g\u00e5r, jo mindre har du \u00e5 g\u00e5 p\u00e5. Og man merker tr\u00f8kket, svarer Grod\u00e5s.<\/p>\n<p> Norge spiller privatlandskamper borte mot Nederland 27. mars, og mot Sveits 31. mars p\u00e5 Ullevaal Stadion. <\/p>\n<p>        LANDSLAGSSJEF: St\u00e5le Solbakken forlenger kontrakten som Norges landslagstrener frem til EM 2028. Video: NTB, Ljosland\/S\u00f8r\u00f8 Olsen\/Dagbladet TV-sporten<\/p>\n<p class=\"font-weight-bold m-font-weight-bold\" data-lab-font_weight=\"font-weight-bold\">Grod\u00e5s legger ikke skjul p\u00e5 at Nyland er n\u00f8dt til \u00e5 levere for \u00e5 beholde plassen. Ved ett feilskj\u00e6r kan det v\u00e6re rett ut.<\/p>\n<p>&#8211; Hvis \u00d8rjan spiller en d\u00e5rlig kamp i mars, s\u00e5 vet han hva som kommer til \u00e5 skje. Og jeg veit det. Da vil det \u00e5pne seg opp. For hvis man ikke spiller, s\u00e5 har han mindre \u00e5 g\u00e5 p\u00e5, forteller Grod\u00e5s.<\/p>\n<p>Samtidig:<\/p>\n<p>&#8211; \u00d8rjan er i ekstremt god fysisk form, og har v\u00e6rt trygg i denne kvaliken. Kanskje bortsett fra m\u00e5let mot Moldova (4-1) har han nesten v\u00e6rt feilfri.<\/p>\n<p>        <img loading=\"lazy\" decoding=\"async\" src=\"https:\/\/www.europesays.com\/no\/wp-content\/uploads\/2025\/12\/84002966.webp\" width=\"667\" height=\"507\" title=\"L\u00c6RER OG ELEV: \u00d8rjan H\u00e5skjold Nyland (t.h.), her sammen med keepertrener Frode Grod\u00e5s da landslaget trente p\u00e5 Ullevaal stadion f\u00f8r kampene mot Finland og Moldova. Foto: Bj\u00f8rn Langsem \/ Dagbladet\" alt=\"\" class=\"\" style=\"--aspect-ratio-image: 1.32; \"\/><\/p>\n<p>\n        L\u00c6RER OG ELEV: \u00d8rjan H\u00e5skjold Nyland (t.h.), her sammen med keepertrener Frode Grod\u00e5s da landslaget trente p\u00e5 Ullevaal stadion f\u00f8r kampene mot Finland og Moldova. Foto: Bj\u00f8rn Langsem \/ Dagbladet\n    <\/p>\n<p>P\u00e5 utkikk\t<\/p>\n<p>Grod\u00e5s mener at Nyland er n\u00f8dt til \u00e5 bytte klubb. Det har b\u00e5de han og St\u00e5le Solbakken gitt Nyland beskjed om.<\/p>\n<p class=\"italic m-italic\" data-lab-italic=\"italic\">&#8211; Jobber han for \u00e5 bytte klubb?<\/p>\n<p>&#8211; Jeg tipper at de ser seg om. S\u00e5 m\u00e5 de finne den rette klubben.<\/p>\n<p class=\"italic m-italic\" data-lab-italic=\"italic\">&#8211; Men siden dere har bedt ham om \u00e5 bytte klubb, s\u00e5 kan ikke situasjonen v\u00e6re optimal?<\/p>\n<p>&#8211; Nei, det er den ikke. Det som skjedde i Sevilla overrasket meg, for jeg synes han har levert jevnt bra der. Men nye trenere er kanskje opptatt av en annen type keeper, og n\u00e5r en annen keeper blir hentet, s\u00e5 er det et faresignal. S\u00e5 optimalt er det ikke, men vi f\u00e5r se hvordan det blir h\u00e5ndtert.<\/p>\n<p class=\"font-weight-bold m-font-weight-bold\" data-lab-font_weight=\"font-weight-bold\">Alsaker p\u00e5peker at et klubbytte ikke n\u00f8dvendigvis er en knirkefri l\u00f8sning i seg selv.<\/p>\n<p> &#8211; Nyland er i en alder og har en CV som gj\u00f8r at jeg tror mange klubber kan hente ham, selv om han er skadet. Da gjerne som andrekeeper. Den situasjonen er litt prek\u00e6r, sier Alsaker.<\/p>\n<ul>\n<li class=\"lab-bodytext-line italic m-italic\" data-lab-italic=\"italic\">Har du f\u00e5tt med deg Dagbladets artikkelserie om VM-heltene fra 1994 og 1998?<\/li>\n<\/ul>\n<p>Usikker p\u00e5 antall\t<\/p>\n<p>I tillegg til Nyland har Norge Egil Selvik (Watford) og Mathias Dyngeland (Brann) i troppen.<\/p>\n<p class=\"italic m-italic\" data-lab-italic=\"italic\">&#8211; Hva vil du si om deres niv\u00e5?<\/p>\n<p>&#8211; Selvik har gjort det kjempebra etter at han dro til en stor klubb i en veldig t\u00f8ff liga (engelske Championship). At han g\u00e5r rett inn p\u00e5 laget der etter to m\u00e5neder med skade er ekstremt tillitsvekkende, svarer Grod\u00e5s &#8211; og fortsetter:<\/p>\n<p>&#8211; Dyngeland har skaffet seg internasjonal erfaring med Brann. Han har f\u00e5tt kritikk som jeg stiller meg overraskende til. Han spiller mange kamper &#8211; ikke alle har v\u00e6rt kjempebra, men totalt sett er jeg forn\u00f8yd med sesongen hans. Han er den f\u00f8rste keeperen p\u00e5 40 \u00e5r som h\u00e5ndterer \u00e5 spille for Brann i Bergen. Jeg tror at \u00e5 spille i Bergen er verre enn \u00e5 spille for landslaget, humrer 61-\u00e5ringen.<\/p>\n<p>        FEIRER: Her er Erling Braut Haaland p\u00e5 scenen p\u00e5 Carls i Oslo. <\/p>\n<p>F\u00f8r landslagskampene mot Moldova og Italia ble Rosenborg-keeper Sander Tangvik hentet ikke for en skadd Selvik. Sp\u00f8rsm\u00e5let er:<\/p>\n<p class=\"font-weight-bold m-font-weight-bold\" data-lab-font_weight=\"font-weight-bold\">Kan Norge finne p\u00e5 \u00e5 ta med seg fire keepere til VM neste \u00e5r?<\/p>\n<p>&#8211; Jeg vil gjerne ha med fire, men jeg er ikke s\u00e5 sikker p\u00e5 at St\u00e5le vil det, sier Grod\u00e5s.<\/p>\n<p>Det er nemlig landslagssjef Solbakken som har siste ord. Men Grod\u00e5s forklarer:<\/p>\n<p>&#8211; Belastningen p\u00e5 s\u00e6rlig andre- og tredjekeeper n\u00e5r de fra 18 til 26 skal dunke en halvtime hver dag p\u00e5 skuddtrening er sv\u00e6rt stor. Den diskusjonen f\u00e5r vi ta litt seinere, men jeg tipper at det blir tre. Tangvik gjorde en veldig god figur da han kom inn. Han er en ekstremt spennende keeper.<\/p>\n<p>    <a itemprop=\"url\" href=\"https:\/\/www.dagbladet.no\/sport\/det-hores-for-dumt-ut\/83991357\" rel=\"nofollow noopener\" target=\"_blank\"><\/p>\n<p>        <img loading=\"lazy\" decoding=\"async\" src=\"https:\/\/www.europesays.com\/no\/wp-content\/uploads\/2025\/12\/83991408.webp\" width=\"147\" height=\"98\" title=\"- Det h\u00f8res for dumt ut\" alt=\"\" class=\"lazyload\" style=\"--aspect-ratio-image: 1.50; \"\/><\/p>\n<p>        &#8211; Det h\u00f8res for dumt ut<\/p>\n<p>    <\/a><\/p>\n<p>Norge m\u00f8ter Frankrike og Senegal i VM. I tillegg kommer Irak, Bolivia eller Surinam inn i gruppa.<\/p>\n","protected":false},"excerpt":{"rendered":"ULLEVAAL STADION (Dagbladet):\u00a0Det har spredt seg en liten bekymring i Norge rundt keepersituasjonen p\u00e5 landslaget. For Norges keeper&hellip;\n","protected":false},"author":2,"featured_media":118158,"comment_status":"","ping_status":"","sticky":false,"template":"","format":"standard","meta":{"footnotes":""},"categories":[59],"tags":[92,13338,4145,30,28,29,14185,14186,83,82,11859],"class_list":{"0":"post-118157","1":"post","2":"type-post","3":"status-publish","4":"format-standard","5":"has-post-thumbnail","7":"category-sport","8":"tag-fotball","9":"tag-frode-grodas","10":"tag-herrelandslaget","11":"tag-no","12":"tag-norge","13":"tag-norway","14":"tag-orjan-nyland","15":"tag-oyvind-alsaker","16":"tag-sport","17":"tag-sports","18":"tag-vm2026"},"share_on_mastodon":{"url":"https:\/\/pubeurope.com\/@no\/115751808373532287","error":""},"_links":{"self":[{"href":"https:\/\/www.europesays.com\/no\/wp-json\/wp\/v2\/posts\/118157","targetHints":{"allow":["GET"]}}],"collection":[{"href":"https:\/\/www.europesays.com\/no\/wp-json\/wp\/v2\/posts"}],"about":[{"href":"https:\/\/www.europesays.com\/no\/wp-json\/wp\/v2\/types\/post"}],"author":[{"embeddable":true,"href":"https:\/\/www.europesays.com\/no\/wp-json\/wp\/v2\/users\/2"}],"replies":[{"embeddable":true,"href":"https:\/\/www.europesays.com\/no\/wp-json\/wp\/v2\/comments?post=118157"}],"version-history":[{"count":0,"href":"https:\/\/www.europesays.com\/no\/wp-json\/wp\/v2\/posts\/118157\/revisions"}],"wp:featuredmedia":[{"embeddable":true,"href":"https:\/\/www.europesays.com\/no\/wp-json\/wp\/v2\/media\/118158"}],"wp:attachment":[{"href":"https:\/\/www.europesays.com\/no\/wp-json\/wp\/v2\/media?parent=118157"}],"wp:term":[{"taxonomy":"category","embeddable":true,"href":"https:\/\/www.europesays.com\/no\/wp-json\/wp\/v2\/categories?post=118157"},{"taxonomy":"post_tag","embeddable":true,"href":"https:\/\/www.europesays.com\/no\/wp-json\/wp\/v2\/tags?post=118157"}],"curies":[{"name":"wp","href":"https:\/\/api.w.org\/{rel}","templated":true}]}}