{"id":118159,"date":"2025-12-20T12:11:10","date_gmt":"2025-12-20T12:11:10","guid":{"rendered":"https:\/\/www.europesays.com\/no\/118159\/"},"modified":"2025-12-20T12:11:10","modified_gmt":"2025-12-20T12:11:10","slug":"ulykke-skaper-store-trafikale-problemer-langs-e6","status":"publish","type":"post","link":"https:\/\/www.europesays.com\/no\/118159\/","title":{"rendered":"Ulykke skaper store trafikale problemer langs E6"},"content":{"rendered":"\n<p class=\"_lead_o9xde_2 _lead_xtcu6_50 layout-component text-serif-m layout-normal text-serif-l layout-component layout-wide layout-padded _wide_17hqh_1 layout-padded\">Ulykken har skjedd ved Helsfyr i Oslo, og tre biler skal v\u00e6re involvert. <\/p>\n<p>Aktiver kart<\/p>\n<ul aria-hidden=\"true\" class=\"_images_ntbth_112\">\n<li><a class=\"_link_ntbth_117\" href=\"https:\/\/www.vg.no\/forfatter\/signe-rosenlund-hauglid\" style=\"z-index:1\" title=\"Signe Rosenlund-Hauglid\" rel=\"nofollow noopener\" target=\"_blank\"><img alt=\"Bilde av Signe Rosenlund-Hauglid\" class=\"_image_ntbth_93\" fetchpriority=\"low\" loading=\"lazy\" decoding=\"async\" itemprop=\"image\"  src=\"https:\/\/www.europesays.com\/no\/wp-content\/uploads\/2025\/12\/1766232668_399_65e9df60-b046-4add-b7dd-10f1cf4fbd21\"  width=\"480\"\/><\/a><\/li>\n<\/ul>\n<p> Oppdatert l\u00f8rdag 20. desember kl. 12:58     <\/p>\n<p class=\"_paragraph_o9xde_4 _paragraph_xtcu6_10 layout-component text-serif-m layout-normal text-serif-m layout-padded\">\u2013 Det er veldig store trafikale problemer, en av bilene st\u00e5r p\u00e5 tvers i veibanen, sier operasjonsleder Line-Merethe Skott til VG. <\/p>\n<p class=\"_paragraph_o9xde_4 _paragraph_xtcu6_10 layout-component text-serif-m layout-normal text-serif-m layout-padded\">Problemene er langs E6 utg\u00e5ende, p\u00e5 h\u00f8yde med bussterminalen ved Helsfyr, opplyser Skott. Samtlige biler har behov for berging. <\/p>\n<p class=\"_paragraph_o9xde_4 _paragraph_xtcu6_10 layout-component text-serif-m layout-normal text-serif-m layout-padded\">Politiet tror ulykken skyldes en p\u00e5kj\u00f8rsel bakfra. Det er ikke meldt om at noen er alvorlig skadet. <\/p>\n<p class=\"_paragraph_o9xde_4 _paragraph_xtcu6_10 layout-component text-serif-m layout-normal text-serif-m layout-padded\">\u2013 Per n\u00e5 er samtlige kj\u00f8refelt blokkert som f\u00f8lge av ulykken. Vi jobber med \u00e5 f\u00e5 fjerne de aktuelle kj\u00f8ret\u00f8yene, slik at veibanen kan \u00e5pnes s\u00e5 fort som mulig, skriver politiet klokken 12.53 l\u00f8rdag. <\/p>\n<p class=\"_paragraph_o9xde_4 _paragraph_xtcu6_10 layout-component text-serif-m layout-normal text-serif-m layout-padded\">Det er omkj\u00f8ring i Ekebergtunellen via Svartdalen.<\/p>\n<p>    <img decoding=\"async\" alt=\"Tips oss illustrasjon\" src=\"https:\/\/www.europesays.com\/no\/wp-content\/uploads\/2025\/10\/pssst-small.webp.webp\"\/>    <\/p>\n<p class=\"title-serif-s\">Har du tips?<\/p>\n<p class=\"text-sans-m\">Send oss informasjon, bilder eller video.<\/p>\n<p>  <a href=\"https:\/\/www.vg.no\/tips-oss\" rel=\"nofollow noopener\" target=\"_blank\"> Tips oss <\/a>      <\/p>\n","protected":false},"excerpt":{"rendered":"Ulykken har skjedd ved Helsfyr i Oslo, og tre biler skal v\u00e6re involvert. Aktiver kart Oppdatert l\u00f8rdag 20.&hellip;\n","protected":false},"author":2,"featured_media":118160,"comment_status":"","ping_status":"","sticky":false,"template":"","format":"standard","meta":{"footnotes":""},"categories":[10],"tags":[31,20,21,24,25,15,22,23,13,30,28,29,14,636,16,26,27,224,51],"class_list":{"0":"post-118159","1":"post","2":"type-post","3":"status-publish","4":"format-standard","5":"has-post-thumbnail","7":"category-norge","8":"tag-breaking","9":"tag-breaking-news","10":"tag-breakingnews","11":"tag-featured-news","12":"tag-featurednews","13":"tag-headlines","14":"tag-latest-news","15":"tag-latestnews","16":"tag-news","17":"tag-no","18":"tag-norge","19":"tag-norway","20":"tag-nyheter","21":"tag-oslo","22":"tag-overskrifter","23":"tag-top-stories","24":"tag-topstories","25":"tag-trafikk","26":"tag-ulykke"},"share_on_mastodon":{"url":"https:\/\/pubeurope.com\/@no\/115751832311222850","error":""},"_links":{"self":[{"href":"https:\/\/www.europesays.com\/no\/wp-json\/wp\/v2\/posts\/118159","targetHints":{"allow":["GET"]}}],"collection":[{"href":"https:\/\/www.europesays.com\/no\/wp-json\/wp\/v2\/posts"}],"about":[{"href":"https:\/\/www.europesays.com\/no\/wp-json\/wp\/v2\/types\/post"}],"author":[{"embeddable":true,"href":"https:\/\/www.europesays.com\/no\/wp-json\/wp\/v2\/users\/2"}],"replies":[{"embeddable":true,"href":"https:\/\/www.europesays.com\/no\/wp-json\/wp\/v2\/comments?post=118159"}],"version-history":[{"count":0,"href":"https:\/\/www.europesays.com\/no\/wp-json\/wp\/v2\/posts\/118159\/revisions"}],"wp:featuredmedia":[{"embeddable":true,"href":"https:\/\/www.europesays.com\/no\/wp-json\/wp\/v2\/media\/118160"}],"wp:attachment":[{"href":"https:\/\/www.europesays.com\/no\/wp-json\/wp\/v2\/media?parent=118159"}],"wp:term":[{"taxonomy":"category","embeddable":true,"href":"https:\/\/www.europesays.com\/no\/wp-json\/wp\/v2\/categories?post=118159"},{"taxonomy":"post_tag","embeddable":true,"href":"https:\/\/www.europesays.com\/no\/wp-json\/wp\/v2\/tags?post=118159"}],"curies":[{"name":"wp","href":"https:\/\/api.w.org\/{rel}","templated":true}]}}