{"id":118161,"date":"2025-12-20T12:12:37","date_gmt":"2025-12-20T12:12:37","guid":{"rendered":"https:\/\/www.europesays.com\/no\/118161\/"},"modified":"2025-12-20T12:12:37","modified_gmt":"2025-12-20T12:12:37","slug":"greg-biffle-kona-og-barna-omkom-i-flystyrt","status":"publish","type":"post","link":"https:\/\/www.europesays.com\/no\/118161\/","title":{"rendered":"Greg Biffle, kona og barna omkom i flystyrt"},"content":{"rendered":"<p class=\"kicker \" style=\"\">NASCAR-stjerne og familien omkom<\/p>\n<p>  Stjernens kone sendte skremmende tekstmelding til moren sin bare minutter f\u00f8r det private flyet styrtet og drepte alle ombord.<\/p>\n<p>\n    D\u00d8DE: Greg Biffle og familien har g\u00e5tt bort p\u00e5 tragisk vis. Foto: Skjermbilde: @cristinagbiffle \/ Instagram\n  <\/p>\n<p>NASCAR-stjernen Greg Biffle (55) og hans familie best\u00e5ende av kona Cristina (35), parets felles s\u00f8nn Ryder (5) og Greggs datter Emma (14) omkom i en flyulykke torsdag.\u00a0<\/p>\n<p>        <img loading=\"lazy\" decoding=\"async\" src=\"https:\/\/www.europesays.com\/no\/wp-content\/uploads\/2025\/12\/84012677.webp\" width=\"667\" height=\"694\" title=\"MOR OG S\u00d8NN: \u00abHjertet mitt\u00bb, skrev Cristina til dette bildet av seg selv og s\u00f8nnen Ryder i begynnelsen av november. Foto: Skjermbilde: @cristinagbiffle \/ Instagram\" alt=\"\" class=\"\" style=\"--aspect-ratio-image: 0.96; \"\/><\/p>\n<p>\n        MOR OG S\u00d8NN: \u00abHjertet mitt\u00bb, skrev Cristina til dette bildet av seg selv og s\u00f8nnen Ryder i begynnelsen av november. Foto: Skjermbilde: @cristinagbiffle \/ Instagram\n    <\/p>\n<p>        <img loading=\"lazy\" decoding=\"async\" src=\"https:\/\/www.europesays.com\/no\/wp-content\/uploads\/2025\/12\/84012679.webp\" width=\"667\" height=\"848\" title=\"TRAGEDIE: Greg, s\u00f8nnen Ryder, datteren Emma og kona Cristina omkom i en flyulykke denne uken. Foto:@cristinagbiffle \/ Instagram\" alt=\"\" class=\"\" style=\"--aspect-ratio-image: 0.79; \"\/><\/p>\n<p>\n        TRAGEDIE: Greg, s\u00f8nnen Ryder, datteren Emma og kona Cristina omkom i en flyulykke denne uken. Foto:@cristinagbiffle \/ Instagram\n    <\/p>\n<p class=\"font-weight-bold m-font-weight-bold\" data-lab-font_weight=\"font-weight-bold\">N\u00e5 avsl\u00f8rer svigermoren de siste dramatiske \u00f8yeblikkene f\u00f8r tragedien.<\/p>\n<p>Cristina sendte en skremmende tekstmelding til sin mor bare minutter f\u00f8r flyet styrtet. Det melder <a href=\"https:\/\/people.com\/greg-biffle-wife-cristina-texted-mom-were-in-trouble-before-died-plane-crash-exclusive-11872732\" rel=\"nofollow noopener\" target=\"_blank\">People<\/a>.\u00a0<\/p>\n<p class=\"font-weight-bold m-font-weight-bold\" data-lab-font_weight=\"font-weight-bold\">&#8211; Hun sendte meg en tekstmelding fra flyet der hun skrev: \u00abVi er i tr\u00f8bbel\u00bb. Og det var det, forteller Cathy Grossu til magasinet.<\/p>\n<p>    <a itemprop=\"url\" href=\"https:\/\/www.seher.no\/kjendis\/erklaert-dod-pa-stedet\/84003718\" rel=\"nofollow noopener\" target=\"_blank\"><\/p>\n<p>        <img loading=\"lazy\" decoding=\"async\" src=\"https:\/\/www.europesays.com\/no\/wp-content\/uploads\/2025\/12\/84003782.webp\" width=\"147\" height=\"98\" title=\"Erkl\u00e6rt d\u00f8d p\u00e5 stedet\" alt=\"\" class=\"lazyload\" style=\"--aspect-ratio-image: 1.50; \"\/><\/p>\n<p>        Erkl\u00e6rt d\u00f8d p\u00e5 stedet<\/p>\n<p>    <\/a><\/p>\n<p>Familiene delte uttalelse\t<\/p>\n<p>Den erfarne NASCAR-f\u00f8reren Greg Biffle, som gjennom sin karriere kj\u00f8rte over 500 l\u00f8p i Cup Series og vant 19 av dem, var kjent som en av sportens mest respekterte ut\u00f8vere. Han hadde trukket seg tilbake fra heltidsracing i 2016, men fortsatte \u00e5 v\u00e6re aktiv i NASCAR-milj\u00f8et.<\/p>\n<p class=\"font-weight-bold m-font-weight-bold\" data-lab-font_weight=\"font-weight-bold\">Ulykken krevde syv liv. I tillegg til Gregg og familien omkom Dennis Dutton og hans s\u00f8nn Jack, samt Craig Wadsworth.<\/p>\n<p>        <img loading=\"lazy\" decoding=\"async\" src=\"https:\/\/www.europesays.com\/no\/wp-content\/uploads\/2025\/12\/84012693.webp\" width=\"667\" height=\"574\" title=\"LEGENDE: Greg Biffle ble utnevnt til en av Nascars 75 st\u00f8rste f\u00f8rerer i 2023. Her er han avbildet i 2015. Foto: Terry Renna \/ AP \/ NTB\" alt=\"\" class=\"\" style=\"--aspect-ratio-image: 1.16; \"\/><\/p>\n<p>\n        LEGENDE: Greg Biffle ble utnevnt til en av Nascars 75 st\u00f8rste f\u00f8rerer i 2023. Her er han avbildet i 2015. Foto: Terry Renna \/ AP \/ NTB\n    <\/p>\n<p>Privatflyet var p\u00e5 vei fra Nashville til Florida da det styrtet p\u00e5 Statesville regionale flyplass kort tid etter avgang. Flyet tok av fra flyplassen rundt klokken 10 lokal tid, men m\u00e5tte snu og styrtet i fors\u00f8ket p\u00e5 \u00e5 lande igjen.\u00a0<\/p>\n<p>        DRAMATISK UTVIKLING: Mette-Marits sykdom er kraftig forverret, og det forberedes n\u00e5 for lungetransplantasjon. Reporter: Caroline Vagle. Video: Kine Falch<\/p>\n<p>Forel\u00f8pige rapporter tyder p\u00e5 at v\u00e6ret var utfordrende i omr\u00e5det, men \u00e5rsaken til ulykken er fortsatt under etterforskning av luftfartsmyndighetene.<\/p>\n<p>Familiene har n\u00e5 gitt ut sin f\u00f8rste uttalelse etter tragedien, melder <a href=\"https:\/\/people.com\/greg-biffle-family-breaks-silence-first-statement-since-plane-crash-identify-3-other-victims-11872656\" rel=\"nofollow noopener\" target=\"_blank\">People<\/a>.\u00a0<\/p>\n<p class=\"font-weight-bold m-font-weight-bold\" data-lab-font_weight=\"font-weight-bold\">\u00abVi er knust over tapet av v\u00e5re kj\u00e6re. Denne tragedien har etterlatt alle familiene v\u00e5re s\u00f8nderknust p\u00e5 en m\u00e5te det ikke finnes ord for\u00bb, heter det i en felles uttalelse fra familiene Biffle, Grossu, Dutton og Lunders, delt av Fox Sports&#8217; motorsportreporter Bob Pockrass p\u00e5 <a href=\"https:\/\/x.com\/bobpockrass\/status\/2001767368888909845\/photo\/1\" rel=\"nofollow\">X<\/a>.\u00a0<\/p>\n<p>    <a itemprop=\"url\" href=\"https:\/\/www.seher.no\/kjendis\/sa-ufattelig-trist\/84006539\" rel=\"nofollow noopener\" target=\"_blank\"><\/p>\n<p>        <img loading=\"lazy\" decoding=\"async\" src=\"https:\/\/www.europesays.com\/no\/wp-content\/uploads\/2025\/12\/84006588.webp\" width=\"147\" height=\"98\" title=\"- S\u00e5 ufattelig trist\" alt=\"\" class=\"lazyload\" style=\"--aspect-ratio-image: 1.50; \"\/><\/p>\n<p>        &#8211; S\u00e5 ufattelig trist<\/p>\n<p>    <\/a><\/p>\n<p>I uttalelsen beskriver de ofrene med varme ord:<\/p>\n<p>\u00abGreg og Cristina var hengivne foreldre og aktive filantroper. Livene deres dreide seg rundt deres unge s\u00f8nn Ryder og Gregs datter Emma. Emma var et fantastisk menneske med et godt hjerte, elsket av mange. Ryder var et aktivt, nysgjerrig og grensel\u00f8st livsglad barn\u00bb.\u00a0<\/p>\n<p>        <img loading=\"lazy\" decoding=\"async\" src=\"https:\/\/www.europesays.com\/no\/wp-content\/uploads\/2025\/12\/84012702.webp\" width=\"667\" height=\"774\" title=\"I DYP SORG: Familiene har delt en hjerteskj\u00e6rende uttalelse etter flystyrten. Foto:@cristinagbiffle \/ Instagram\" alt=\"\" class=\"\" style=\"--aspect-ratio-image: 0.86; \"\/><\/p>\n<p>\n        I DYP SORG: Familiene har delt en hjerteskj\u00e6rende uttalelse etter flystyrten. Foto:@cristinagbiffle \/ Instagram\n    <\/p>\n<p>Familiene delte ogs\u00e5 navnene p\u00e5 de tre andre ofrene.\u00a0<\/p>\n<p>\u00abDennis Dutton og s\u00f8nnen Jack var ogs\u00e5 dypt elsket, og tapet av dem merkes av alle som kjente dem. Craig Waldsworth var h\u00f8yt verdsatt i NASCAR-milj\u00f8et og vil bli dypt savnet av dem som kjente ham\u00bb.\u00a0<\/p>\n<p>    <a itemprop=\"url\" href=\"https:\/\/www.seher.no\/kjendis\/i-sorg-umulig-tragedie\/84000161\" rel=\"nofollow noopener\" target=\"_blank\"><\/p>\n<p>        <img loading=\"lazy\" decoding=\"async\" src=\"https:\/\/www.europesays.com\/no\/wp-content\/uploads\/2025\/12\/1766232755_786_84000225.webp\" width=\"147\" height=\"98\" title=\"I sorg: - Umulig tragedie\" alt=\"\" class=\"lazyload\" style=\"--aspect-ratio-image: 1.50; \"\/><\/p>\n<p>        I sorg: &#8211; Umulig tragedie<\/p>\n<p>    <\/a><\/p>\n<p>Skulle feire bursdag\t<\/p>\n<p>Cristina Biffle var kjent for sitt engasjement i veldedighet og brukte mye av sin tid p\u00e5 \u00e5 hjelpe familier i n\u00f8d. Hun hadde bakgrunn fra Romania og m\u00f8tte Greg gjennom felles venner i NASCAR-milj\u00f8et. Paret giftet seg i 2018 og fikk s\u00f8nnen Ryder \u00e5ret etter.<\/p>\n<p>Emma, Gregs datter fra et tidligere forhold, var en lovende student som var aktiv i flere skoleidretter. Venner beskriver henne som en varm og omtenksom ten\u00e5ring som alltid stilte opp for andre.<\/p>\n<p>Familien var p\u00e5 vei til Florida for \u00e5 feire en bursdag da tragedien inntraff.<\/p>\n<p class=\"font-weight-bold m-font-weight-bold\" data-lab-font_weight=\"font-weight-bold\">&#8211; \u00c5 tenke p\u00e5 at de skulle bli drept p\u00e5 en bursdagstur, som skulle v\u00e6re en s\u00e5 hyggelig tid for familien. Og \u00e5 se den forferdelige m\u00e5ten det endte p\u00e5, det er s\u00e5 vanskelig \u00e5 b\u00e6re, sier Cristinas mor Cathy til People.<\/p>\n<p>Dagen f\u00f8r ulykken hadde Cristina og Greg v\u00e6rt p\u00e5 bes\u00f8k hos henne. De hadde tilbrakt en hyggelig kveld sammen, og ingenting tydet p\u00e5 at dette skulle bli siste gang de s\u00e5 hverandre.<\/p>\n<p>        \u00abSPILLET\u00bb: Magnus Helle l\u00f8y til de andre deltakerne om dette. Video: \u00abSpillet\u00bb\/TV 2, R\u00f8d L\u00f8per\/ Nora Skavhaug<\/p>\n<p>&#8211; De virket s\u00e5 lykkelige og gledet seg til turen. Cristina var spent p\u00e5 \u00e5 feire bursdagen, og barna var fulle av forventning, forteller Cathy Grossu.<\/p>\n<p>Cristina hadde brukt sine siste timer p\u00e5 \u00e5 sende julebrev til familier i n\u00f8d p\u00e5 egen regning. Hun ba moren hente de siste 17 brevene fra Staples f\u00f8r avreise.\u00a0<\/p>\n<p>    <a itemprop=\"url\" href=\"https:\/\/www.seher.no\/kjendis\/var-uonsket-i-begravelsen\/83999436\" rel=\"nofollow noopener\" target=\"_blank\"><\/p>\n<p>        <img loading=\"lazy\" decoding=\"async\" src=\"https:\/\/www.europesays.com\/no\/wp-content\/uploads\/2025\/12\/83999475.webp\" width=\"147\" height=\"98\" title=\"Var u\u00f8nsket i begravelsen\" alt=\"\" class=\"lazyload\" style=\"--aspect-ratio-image: 1.50; \"\/><\/p>\n<p>        Var u\u00f8nsket i begravelsen<\/p>\n<p>    <\/a><\/p>\n<p>Dyp sorg\u00a0\t<\/p>\n<p>NASCAR-milj\u00f8et er i dyp sorg etter tapet av en av sine egne. Greg Biffle var ikke bare en dyktig f\u00f8rer, men ogs\u00e5 en respektert ambassad\u00f8r for sporten. Han kj\u00f8rte for flere store team gjennom karrieren, inkludert Roush Fenway Racing, hvor han oppn\u00e5dde sine st\u00f8rste suksesser.<\/p>\n<p>Dennis Dutton var en n\u00e6r venn av Biffle-familien og hadde v\u00e6rt med p\u00e5 flere tidligere reiser. Hans s\u00f8nn Jack var jevnaldrende med Emma og de to hadde utviklet et n\u00e6rt vennskap over \u00e5rene.<\/p>\n<p>        \u00abSPILLET\u00bb: Da innspillingen av \u00abSpillet\u00bb startet, var deltaker Birgit Skarstein h\u00f8ygravid. Det var det ingen som visste. Video: Nora Skavhaug\/ Thea Hope\/ R\u00f8d L\u00f8per<\/p>\n<p>Craig Wadsworth hadde arbeidet i NASCAR-industrien i over to ti\u00e5r og var kjent for sin dedikasjon og profesjonalitet. Han etterlater seg kone og to barn.<\/p>\n<p>    <a itemprop=\"url\" href=\"https:\/\/www.seher.no\/kjendis\/buck-rogers-stjerne-er-dod\/83996130\" rel=\"nofollow noopener\" target=\"_blank\"><\/p>\n<p>        <img loading=\"lazy\" decoding=\"async\" src=\"https:\/\/www.europesays.com\/no\/wp-content\/uploads\/2025\/12\/1766232757_306_83996237.webp\" width=\"980\" height=\"441\" title=\"Deler melding etter sin d\u00f8d\" alt=\"\" class=\"lazyload\" style=\"--aspect-ratio-image: 2.22; \"\/><\/p>\n<p>        Deler melding etter sin d\u00f8d<\/p>\n<p>    <\/a><\/p>\n<p>Familiene planlegger n\u00e5 minneseremonier for \u00e5 hedre de avd\u00f8de. NASCAR har ogs\u00e5 annonsert at de vil holde en egen seremoni for \u00e5 minnes Greg Biffle og Craig Wadsworth.<\/p>\n<p>Etterforskningen av flyulykken fortsetter, og myndighetene oppfordrer til t\u00e5lmodighet mens de arbeider for \u00e5 finne \u00e5rsaken til tragedien som tok syv liv.<\/p>\n","protected":false},"excerpt":{"rendered":"NASCAR-stjerne og familien omkom Stjernens kone sendte skremmende tekstmelding til moren sin bare minutter f\u00f8r det private flyet&hellip;\n","protected":false},"author":2,"featured_media":118162,"comment_status":"","ping_status":"","sticky":false,"template":"","format":"standard","meta":{"footnotes":""},"categories":[5],"tags":[20,21,14187,4104,24,25,14188,15,19,479,4916,22,23,17,18,13,30,28,29,14,16,26,27],"class_list":{"0":"post-118161","1":"post","2":"type-post","3":"status-publish","4":"format-standard","5":"has-post-thumbnail","7":"category-overskrifter","8":"tag-breaking-news","9":"tag-breakingnews","10":"tag-cristina-biffle","11":"tag-eksklusivt","12":"tag-featured-news","13":"tag-featurednews","14":"tag-greg-biffle","15":"tag-headlines","16":"tag-hovedoppslag","17":"tag-kjendis","18":"tag-kjendisdodsfall","19":"tag-latest-news","20":"tag-latestnews","21":"tag-main-news","22":"tag-mainnews","23":"tag-news","24":"tag-no","25":"tag-norge","26":"tag-norway","27":"tag-nyheter","28":"tag-overskrifter","29":"tag-top-stories","30":"tag-topstories"},"share_on_mastodon":{"url":"https:\/\/pubeurope.com\/@no\/115751835822098923","error":""},"_links":{"self":[{"href":"https:\/\/www.europesays.com\/no\/wp-json\/wp\/v2\/posts\/118161","targetHints":{"allow":["GET"]}}],"collection":[{"href":"https:\/\/www.europesays.com\/no\/wp-json\/wp\/v2\/posts"}],"about":[{"href":"https:\/\/www.europesays.com\/no\/wp-json\/wp\/v2\/types\/post"}],"author":[{"embeddable":true,"href":"https:\/\/www.europesays.com\/no\/wp-json\/wp\/v2\/users\/2"}],"replies":[{"embeddable":true,"href":"https:\/\/www.europesays.com\/no\/wp-json\/wp\/v2\/comments?post=118161"}],"version-history":[{"count":0,"href":"https:\/\/www.europesays.com\/no\/wp-json\/wp\/v2\/posts\/118161\/revisions"}],"wp:featuredmedia":[{"embeddable":true,"href":"https:\/\/www.europesays.com\/no\/wp-json\/wp\/v2\/media\/118162"}],"wp:attachment":[{"href":"https:\/\/www.europesays.com\/no\/wp-json\/wp\/v2\/media?parent=118161"}],"wp:term":[{"taxonomy":"category","embeddable":true,"href":"https:\/\/www.europesays.com\/no\/wp-json\/wp\/v2\/categories?post=118161"},{"taxonomy":"post_tag","embeddable":true,"href":"https:\/\/www.europesays.com\/no\/wp-json\/wp\/v2\/tags?post=118161"}],"curies":[{"name":"wp","href":"https:\/\/api.w.org\/{rel}","templated":true}]}}