{"id":118163,"date":"2025-12-20T12:14:09","date_gmt":"2025-12-20T12:14:09","guid":{"rendered":"https:\/\/www.europesays.com\/no\/118163\/"},"modified":"2025-12-20T12:14:09","modified_gmt":"2025-12-20T12:14:09","slug":"noen-ord-fra-den-tause-pausefisken","status":"publish","type":"post","link":"https:\/\/www.europesays.com\/no\/118163\/","title":{"rendered":"Noen ord fra \u00abden tause pausefisken\u00bb"},"content":{"rendered":"\n<p class=\"_paragraph_o9xde_4 _paragraph_xtcu6_10 layout-component text-serif-m layout-normal text-serif-m layout-padded\">Det har den siste tiden v\u00e6rt rettet kritikk mot <a href=\"https:\/\/www.vg.no\/tag\/nrk?utm_source=vg-article&amp;utm_medium=auto-tagger&amp;utm_campaign=QJomRP\" class=\"_link_o9xde_39\" rel=\"nofollow noopener\" target=\"_blank\">NRKs<\/a> musikktilbud, den <a href=\"https:\/\/www.vg.no\/nyheter\/i\/M7gzoR\/nrk-skjoenner-ikke-kritikken-av-nrk\" data-track-element-type=\"Link\" data-track-id=\"link:M7gzoR\" class=\"_link_o9xde_39\" rel=\"nofollow noopener\" target=\"_blank\">mest fargerike fra Egon Holstad<\/a>. <\/p>\n<p class=\"_paragraph_o9xde_4 _paragraph_xtcu6_10 layout-component text-serif-m layout-normal text-serif-m layout-padded\">N\u00e5 har vi egentlig ikke behov for \u00e5 sende ut flere sjefer for \u00e5 gjenta det samme budskapet vi faktisk er enige om. <\/p>\n<p class=\"_paragraph_o9xde_4 _paragraph_xtcu6_10 layout-component text-serif-m layout-normal text-serif-m layout-padded\">Men, det er klart, n\u00e5r man blir kalt \u00abtaus pausefisk\u00bb, og p\u00e5standene som serveres har et friskt forhold til fakta, lar jeg meg friste til \u00e5 plukke opp hansken.<\/p>\n<p class=\"_paragraph_o9xde_4 _paragraph_xtcu6_10 layout-component text-serif-m layout-normal text-serif-m layout-padded\">\u00c5 f\u00e5 kritikk for \u00e5 gj\u00f8re en d\u00e5rligere jobb for musikken n\u00e5r vi endrer fordi vi mener vi m\u00e5 gj\u00f8re en mye bedre jobb er kjedelig. <\/p>\n<p class=\"_paragraph_o9xde_4 _paragraph_xtcu6_10 layout-component text-serif-m layout-normal text-serif-m layout-padded\">At vi ikke snur tvert, betyr ikke at vi ikke tar selvkritikk. Vi gj\u00f8r det, vi diskuterer, revurderer, snakker med folk og snakker med bransjen. <\/p>\n<p class=\"_paragraph_o9xde_4 _paragraph_xtcu6_10 layout-component text-serif-m layout-normal text-serif-m layout-padded\">Men \u00e5 lytte er ikke det samme som \u00e5 v\u00e6re enig.<\/p>\n<p class=\"_paragraph_o9xde_4 _paragraph_xtcu6_10 layout-component text-serif-m layout-normal layout-padded\"><strong class=\"_strong_o9xde_25\">Les ogs\u00e5:<\/strong> <a href=\"https:\/\/www.vg.no\/i\/RjxEWx\" data-track-element-type=\"Link\" data-track-id=\"link:RjxEWx\" class=\"_link_o9xde_39\" rel=\"nofollow noopener\" target=\"_blank\">Thomas Felberg raser mot NRK: \u2013 De har kuppet hele redaksjonen<\/a><\/p>\n<p class=\"_paragraph_o9xde_4 _paragraph_xtcu6_10 layout-component text-serif-m layout-normal text-serif-m layout-padded\"><strong class=\"_strong_o9xde_25\">Det som virkelig ville v\u00e6rt kritikkverdig, er om vi hadde sittet stille og sett b\u00e5de lyttertallene og lyttetiden g\u00e5 nedover og ikke gjort noen verdens ting<\/strong>. <\/p>\n<p class=\"_paragraph_o9xde_4 _paragraph_xtcu6_10 layout-component text-serif-m layout-normal text-serif-m layout-padded\">De siste tre \u00e5rene g\u00e5r lyttertallene til P13 nedover for alle aldersgrupper, bortsett fra 67+. <\/p>\n<p class=\"_paragraph_o9xde_4 _paragraph_xtcu6_10 layout-component text-serif-m layout-normal text-serif-m layout-padded\">De siste fem \u00e5rene har tiden en lytter har lyttet til NRKs musikk-kanaler g\u00e5tt fra 72 minutter daglig til 57 minutter.<\/p>\n<p><img alt=\"\u00abFARGERIK\u00bb KRITIKER: Egon Holstad.\" class=\"_image_qp4xg_65 layout-component layout-normal\" data-fullscreen- data-track-element-type=\"Article image fullscreen\" data-track-name=\"ImageFullscreen\" decoding=\"async\" loading=\"lazy\" height=\"960\" itemprop=\"image\"  src=\"https:\/\/www.europesays.com\/no\/wp-content\/uploads\/2025\/12\/478e7208-5deb-415f-bb2b-d22421a11bbd\"  style=\"object-position:0% 0%\" width=\"960\"\/>\u00abFARGERIK\u00bb KRITIKER: Egon Holstad.<\/p>\n<p class=\"_paragraph_o9xde_4 _paragraph_xtcu6_10 layout-component text-serif-m layout-normal text-serif-m layout-padded\">Str\u00f8mmegiganter har endret hvordan vi lytter til musikk. Podkast har endret hvordan vi lytter til radio. <\/p>\n<p class=\"_paragraph_o9xde_4 _paragraph_xtcu6_10 layout-component text-serif-m layout-normal text-serif-m layout-padded\">En radiokanal fungerer ikke lenger som den gjorde, der lytterne tuner seg inn til et klokkeslett n\u00e5r favorittprogrammet g\u00e5r. Man velger en kanal og dens totale tilbud og identitet. <\/p>\n<p class=\"_paragraph_o9xde_4 _paragraph_xtcu6_10 layout-component text-serif-m layout-normal text-serif-m layout-padded\">Der lytterne f\u00f8r h\u00f8rte p\u00e5 en, kanskje to kanaler, h\u00f8rer man i dag p\u00e5 fire. Det som fanger og engasjerer lytterne i dag, krever andre former. <\/p>\n<p class=\"_paragraph_o9xde_4 _paragraph_xtcu6_10 layout-component text-serif-m layout-normal text-serif-m layout-padded\">Det er ingen motsetning mellom fornyelse og det \u00e5 bruke den enorme musikk-kompetansen som finnes i NRK. <\/p>\n<p class=\"_paragraph_o9xde_4 _paragraph_xtcu6_10 layout-component text-serif-m layout-normal text-serif-m layout-padded\">Formidlingsgleden og kunnskapen hos v\u00e5re kollegaer er v\u00e5r st\u00f8rste styrke.<\/p>\n<p class=\"_paragraph_o9xde_4 _paragraph_xtcu6_10 layout-component text-serif-m layout-normal text-serif-m layout-padded\">\u00c5 lese anklager om markedsrettet kommersialisme samtidig som P3musikk \u2013 kanalen med nytt navn, men samme oppdrag og ambisjoner som f\u00f8r \u2013 satser s\u00e5pass tungt p\u00e5 et rikere musikkmangfold, er underlig. <\/p>\n<p class=\"_paragraph_o9xde_4 _paragraph_xtcu6_10 layout-component text-serif-m layout-normal text-serif-m layout-padded\">Hver dag f\u00e5r du i Uh\u00f8rt to timer med fersk, norsk musikk fra nye talenter, mange program fortsetter, noen utvides. Kanalen dykker ned i, diskuterer og l\u00f8fter mange musikksjangere og artister. <\/p>\n<p class=\"_paragraph_o9xde_4 _paragraph_xtcu6_10 layout-component text-serif-m layout-normal text-serif-m layout-padded\"><strong class=\"_strong_o9xde_25\">I l\u00f8pet av en dag spiller vi n\u00e5 en langt st\u00f8rre variasjon av l\u00e5ter enn vi gjorde for ett \u00e5r siden. <\/strong><\/p>\n<p class=\"_paragraph_o9xde_4 _paragraph_xtcu6_10 layout-component text-serif-m layout-normal text-serif-m layout-padded\">I februar kommer en ny, stor daglig satsing p\u00e5 livemusikk. Vi har hatt og skal ha mange timer i strekk, hele dager som fordyper seg i musikalske temaer og artister.<\/p>\n<p><img alt=\"DEN GANG DA: P13-redaksjonen ved oppstarten i 2014.   Foto: NRK \/ NRK\" class=\"_image_qp4xg_65 layout-component layout-normal\" data-fullscreen- data-track-element-type=\"Article image fullscreen\" data-track-name=\"ImageFullscreen\" decoding=\"async\" loading=\"lazy\" height=\"1573\" itemprop=\"image\"  src=\"https:\/\/www.europesays.com\/no\/wp-content\/uploads\/2025\/12\/c2e65127-af0d-41b7-9cbf-a1f48186d5e3\"  style=\"object-position:0% 0%\" width=\"2404\"\/>DEN GANG DA: P13-redaksjonen ved oppstarten i 2014.   Foto: NRK \/ NRK<\/p>\n<p class=\"_paragraph_o9xde_4 _paragraph_xtcu6_10 layout-component text-serif-m layout-normal text-serif-m layout-padded\"><strong class=\"_strong_o9xde_25\">Vi vil at musikken virkelig skal f\u00e5 armslag og plass og tilrettelegger for at mindre akt\u00f8rer, artister og band, s\u00e5vel som etablerte, skal f\u00e5 mer mulighet til \u00e5 vise seg fram og bli oppdaget.<\/strong><\/p>\n<p class=\"_paragraph_o9xde_4 _paragraph_xtcu6_10 layout-component text-serif-m layout-normal text-serif-m layout-padded\">NRK P1 har aldri spilt s\u00e5 mye norsk musikk som n\u00e5. I nesten hele \u00e5r har vi hatt 100% norsk musikk p\u00e5 A &#8211; B og C-listene, og distrikstsendingene spiller lokal musikk man ikke h\u00f8rer andre steder. <\/p>\n<p class=\"_paragraph_o9xde_4 _paragraph_xtcu6_10 layout-component text-serif-m layout-normal text-serif-m layout-padded\">Ingen andre kommersielle akt\u00f8rer gj\u00f8r det. <\/p>\n<p class=\"_paragraph_o9xde_4 _paragraph_xtcu6_10 layout-component text-serif-m layout-normal text-serif-m layout-padded\">At det attp\u00e5til viser seg at det er popul\u00e6rt hos lytterne, at NRK samler s\u00e5 mange lyttere rundt den norske musikken, synes jeg er pussig om skal v\u00e6re negativt.<\/p>\n<p class=\"_paragraph_o9xde_4 _paragraph_xtcu6_10 layout-component text-serif-m layout-normal layout-padded\"><strong class=\"_strong_o9xde_25\">Les ogs\u00e5:<\/strong> <a href=\"https:\/\/www.vg.no\/i\/V6lBpl\" data-track-element-type=\"Link\" data-track-id=\"link:V6lBpl\" class=\"_link_o9xde_39\" rel=\"nofollow noopener\" target=\"_blank\">Mistet sjefstittel i NRK-organisering: \u2013 Sjokkert<\/a><\/p>\n<p class=\"_paragraph_o9xde_4 _paragraph_xtcu6_10 layout-component text-serif-m layout-normal text-serif-m layout-padded\">P3musikk er en kanal for musikkinteresserte i alle aldre. Da m\u00e5 ogs\u00e5 musikkinteresserte i alle aldre bli inkludert.<\/p>\n<p class=\"_paragraph_o9xde_4 _paragraph_xtcu6_10 layout-component text-serif-m layout-normal text-serif-m layout-padded\"><strong class=\"_strong_o9xde_25\">I dag gj\u00f8r vi en skikkelig god jobb for voksne med h\u00f8y utdanning i storbyene. <\/strong><\/p>\n<p class=\"_paragraph_o9xde_4 _paragraph_xtcu6_10 layout-component text-serif-m layout-normal text-serif-m layout-padded\">Hvis vi fortsetter bare \u00e5 gj\u00f8re det, er vi ikke lenger en allmennkringkaster for alle. <\/p>\n<p class=\"_paragraph_o9xde_4 _paragraph_xtcu6_10 layout-component text-serif-m layout-normal text-serif-m layout-padded\">Det er ikke bra for verken musikken, NRK eller samfunnet.<\/p>\n<p class=\"_paragraph_o9xde_4 _paragraph_xtcu6_10 layout-component text-serif-m layout-normal text-serif-m layout-padded\">Vi m\u00e5 ogs\u00e5 bry oss om dem som ikke skriver kronikker, eller har en plass i offentligheten, som i stedet flykter til globale tech-giganter der den norske stemmen og musikken knapt er h\u00f8rbar. <\/p>\n<p class=\"_paragraph_o9xde_4 _paragraph_xtcu6_10 layout-component text-serif-m layout-normal text-serif-m layout-padded\">Det er ingen der som har som oppgave \u00e5 l\u00f8fte fram norsk musikk. <\/p>\n<p><img alt=\"NRKs radiosjef Cathinka Rondan.  Foto: Ole Kaland \/ Ole Kaland, NRK\" class=\"_image_qp4xg_65 layout-component layout-normal\" data-fullscreen- data-track-element-type=\"Article image fullscreen\" data-track-name=\"ImageFullscreen\" decoding=\"async\" loading=\"lazy\" height=\"5184\" itemprop=\"image\"  src=\"https:\/\/www.europesays.com\/no\/wp-content\/uploads\/2025\/12\/09e1e423-1a2c-4740-bdfb-59673292c2a8\"  style=\"object-position:0% 0%\" width=\"3456\"\/>NRKs radiosjef Cathinka Rondan.  Foto: Ole Kaland \/ Ole Kaland, NRK<\/p>\n<p class=\"_paragraph_o9xde_4 _paragraph_xtcu6_10 layout-component text-serif-m layout-normal text-serif-m layout-padded\">Ja, vi f\u00e5r penger for \u00e5 gj\u00f8re det andre ikke gj\u00f8r, men vi m\u00e5 jo ogs\u00e5 gj\u00f8re det bra. <\/p>\n<p class=\"_paragraph_o9xde_4 _paragraph_xtcu6_10 layout-component text-serif-m layout-normal text-serif-m layout-padded\">Det er ikke en unnskyldning for \u00e5 ikke gj\u00f8re en god jobb, pr\u00f8ve hardt nok eller ikke endre oss n\u00e5r vi ikke lenger begeistrer med det innholdet ingen andre lager. <\/p>\n<p class=\"_paragraph_o9xde_4 _paragraph_xtcu6_10 layout-component text-serif-m layout-normal text-serif-m layout-padded\">Da er det p\u00e5 tide \u00e5 pr\u00f8ve noe nytt.<\/p>\n<p class=\"_paragraph_o9xde_4 _paragraph_xtcu6_10 layout-component text-serif-m layout-normal text-serif-m layout-padded\"><strong class=\"_strong_o9xde_25\">En gang var P3, P13 og Lydverket \u00abdet nye\u00bb. <\/strong><\/p>\n<p class=\"_paragraph_o9xde_4 _paragraph_xtcu6_10 layout-component text-serif-m layout-normal text-serif-m layout-padded\">Dagens generasjon og framtidens nye program fortjener den samme plassen til \u00e5 vekke, forme og utvikle sin musikklidenskap.<\/p>\n<p>   Dette er en kronikk. Kronikken gir uttrykk for skribentens holdning. Du kan sende inn kronikker og debattinnlegg til <a class=\"_link_jv5ak_10\" href=\"https:\/\/www.vg.no\/nyheter\/i\/QJomRP\/mailto:debatt@vg.no\" rel=\"nofollow noopener\" target=\"_blank\">debatt@vg.no<\/a>. <\/p>\n","protected":false},"excerpt":{"rendered":"Det har den siste tiden v\u00e6rt rettet kritikk mot NRKs musikktilbud, den mest fargerike fra Egon Holstad. N\u00e5&hellip;\n","protected":false},"author":2,"featured_media":118164,"comment_status":"","ping_status":"","sticky":false,"template":"","format":"standard","meta":{"footnotes":""},"categories":[58],"tags":[71,221,30,28,29,787,72],"class_list":{"0":"post-118163","1":"post","2":"type-post","3":"status-publish","4":"format-standard","5":"has-post-thumbnail","7":"category-underholdning","8":"tag-entertainment","9":"tag-musikk","10":"tag-no","11":"tag-norge","12":"tag-norway","13":"tag-nrk","14":"tag-underholdning"},"share_on_mastodon":{"url":"https:\/\/pubeurope.com\/@no\/115751843759578399","error":""},"_links":{"self":[{"href":"https:\/\/www.europesays.com\/no\/wp-json\/wp\/v2\/posts\/118163","targetHints":{"allow":["GET"]}}],"collection":[{"href":"https:\/\/www.europesays.com\/no\/wp-json\/wp\/v2\/posts"}],"about":[{"href":"https:\/\/www.europesays.com\/no\/wp-json\/wp\/v2\/types\/post"}],"author":[{"embeddable":true,"href":"https:\/\/www.europesays.com\/no\/wp-json\/wp\/v2\/users\/2"}],"replies":[{"embeddable":true,"href":"https:\/\/www.europesays.com\/no\/wp-json\/wp\/v2\/comments?post=118163"}],"version-history":[{"count":0,"href":"https:\/\/www.europesays.com\/no\/wp-json\/wp\/v2\/posts\/118163\/revisions"}],"wp:featuredmedia":[{"embeddable":true,"href":"https:\/\/www.europesays.com\/no\/wp-json\/wp\/v2\/media\/118164"}],"wp:attachment":[{"href":"https:\/\/www.europesays.com\/no\/wp-json\/wp\/v2\/media?parent=118163"}],"wp:term":[{"taxonomy":"category","embeddable":true,"href":"https:\/\/www.europesays.com\/no\/wp-json\/wp\/v2\/categories?post=118163"},{"taxonomy":"post_tag","embeddable":true,"href":"https:\/\/www.europesays.com\/no\/wp-json\/wp\/v2\/tags?post=118163"}],"curies":[{"name":"wp","href":"https:\/\/api.w.org\/{rel}","templated":true}]}}