{"id":118165,"date":"2025-12-20T12:18:15","date_gmt":"2025-12-20T12:18:15","guid":{"rendered":"https:\/\/www.europesays.com\/no\/118165\/"},"modified":"2025-12-20T12:18:15","modified_gmt":"2025-12-20T12:18:15","slug":"nyhetsvarsel-politi-mann-dod-etter-voldshendelse-i-lier-mann-pagrepet-og-siktet-for-drap","status":"publish","type":"post","link":"https:\/\/www.europesays.com\/no\/118165\/","title":{"rendered":"Nyhetsvarsel, Politi | Mann d\u00f8d etter voldshendelse i Lier \u2013 mann p\u00e5grepet og siktet for drap"},"content":{"rendered":"\n<p>En mann i 30-\u00e5rene d\u00f8de p\u00e5 sykehus og en mann i midten av 40-\u00e5rene er siktet for drap etter en voldshendelse i en boligblokk i Tranbylia i Lier kommune i Buskerud.<\/p>\n<p>B\u00e5de drapsofferet og drapssiktet bodde i blokka. Flere beboere i blokka forteller om mye br\u00e5k i blokka de siste dagene, skriver <a href=\"https:\/\/www.dt.no\/drepte-og-drapssiktede-var-naboer\/s\/5-57-2759214\" rel=\"Follow nofollow noopener\" target=\"_blank\">Drammens Tidende.<\/a><\/p>\n<p>L\u00f8rdag morgen meldte politiet om p\u00e5gripelse og siktelse mot den antatte gjerningsmannen.<\/p>\n<p>Det var natt til l\u00f8rdag politiet fikk melding om at det skulle ligge en bevisstl\u00f8s person p\u00e5 adressen. N\u00f8detatene var p\u00e5 stedet kort tid etter og mannen som ble funnet utend\u00f8rs ble kj\u00f8rt til sykehus. Mannen, som var i 30-\u00e5rene, ble senere erkl\u00e6rt d\u00f8d p\u00e5 sykehuset.<\/p>\n<p>Inne p\u00e5 adressen ble det funnet en annen mann som var lettere skadet. Denne mannen er n\u00e5 siktet for drap, opplyser politiet.<\/p>\n<p>Innledende etterforskning<\/p>\n<p>\u2013 Vi er i en helt innledende fase av etterforskningen, og der er derfor for tidlig \u00e5 si noe om hva slags relasjon det var mellom de involverte, ut over at det fremst\u00e5r som at de skal ha hatt kjennskap til hverandre, sier politiadvokat Ann Iren Svane Mathiassen if\u00f8lge en pressemelding fra S\u00f8r\u00f8st politidistrikt.<\/p>\n<p>Politiet \u00f8nsker per n\u00e5 ikke \u00e5 si noe om hva som gj\u00f8r at mannen i 40-\u00e5rene er siktet for drap, ut over at funn p\u00e5 stedet og p\u00e5 den n\u00e5 avd\u00f8de personen i 30-\u00e5rene knytter ham til handlingen.<\/p>\n<p>\u2013 Vi jobber n\u00e5 med \u00e5 avh\u00f8re vitner til hendelsen, i tillegg til \u00e5 foreta tekniske og taktiske unders\u00f8kelser p\u00e5 og rundt \u00e5stedet, sier Svane Mathiassen.<\/p>\n<p>Politiet ber om at personer som kan ha sett eller h\u00f8rt noe som kan v\u00e6re av interesse for saken, tar kontakt med politiet.<\/p>\n<p>   <img decoding=\"async\" width=\"7689\" height=\"5126\" fetchpriority=\"low\"  loading=\"lazy\"  src=\"https:\/\/www.europesays.com\/no\/wp-content\/uploads\/2025\/12\/NTB_DKRCRXaBQUo.jpg\" alt=\"Lier 20251220. &#10;To menn ble natt til l\u00f8rdag funnet med skader i en boligblokk p\u00e5 Tranby i Lier. Den ene var bevisstl\u00f8s og fikk livreddende f\u00f8rstehjelp, opplyser politiet.&#10;Foto: Jonas Been Henriksen \/ NTB\" class=\"brick-c-cFOWSL\" style=\"--brick-image-ratio: 7689 \/ 5126;\"\/><\/p>\n<p>      LIER: To menn ble natt til l\u00f8rdag funnet med skader i en boligblokk p\u00e5 Tranby i Lier. Den ene var bevisstl\u00f8s og fikk livreddende f\u00f8rstehjelp, opplyser politiet.<br \/>\n      Foto: Jonas Been Henriksen \/ NTB\n    <\/p>\n<p>  Funnet i trappeoppgang<\/p>\n<p>Det var klokka 02.25 politiet fikk melding om en bevisstl\u00f8s person i en trappeoppgang i en boligblokk. B\u00e5de politi og ambulanse rykket ut, og n\u00f8detatene var p\u00e5 stedet sju minutter senere.<\/p>\n<p>Noen minutter etter den f\u00f8rste meldingen fant politiet den andre mannen skadet p\u00e5 stedet.<\/p>\n<p>Den bevisstl\u00f8se mannen fikk livreddende f\u00f8rstehjelp. Begge ble sendt til Drammen sykehus for behandling.<\/p>\n<p>\u2013 Livet til den ene personen sto ikke til \u00e5 redde og vedkommende er bekreftet omkommet p\u00e5 sykehus. P\u00e5r\u00f8rende er varslet, opplyste operasjonsleder Jan Tore Gregersen klokka 09.24 l\u00f8rdag.<\/p>\n<p><b>Les ogs\u00e5:<a class=\"simple-relation related-teaser article--c-eRUmMG article--c-eRUmMG-fZoQSp-design-nettavisen article--c-eRUmMG-gwthdJ-cv\" href=\"https:\/\/www.nettavisen.no\/funn-av-to-skadde-personer-i-boligblokk\/s\/5-95-2791014\" rel=\"nofollow noopener\" target=\"_blank\">Funn av to skadde personer i boligblokk<\/a><\/b><\/p>\n<p>Besluttet p\u00e5gripelse<\/p>\n<p>Klokka 05.30 l\u00f8rdag morgen opplyste politiet at den andre mannen var besluttet p\u00e5grepet. Da var han fortsatt til unders\u00f8kelse og behandling p\u00e5 sykehuset.<\/p>\n<p>Operasjonsleder Espen Reite opplyste da at de to mennene virker \u00e5 ha kjennskap til hverandre. Politiet er i kontakt med vitner p\u00e5 stedet og fors\u00f8ker \u00e5 f\u00e5 klarhet i hendelsesforl\u00f8pet.<\/p>\n<p>\u2013 Vi arbeider med \u00e5 f\u00e5 identiteten til de to endelig bekreftet, men vi har en formening om hvem det er, uttalte Reite til NTB.<\/p>\n<p>Politiet \u00f8nsker p\u00e5 det tidspunktet ikke \u00e5 si noe om alder, relasjonen mellom de to mennene, eller om de bodde p\u00e5 stedet der de ble funnet.<\/p>\n<p>\u2013 Det er av hensyn til etterforskningen, sier Reite.<\/p>\n<p>Han opplyser at politiet ble varslet om saken via AMK etter at vitner meldte fra om hendelsen.<\/p>\n","protected":false},"excerpt":{"rendered":"En mann i 30-\u00e5rene d\u00f8de p\u00e5 sykehus og en mann i midten av 40-\u00e5rene er siktet for drap&hellip;\n","protected":false},"author":2,"featured_media":118166,"comment_status":"","ping_status":"","sticky":false,"template":"","format":"standard","meta":{"footnotes":""},"categories":[10],"tags":[20,21,24,25,15,22,23,13,30,28,29,14,16,26,27],"class_list":{"0":"post-118165","1":"post","2":"type-post","3":"status-publish","4":"format-standard","5":"has-post-thumbnail","7":"category-norge","8":"tag-breaking-news","9":"tag-breakingnews","10":"tag-featured-news","11":"tag-featurednews","12":"tag-headlines","13":"tag-latest-news","14":"tag-latestnews","15":"tag-news","16":"tag-no","17":"tag-norge","18":"tag-norway","19":"tag-nyheter","20":"tag-overskrifter","21":"tag-top-stories","22":"tag-topstories"},"share_on_mastodon":{"url":"https:\/\/pubeurope.com\/@no\/115751859471210212","error":""},"_links":{"self":[{"href":"https:\/\/www.europesays.com\/no\/wp-json\/wp\/v2\/posts\/118165","targetHints":{"allow":["GET"]}}],"collection":[{"href":"https:\/\/www.europesays.com\/no\/wp-json\/wp\/v2\/posts"}],"about":[{"href":"https:\/\/www.europesays.com\/no\/wp-json\/wp\/v2\/types\/post"}],"author":[{"embeddable":true,"href":"https:\/\/www.europesays.com\/no\/wp-json\/wp\/v2\/users\/2"}],"replies":[{"embeddable":true,"href":"https:\/\/www.europesays.com\/no\/wp-json\/wp\/v2\/comments?post=118165"}],"version-history":[{"count":0,"href":"https:\/\/www.europesays.com\/no\/wp-json\/wp\/v2\/posts\/118165\/revisions"}],"wp:featuredmedia":[{"embeddable":true,"href":"https:\/\/www.europesays.com\/no\/wp-json\/wp\/v2\/media\/118166"}],"wp:attachment":[{"href":"https:\/\/www.europesays.com\/no\/wp-json\/wp\/v2\/media?parent=118165"}],"wp:term":[{"taxonomy":"category","embeddable":true,"href":"https:\/\/www.europesays.com\/no\/wp-json\/wp\/v2\/categories?post=118165"},{"taxonomy":"post_tag","embeddable":true,"href":"https:\/\/www.europesays.com\/no\/wp-json\/wp\/v2\/tags?post=118165"}],"curies":[{"name":"wp","href":"https:\/\/api.w.org\/{rel}","templated":true}]}}