{"id":118167,"date":"2025-12-20T12:24:12","date_gmt":"2025-12-20T12:24:12","guid":{"rendered":"https:\/\/www.europesays.com\/no\/118167\/"},"modified":"2025-12-20T12:24:12","modified_gmt":"2025-12-20T12:24:12","slug":"norske-helsetopper-bekymret-etter-nye-avsloringer","status":"publish","type":"post","link":"https:\/\/www.europesays.com\/no\/118167\/","title":{"rendered":"Norske helsetopper bekymret etter nye avsl\u00f8ringer"},"content":{"rendered":"\n<p class=\"_paragraph_o9xde_4 _paragraph_xtcu6_10 layout-component text-serif-m layout-normal text-serif-m layout-padded\">\u2013 N\u00e5r vi har et felles arbeidsmarked for helsepersonell, er det viktig at informasjonsutveksling p\u00e5 tvers av landene praktiseres p\u00e5 en god m\u00e5te, sier helse- og omsorgsminister Jan Christian Vestre (Ap) til VG.<\/p>\n<p class=\"_paragraph_o9xde_4 _paragraph_xtcu6_10 layout-component text-serif-m layout-normal text-serif-m layout-padded\">\u2013 Det er ikke tilfredsstillende og det utfordrer pasientsikkerheten i hele Europa, sier Vestre om manglene i varslingssystemet som VG har avsl\u00f8rt.<\/p>\n<p class=\"_paragraph_o9xde_4 _paragraph_xtcu6_10 layout-component text-serif-m layout-normal text-serif-m layout-padded\"><strong class=\"_strong_o9xde_25\">Torsdag avsl\u00f8rte VG og flere samarbeidende medier at et flertall av 30 europeiske land <a href=\"https:\/\/www.vg.no\/nyheter\/i\/RjxWl5\/vg-avsloerer-pasienter-sviktet-i-hele-europa-halvparten-av-landene-aapnet-ikke-alvorlige-varsler-om-leger\" data-track-element-type=\"Link\" data-track-id=\"link:RjxWl5\" class=\"_link_o9xde_39\" rel=\"nofollow noopener\" target=\"_blank\">ikke \u00e5pnet<\/a> de mest alvorlige varslene om avskiltede leger i fjor.<\/strong><\/p>\n<p class=\"_paragraph_o9xde_4 _paragraph_xtcu6_10 layout-component text-serif-m layout-normal text-serif-m layout-padded\">Mediene avsl\u00f8rte ogs\u00e5 hvordan helsepersonell som er avskiltet og varslet om de siste \u00e5rene likevel er tilbake i nye jobber &#8211; med nye uvitende pasienter &#8211; i nye land. Blant dem er:<\/p>\n<ul class=\"_list_o9xde_3 _list_xtcu6_9 _unordered_o9xde_106 layout-component text-serif-m layout-normal text-serif-m layout-padded\">\n<li class=\"_item_o9xde_30\">En psykiater avskiltet for \u00e5 oppbevare filmer med voldtekter av spedbarn i Sverige jobber n\u00e5 i Portugal.<\/li>\n<li class=\"_item_o9xde_30\">En lege avskiltet for sterk faglig svikt i Sverige og Norge jobber p\u00e5 Kypros.<\/li>\n<li class=\"_item_o9xde_30\">En tannlege som skadet pasientene sine og ble beskrevet som \u00abgrovt inkompetent\u00bb og en \u00abstor risiko\u00bb i Sverige jobber n\u00e5 i Belgia.<\/li>\n<\/ul>\n<p class=\"_paragraph_o9xde_4 _paragraph_xtcu6_10 layout-component text-serif-m layout-normal text-serif-m layout-padded\">Hverken Portugal, Kypros eller Belgia hadde \u00e5pnet varslene sendt av Norge og Sverige, viser interne logger fra <a href=\"https:\/\/www.vg.no\/tag\/eu?utm_source=vg-article&amp;utm_medium=auto-tagger&amp;utm_campaign=rrLvga\" class=\"_link_o9xde_39\" rel=\"nofollow noopener\" target=\"_blank\">EU<\/a>-kommisjonens databaser som journalistene fikk tilgang til.<\/p>\n<p class=\"_paragraph_o9xde_4 _paragraph_xtcu6_10 layout-component text-serif-m layout-normal text-serif-m layout-padded\">P\u00e5 sp\u00f8rsm\u00e5l fra journalister erkjenner n\u00e5 ogs\u00e5 flere land \u00e5pent at de ikke leser varslene som skal bidra til \u00e5 beskytte pasienter p\u00e5 tvers av Europa.<\/p>\n<p>\u2013 Alvorlig og urovekkende<\/p>\n<p class=\"_paragraph_o9xde_4 _paragraph_xtcu6_10 layout-component text-serif-m layout-normal text-serif-m layout-padded\">Det er ikke uvanlig at leger jobber i flere land med ulike autorisasjoner samtidig. Alle myndigheter i EU og E\u00d8S som avskilter en lege er derfor pliktige til \u00e5 varsle de 29 andre landene gjennom EUs IMI-systemIMI-system\u00abInformasjonssonssystemet for det indre marked\u00bb er opprettet av EU-kommisjonen for \u00e5 dele dokumenter og kunnskap mellom landene..<\/p>\n<p class=\"_paragraph_o9xde_4 _paragraph_xtcu6_10 layout-component text-serif-m layout-normal text-serif-m layout-padded\">VG og samarbeidende medier har f\u00e5tt tak i n\u00e6rmere 600 slike varsler om de mest alvorlige sakene fra 2024 og 2025. Dokumentene inneholder logger med hvilke myndigheter som har \u00e5pnet dem.<strong class=\"_strong_o9xde_25\"> <\/strong><\/p>\n<p class=\"_paragraph_o9xde_4 _paragraph_xtcu6_10 layout-component text-serif-m layout-normal text-serif-m layout-padded\"><strong class=\"_strong_o9xde_25\">I snitt \u00e5pnet kun 11 helsemyndigheter de 500 varslene de mottok i fjor. Det tilsvarer rundt en tredel av landene. <\/strong><\/p>\n<p class=\"_paragraph_o9xde_4 _paragraph_xtcu6_10 layout-component text-serif-m layout-normal text-serif-m layout-padded\">Se grafikk lenger ned i artikkelen.<\/p>\n<p class=\"_paragraph_o9xde_4 _paragraph_xtcu6_10 layout-component text-serif-m layout-normal text-serif-m layout-padded\">\u2013 Vi er ikke kjent med andre tilsvarende analyser av bruken av IMI-systemet. Vi syns det er alvorlig og urovekkende at IMI-systemet synes \u00e5 v\u00e6re s\u00e5 lite brukt som n\u00e5 er avdekket, sier direkt\u00f8r Sjur Lehmann i Statens helsetilsyn til VG.<\/p>\n<p><img decoding=\"async\" alt=\"Bilde av Direkt\u00f8r Sjur Lehmann i Statens helsetilsyn i intervju med VG.\" class=\"_image_ygndg_42\" height=\"27\" itemprop=\"image\" loading=\"lazy\"  src=\"https:\/\/www.europesays.com\/no\/wp-content\/uploads\/2025\/12\/dc3cb55a-5a8b-4819-9d9c-3997249ffbb9\"  width=\"40\"\/><strong class=\"_name_ygndg_51 title-serif-xs\">Direkt\u00f8r Sjur Lehmann i Statens helsetilsyn i intervju med VG.<\/strong><\/p>\n<p class=\"_paragraph_o9xde_4 _paragraph_xtcu6_10 layout-component text-serif-m layout-normal text-serif-m layout-padded\">\u2013 En \u00e5penbar konsekvens er at helsepersonell som har mistet sin autorisasjon i et land kan fortsette \u00e5 praktisere i andre land. Det kan inneb\u00e6re en risiko for pasientsikkerheten, utdyper han.<\/p>\n<p><img alt=\"Varselet om den svenske tannlegen som VG har innhentet. VG har sladdet detaljer om kvinnen.  Foto: Faksimile\" class=\"_image_qp4xg_65 layout-component layout-normal\" data-fullscreen- data-track-element-type=\"Article image fullscreen\" data-track-name=\"ImageFullscreen\" decoding=\"async\" loading=\"lazy\" height=\"3783\" itemprop=\"image\"  src=\"https:\/\/www.europesays.com\/no\/wp-content\/uploads\/2025\/12\/f64cc1a5-ebb7-42d5-8747-2ae708b28fc5\"  style=\"object-position:0% 0%\" width=\"2857\"\/>Varselet om den svenske tannlegen som VG har innhentet. VG har sladdet detaljer om kvinnen.  Foto: FaksimileSlik er varslene<\/p>\n<p class=\"_paragraph_o9xde_4 _paragraph_xtcu6_10 _paragraph_16v91_10 layout-component text-serif-m layout-normal text-sans-m layout-padded\">N\u00e5r helsepersonell mister autorisasjonen i ett europeisk land, skal lokale myndigheter varsle de andre gjennom \u00abInformationssystemet for det indre marked\u00bb (IMI).<\/p>\n<p class=\"_paragraph_o9xde_4 _paragraph_xtcu6_10 _paragraph_16v91_10 layout-component text-serif-m layout-normal text-sans-m layout-padded\">IMI skal v\u00e6re et sikkerhetsnett for \u00e5 unng\u00e5 at helsepersonell som kan utgj\u00f8re en fare for pasienter f\u00e5r jobbe andre steder.<\/p>\n<p class=\"_paragraph_o9xde_4 _paragraph_xtcu6_10 _paragraph_16v91_10 layout-component text-serif-m layout-normal text-sans-m layout-padded\">VG og samarbeidende medier har f\u00e5tt tak i: <\/p>\n<ul class=\"_list_o9xde_3 _list_xtcu6_9 _list_16v91_9 _unordered_o9xde_106 layout-component text-serif-m layout-normal text-sans-m layout-padded\">\n<li class=\"_item_o9xde_30\">497 IMI-varsler om europeiske leger som mistet autorisasjonen eller fikk begrensninger av \u00abvesentlige \u00e5rsaker\u00bb i 2024.<\/li>\n<li class=\"_item_o9xde_30\">Rundt 100 tilsvarende varsler i 2025.<\/li>\n<li class=\"_item_o9xde_30\">Flere eldre IMI-varsler.<\/li>\n<li class=\"_item_o9xde_30\">Logger over hvilke saksbehandlere og myndigheter som har h\u00e5ndtert de ulike varslene, og hva de har gjort med dem.<\/li>\n<\/ul>\n<p class=\"_paragraph_o9xde_4 _paragraph_xtcu6_10 _paragraph_16v91_10 layout-component text-serif-m layout-normal text-sans-m layout-padded\">Varslene inneholder en rekke detaljer, som legenes navn, yrke og f\u00f8dselsdato. Videre st\u00e5r det hvilken myndighetmyndighetHvem som har myndighet til \u00e5 ilegge sanksjoner varierer fra land til land. I Norge er det Statens helsetilsynet. I noen andre europeiske land er det lokale legeforeninger som sjekker IMI-varsler. som har ilagt sanksjonen. Varslene inneholder ogs\u00e5 to logger:<\/p>\n<ul class=\"_list_o9xde_3 _list_xtcu6_9 _list_16v91_9 _unordered_o9xde_106 layout-component text-serif-m layout-normal text-sans-m layout-padded\">\n<li class=\"_item_o9xde_30\">En kalles \u00abmottagere\u00bb. Her fremg\u00e5r blant annet hvem som har \u00e5pnet rapporten.<\/li>\n<li class=\"_item_o9xde_30\">En kalles \u00abhistorikk\u00bb. Her fremg\u00e5r det hvilke saksbehandlere som har hentet ut navn p\u00e5 legene eller foretatt andre handlinger med varslene.<\/li>\n<li class=\"_item_o9xde_30\">VG har ogs\u00e5 f\u00e5tt innsyn i andre interne logger fra IMI-systemet med utfyllende informasjon om hvordan varslene er h\u00e5ndtert.<\/li>\n<\/ul>\n<p class=\"_paragraph_o9xde_4 _paragraph_xtcu6_10 _paragraph_16v91_10 layout-component text-serif-m layout-normal text-sans-m layout-padded\">30 land deltar i IMI-systemet og varslingsordningen om helsepersonell. <\/p>\n<p class=\"_paragraph_o9xde_4 _paragraph_xtcu6_10 _paragraph_16v91_10 layout-component text-serif-m layout-normal text-sans-m layout-padded\">I Tyskland er det de 16 delstatene som tar imot varsler via IMI-systemet fortl\u00f8pende. <\/p>\n<p>Vis mer\u2013 M\u00e5 endre holdninger<\/p>\n<p class=\"_paragraph_o9xde_4 _paragraph_xtcu6_10 layout-component text-serif-m layout-normal text-serif-m layout-padded\">Lehmann sier til VG at land som ikke sjekker varsler \u00abm\u00e5 endre b\u00e5de holdninger og handlinger for \u00e5 bidra til \u00f8kt pasientsikkerhet i Europa\u00bb.<\/p>\n<p class=\"_paragraph_o9xde_4 _paragraph_xtcu6_10 layout-component text-serif-m layout-normal text-serif-m layout-padded\"><strong class=\"_strong_o9xde_25\">\u2013 I tillegg b\u00f8r selve IMI-systemet forbedres, slik at det blir enklere \u00e5 bruke, sier Lehmann.<\/strong><\/p>\n<p class=\"_paragraph_o9xde_4 _paragraph_xtcu6_10 layout-component text-serif-m layout-normal text-serif-m layout-padded\">Flere lokale helsemyndigheter har sagt det samme til andre samarbeidende medier, uavhengig av hverandre: <\/p>\n<p class=\"_paragraph_o9xde_4 _paragraph_xtcu6_10 layout-component text-serif-m layout-normal text-serif-m layout-padded\"><strong class=\"_strong_o9xde_25\">Systemet EU-kommisjonen har laget for \u00e5 sende og lese varsler om farlig helsepersonell er s\u00e5 tungvint \u00e5 bruke at det kommer i veien for \u00e5 f\u00f8re tilsyn p\u00e5 en effektiv m\u00e5te.<\/strong><\/p>\n<p class=\"_paragraph_o9xde_4 _paragraph_xtcu6_10 layout-component text-serif-m layout-normal text-serif-m layout-padded\">EU-direktivet krever at land sender varsler om avskilting, men det er ikke p\u00e5lagt at man leser andres varsler. Det vil Statens helsetilsyn ha endret.<\/p>\n<p class=\"_paragraph_o9xde_4 _paragraph_xtcu6_10 layout-component text-serif-m layout-normal text-serif-m layout-padded\">\u2013 Ja, det b\u00f8r bli obligatorisk. M\u00e5lsettingen m\u00e5 v\u00e6re \u00e5 sikre at uegnet helsepersonell ikke kan sette pasientsikkerheten i fare ved \u00e5 flytte fra land til land, sier Lehmann.<\/p>\n<p>Om prosjektet \u00abBad Practice\u00bb<\/p>\n<ul class=\"_list_o9xde_3 _list_xtcu6_9 _list_16v91_9 _unordered_o9xde_106 layout-component text-serif-m layout-normal text-sans-m layout-padded\">\n<li class=\"_item_o9xde_30\">I fjor tok VG initiativ til et samarbeid mellom europeiske medier for \u00e5 unders\u00f8ke hvordan helsepersonell fortsetter \u00e5 jobbe i nye land etter \u00e5 skadet eller forgrepet seg p\u00e5 pasienter.<\/li>\n<li class=\"_item_o9xde_30\">Over 49 <\/li>\n<li class=\"_item_o9xde_30\">Initiativet var inspirert av VGs serie\u00a0<a href=\"https:\/\/www.vg.no\/spesial\/2021\/grenselos-terapi\/samleside\/\" class=\"_link_o9xde_39\" rel=\"nofollow noopener\" target=\"_blank\">\u00abGrensel\u00f8s terapi\u00bb<\/a>, som satte s\u00f8kelyset p\u00e5 hvordan psykologer og psykiatere utnyttet pasienter seksuelt.<\/li>\n<li class=\"_item_o9xde_30\">For \u00e5 finne avskiltede leger som jobbet i nye land, samlet 90 journalister inn over 2,5 millioner legeautorisasjoner, tilsynssaker, dommer og andre dokumenter fra 49 land. Informasjonen ble lagt i en database bygget av Organized Crime and Corruption Reporting Project (OCCRP) og krysset for \u00e5 finne avskiltede leger som jobber i nye land med nye pasienter.<\/li>\n<li class=\"_item_o9xde_30\">Prosjektet er ledet av VG, gravenettverket OCCRP og britiske The Times.<\/li>\n<\/ul>\n<p>Vis merEuropeisk register<\/p>\n<p class=\"_paragraph_o9xde_4 _paragraph_xtcu6_10 layout-component text-serif-m layout-normal text-serif-m layout-padded\">Det finnes regionale og internasjonale registre for en rekke yrker og roller, som <a href=\"https:\/\/www.easa.europa.eu\/en\/light\/topics\/drone-operators-pilots\" class=\"_link_o9xde_39\" rel=\"nofollow noopener\" target=\"_blank\">droneoperat\u00f8rer<\/a>, <a href=\"https:\/\/www.faa.gov\/regulations_policies\/pilot_records_database\" class=\"_link_o9xde_39\" rel=\"nofollow noopener\" target=\"_blank\">piloter<\/a> og <a href=\"https:\/\/www.iytworld.com\/courses\/international-certificate-of-competency-icc\/\" class=\"_link_o9xde_39\" rel=\"nofollow noopener\" target=\"_blank\">b\u00e5tf\u00f8rere<\/a>. Lehmann h\u00e5per at det p\u00e5 sikt etableres et felles europeisk helsepersonellregister for autoriserte leger, sykepleiere og helsefagarbeidere.<\/p>\n<p class=\"_paragraph_o9xde_4 _paragraph_xtcu6_10 layout-component text-serif-m layout-normal text-serif-m layout-padded\">\u2013 Det vil v\u00e6re til stor hjelp for pasient- og rettssikkerhet p\u00e5 tvers av Europa med et felles helsepersonellregister, hvor helsepersonell f\u00e5r et europeisk helsepersonellnummer. Helsetilsynet stiller seg bak utredning av et slikt system. Det b\u00f8r utredes n\u00e6rmere hvordan et eventuelt felles autorisasjonsregister kan utvikles og driftes, sier Lehmann.<\/p>\n<p>Tar avsl\u00f8ringene til EU<\/p>\n<p class=\"_paragraph_o9xde_4 _paragraph_xtcu6_10 layout-component text-serif-m layout-normal text-serif-m layout-padded\">VG <a href=\"https:\/\/www.vg.no\/nyheter\/i\/OowbnE\/vg-avsloerer-knivstakk-naboer-kan-vaere-lege-i-norge\" data-track-element-type=\"Link\" data-track-id=\"link:OowbnE\" class=\"_link_o9xde_39\" rel=\"nofollow noopener\" target=\"_blank\">avsl\u00f8rte<\/a> i oktober at minst 23 leger fortsatt kunne jobbe i Norge, til tross for at de er fratatt sin lokale legeautorisasjon i andre land. Legene var avskiltet fordi myndighetene der mente at de utgjorde en fare for pasienter. Flere av dem er ogs\u00e5 d\u00f8mt for alvorlig kriminalitet. <\/p>\n<p class=\"_paragraph_o9xde_4 _paragraph_xtcu6_10 layout-component text-serif-m layout-normal text-serif-m layout-padded\">En rekke liknende funn ble gjort i andre land av medier som deltar i prosjektet \u00abBad practice\u00bb, ledet av VG, OCCRP og britiske The Times. Over 50 medier i Europa og Amerika deltar.<\/p>\n<p class=\"_paragraph_o9xde_4 _paragraph_xtcu6_10 layout-component text-serif-m layout-normal text-serif-m layout-padded\"><strong class=\"_strong_o9xde_25\">N\u00e5, to m\u00e5neder senere, er flere leger suspendert og avskiltet i Norge, etter at Statens helsetilsyn \u00e5pnet unders\u00f8kelser i sakene.<\/strong><\/p>\n<p class=\"_paragraph_o9xde_4 _paragraph_xtcu6_10 layout-component text-serif-m layout-normal text-serif-m layout-padded\">B\u00e5de Helsedirektoratet og Statens helsetilsyn har skjerpet sine rutiner for \u00e5 unng\u00e5 lignende problemer i fremtiden, men mener ogs\u00e5 at det europeiske systemet m\u00e5 endres.<\/p>\n<p class=\"_paragraph_o9xde_4 _paragraph_xtcu6_10 layout-component text-serif-m layout-normal text-serif-m layout-padded\">Helsedepartementet har allerede gitt noen innspill om forbedringer til EU-kommisjonen.<\/p>\n<p class=\"_paragraph_o9xde_4 _paragraph_xtcu6_10 layout-component text-serif-m layout-normal text-serif-m layout-padded\">\u2013 Vi har ogs\u00e5 tatt initiativ overfor flere EU-kommiss\u00e6rer, store EU-medlemsland og formannskapet i EU og sagt at vi mener dette systemet ikke er tilstrekkelig. Folk skal kunne v\u00e6re trygge p\u00e5 de som yter helsehjelp b\u00e5de i Norge og i Europa, og vi kommer til \u00e5 f\u00f8lge opp dette videre, sier Vestre.<\/p>\n<p>Krever flere grep raskt<\/p>\n<p class=\"_paragraph_o9xde_4 _paragraph_xtcu6_10 layout-component text-serif-m layout-normal text-serif-m layout-padded\">Leder av helsekomiteen p\u00e5 Stortinget, Kjersti Toppe (Sp) krever flere strakstiltak og sier det vil komme sp\u00f8rsm\u00e5l til statsr\u00e5d Vestre om hans h\u00e5ndtering etter torsdagens avsl\u00f8ringer.<\/p>\n<p><img decoding=\"async\" alt=\"Bilde av Kjersti Toppe (Sp)\" class=\"_image_ygndg_42\" height=\"27\" itemprop=\"image\" loading=\"lazy\"  src=\"https:\/\/www.europesays.com\/no\/wp-content\/uploads\/2025\/12\/0efe2489-e590-4258-b59d-48cbc1adc26e\"  width=\"40\"\/><strong class=\"_name_ygndg_51 title-serif-xs\">Kjersti Toppe (Sp)<\/strong><\/p>\n<p class=\"_paragraph_o9xde_4 _paragraph_xtcu6_10 layout-component text-serif-m layout-normal text-serif-m layout-padded\">\u2013 Jeg mener avsl\u00f8ringen m\u00e5 f\u00f8re til en straksopprydning der Helse- og omsorgsdepartementet, Helsedirektoratet og Statens helsetilsyn setter seg ned sammen, definerer risikoen og lager strakstiltak for \u00e5 sikre pasientsikkerheten i Norge, sier Toppe til VG.<\/p>\n<p class=\"_paragraph_o9xde_4 _paragraph_xtcu6_10 layout-component text-serif-m layout-normal text-serif-m layout-padded\"><strong class=\"_strong_o9xde_25\">\u2013 Avsl\u00f8ringene m\u00e5 f\u00f8re til mer selvstendige unders\u00f8kelser av alt helsepersonell som kommer til Norge. Og vi m\u00e5 s\u00f8rge for at varsler som sendes til andre land kommer frem utenom IMI-systemet.<\/strong><\/p>\n<p class=\"_paragraph_o9xde_4 _paragraph_xtcu6_10 layout-component text-serif-m layout-normal text-serif-m layout-padded\">\u2013 Dette vil kreve ressurser men s\u00e5 lenge vi importerer s\u00e5 mye helsefolk s\u00e5 m\u00e5 vi gj\u00f8re det som skal til for \u00e5 kvalitetssjekke dem. Dette er for viktig til at det skal \u00abskure og g\u00e5\u00bb, sier Toppe.<\/p>\n<p>Ny avdelingsdirekt\u00f8r<\/p>\n<p class=\"_paragraph_o9xde_4 _paragraph_xtcu6_10 layout-component text-serif-m layout-normal text-serif-m layout-padded\">I Statens helsetilsyn har avdeling 2 hatt det daglige ansvaretet for behandlingen av tilsynssaker i en \u00e5rrekke. Flere saker ble gjenopptatt etter VGs avsl\u00f8ringer i oktober i \u00e5r og har endt med suspensjoner og tilbakekall av autoriasjoner.<\/p>\n<p class=\"_paragraph_o9xde_4 _paragraph_xtcu6_10 layout-component text-serif-m layout-normal text-serif-m layout-padded\">Kort tid etter avsl\u00f8ringene ble avdelingens ansvar for slike saker kraftig begrenset. VG f\u00e5r n\u00e5 bekreftet at avdelingsdirekt\u00f8ren er innvilget permisjon.<\/p>\n<p class=\"_paragraph_o9xde_4 _paragraph_xtcu6_10 layout-component text-serif-m layout-normal text-serif-m layout-padded\">\u2013 Vi fikk ny konstituert direkt\u00f8r denne uken. Avdelingsdirek\u00f8r har permisjon for \u00e5 v\u00e6re sekretariatsleder for Pasient- og brukerrettighetsutvalget som skal levere sin NOU innen 14. mai 2027, skriver kommunikasjonsr\u00e5dgiver Nina Vedholm til VG.<\/p>\n<p class=\"_paragraph_o9xde_4 _paragraph_xtcu6_10 layout-component text-serif-m layout-normal text-serif-m layout-padded\">VG har ikke lykkes med \u00e5 f\u00e5 en kommentar <\/p>\n<p class=\"_paragraph_o9xde_4 _paragraph_xtcu6_10 layout-component text-serif-m layout-normal text-serif-m layout-padded\">Konstituert direkt\u00f8r i avdelingen er Vigdis Malt Mar\u00f8y.<\/p>\n","protected":false},"excerpt":{"rendered":"\u2013 N\u00e5r vi har et felles arbeidsmarked for helsepersonell, er det viktig at informasjonsutveksling p\u00e5 tvers av landene&hellip;\n","protected":false},"author":2,"featured_media":118168,"comment_status":"","ping_status":"","sticky":false,"template":"","format":"standard","meta":{"footnotes":""},"categories":[12],"tags":[7801,20,21,279,24,25,15,22,23,13,30,28,29,14,16,5459,26,27,42,43,44,45],"class_list":{"0":"post-118167","1":"post","2":"type-post","3":"status-publish","4":"format-standard","5":"has-post-thumbnail","7":"category-verden","8":"tag-bad-practice","9":"tag-breaking-news","10":"tag-breakingnews","11":"tag-eu","12":"tag-featured-news","13":"tag-featurednews","14":"tag-headlines","15":"tag-latest-news","16":"tag-latestnews","17":"tag-news","18":"tag-no","19":"tag-norge","20":"tag-norway","21":"tag-nyheter","22":"tag-overskrifter","23":"tag-statens-helsetilsyn","24":"tag-top-stories","25":"tag-topstories","26":"tag-verden","27":"tag-world","28":"tag-world-news","29":"tag-worldnews"},"share_on_mastodon":{"url":"https:\/\/pubeurope.com\/@no\/115751883109481732","error":""},"_links":{"self":[{"href":"https:\/\/www.europesays.com\/no\/wp-json\/wp\/v2\/posts\/118167","targetHints":{"allow":["GET"]}}],"collection":[{"href":"https:\/\/www.europesays.com\/no\/wp-json\/wp\/v2\/posts"}],"about":[{"href":"https:\/\/www.europesays.com\/no\/wp-json\/wp\/v2\/types\/post"}],"author":[{"embeddable":true,"href":"https:\/\/www.europesays.com\/no\/wp-json\/wp\/v2\/users\/2"}],"replies":[{"embeddable":true,"href":"https:\/\/www.europesays.com\/no\/wp-json\/wp\/v2\/comments?post=118167"}],"version-history":[{"count":0,"href":"https:\/\/www.europesays.com\/no\/wp-json\/wp\/v2\/posts\/118167\/revisions"}],"wp:featuredmedia":[{"embeddable":true,"href":"https:\/\/www.europesays.com\/no\/wp-json\/wp\/v2\/media\/118168"}],"wp:attachment":[{"href":"https:\/\/www.europesays.com\/no\/wp-json\/wp\/v2\/media?parent=118167"}],"wp:term":[{"taxonomy":"category","embeddable":true,"href":"https:\/\/www.europesays.com\/no\/wp-json\/wp\/v2\/categories?post=118167"},{"taxonomy":"post_tag","embeddable":true,"href":"https:\/\/www.europesays.com\/no\/wp-json\/wp\/v2\/tags?post=118167"}],"curies":[{"name":"wp","href":"https:\/\/api.w.org\/{rel}","templated":true}]}}