{"id":118169,"date":"2025-12-20T12:25:32","date_gmt":"2025-12-20T12:25:32","guid":{"rendered":"https:\/\/www.europesays.com\/no\/118169\/"},"modified":"2025-12-20T12:25:32","modified_gmt":"2025-12-20T12:25:32","slug":"grane-hattfjelldal-forventer-normal-stromtilforsel-sondag-men-julebaksten-bor-vente","status":"publish","type":"post","link":"https:\/\/www.europesays.com\/no\/118169\/","title":{"rendered":"Grane, Hattfjelldal | Forventer normal str\u00f8mtilf\u00f8rsel s\u00f8ndag \u2013 men julebaksten b\u00f8r vente"},"content":{"rendered":"\n<p>Det skriver Linea i en pressemelding som oppsummerer en ny status for str\u00f8msituasjonen etter at Statnett m\u00e5tte koble ut en trafo p\u00e5 Trofors 10. desember.<\/p>\n<p>\u2013 I forbindelse med innkoblingen s\u00f8ndag m\u00e5 det p\u00e5regnes kortvarige glimt i str\u00f8mnettet flere steder i Grane og Hattfjelldal. I omr\u00e5dene fra Mj\u00f8lkalia og mot R\u00f8ssvatn og Bleikvasslia vil det bli noe lengre str\u00f8mbrudd, opplyser kommunikasjonsansvarlig i Linea, Frode Dorp.<\/p>\n<p>\u00c5rsaken er at Lineas mont\u00f8rer m\u00e5 trinne ned transformatorer manuelt, og dette arbeidet kan ta noe tid.<\/p>\n<p>\u2013 Dette er en n\u00f8dvendig og kontrollert del av arbeidet med \u00e5 komme tilbake til normal drift. Vi forst\u00e5r at situasjonen har v\u00e6rt krevende for mange over tid, og ser n\u00e5 fram til \u00e5 f\u00e5 en normalsituasjon i str\u00f8mnettet igjen, slik at kundene v\u00e5re kan bruke str\u00f8mmen som normalt.<\/p>\n<p><b>Linea anbefaler at kundene unng\u00e5r str\u00f8mavhengige aktiviteter under innkoblingen, som for eksempel julebakst eller annet arbeid som krever stabil str\u00f8mforsyning.<\/b><\/p>\n<p>Det er sendt SMS-varsel til alle innbyggere i Grane og Hattfjelldal kommuner. Linea vil ogs\u00e5 holde kundene l\u00f8pende oppdatert gjennom s\u00f8ndagen i forbindelse med innkoblingen og overgangen til normal str\u00f8mforsyning.<\/p>\n<p>\u2013 N\u00e5r vi igjen er tilbake i normal drift, vil vi samtidig minne om at det aldri skader \u00e5 v\u00e6re bevisst eget str\u00f8mforbruk. Det er bra b\u00e5de for lommeboken, for naturen og for samfunnet, fordi lavere forbruk kan bidra til \u00e5 redusere behovet for nye, kostbare str\u00f8mlinjer og inngrep i naturen, sier Dorp. <\/p>\n<p>Dersom det skulle oppst\u00e5 forhold som medf\u00f8rer forsinkelser, vil Linea informere fortl\u00f8pende.<\/p>\n","protected":false},"excerpt":{"rendered":"Det skriver Linea i en pressemelding som oppsummerer en ny status for str\u00f8msituasjonen etter at Statnett m\u00e5tte koble&hellip;\n","protected":false},"author":2,"featured_media":118170,"comment_status":"","ping_status":"","sticky":false,"template":"","format":"standard","meta":{"footnotes":""},"categories":[10],"tags":[36,20,21,24,25,2450,197,15,22,23,8188,62,13,30,28,29,14,16,1510,26,27],"class_list":{"0":"post-118169","1":"post","2":"type-post","3":"status-publish","4":"format-standard","5":"has-post-thumbnail","7":"category-norge","8":"tag-art","9":"tag-breaking-news","10":"tag-breakingnews","11":"tag-featured-news","12":"tag-featurednews","13":"tag-grane","14":"tag-hattfjelldal","15":"tag-headlines","16":"tag-latest-news","17":"tag-latestnews","18":"tag-linea","19":"tag-naeringsliv","20":"tag-news","21":"tag-no","22":"tag-norge","23":"tag-norway","24":"tag-nyheter","25":"tag-overskrifter","26":"tag-story","27":"tag-top-stories","28":"tag-topstories"},"share_on_mastodon":{"url":"https:\/\/pubeurope.com\/@no\/115751886712559145","error":""},"_links":{"self":[{"href":"https:\/\/www.europesays.com\/no\/wp-json\/wp\/v2\/posts\/118169","targetHints":{"allow":["GET"]}}],"collection":[{"href":"https:\/\/www.europesays.com\/no\/wp-json\/wp\/v2\/posts"}],"about":[{"href":"https:\/\/www.europesays.com\/no\/wp-json\/wp\/v2\/types\/post"}],"author":[{"embeddable":true,"href":"https:\/\/www.europesays.com\/no\/wp-json\/wp\/v2\/users\/2"}],"replies":[{"embeddable":true,"href":"https:\/\/www.europesays.com\/no\/wp-json\/wp\/v2\/comments?post=118169"}],"version-history":[{"count":0,"href":"https:\/\/www.europesays.com\/no\/wp-json\/wp\/v2\/posts\/118169\/revisions"}],"wp:featuredmedia":[{"embeddable":true,"href":"https:\/\/www.europesays.com\/no\/wp-json\/wp\/v2\/media\/118170"}],"wp:attachment":[{"href":"https:\/\/www.europesays.com\/no\/wp-json\/wp\/v2\/media?parent=118169"}],"wp:term":[{"taxonomy":"category","embeddable":true,"href":"https:\/\/www.europesays.com\/no\/wp-json\/wp\/v2\/categories?post=118169"},{"taxonomy":"post_tag","embeddable":true,"href":"https:\/\/www.europesays.com\/no\/wp-json\/wp\/v2\/tags?post=118169"}],"curies":[{"name":"wp","href":"https:\/\/api.w.org\/{rel}","templated":true}]}}