{"id":11817,"date":"2025-08-19T03:25:11","date_gmt":"2025-08-19T03:25:11","guid":{"rendered":"https:\/\/www.europesays.com\/no\/11817\/"},"modified":"2025-08-19T03:25:11","modified_gmt":"2025-08-19T03:25:11","slug":"har-angrepet-oljerorledning-som-gar-til-ungarn","status":"publish","type":"post","link":"https:\/\/www.europesays.com\/no\/11817\/","title":{"rendered":"Har angrepet oljer\u00f8rledning som g\u00e5r til Ungarn"},"content":{"rendered":"\n<p class=\"_lead_1bvmi_2 _lead_xtcu6_50 layout-component text-serif-m layout-normal text-serif-l layout-component layout-wide layout-padded _wide_17hqh_1 layout-padded\">Det bekrefter den ukrainske generalstaben.<\/p>\n<p><img alt=\" Foto: AP \/ NTB\" class=\"_image_qp4xg_65 layout-component layout-wide\" data-fullscreen- data-track-element-type=\"Article image fullscreen\" data-track-name=\"ImageFullscreen\" fetchpriority=\"high\" decoding=\"sync\" loading=\"eager\" height=\"2001\" itemprop=\"image\"  src=\"https:\/\/www.europesays.com\/no\/wp-content\/uploads\/2025\/08\/1bb355d3-a227-498e-b384-f537e117f7b2\"  style=\"object-position:0% 0%\" width=\"3000\"\/> Foto: AP \/ NTB<\/p>\n<ul aria-hidden=\"true\" class=\"_images_1y6fe_106\">\n<li><a class=\"_link_1y6fe_111\" href=\"https:\/\/www.vg.no\/forfatter\/isak-loeve-pilskog-loe\" style=\"z-index:1\" title=\"Isak L\u00f8ve Pilskog Loe\" rel=\"nofollow noopener\" target=\"_blank\"><img alt=\"Bilde av Isak L\u00f8ve Pilskog Loe\" class=\"_image_1y6fe_88\" fetchpriority=\"low\" loading=\"lazy\" decoding=\"async\" itemprop=\"image\"  src=\"https:\/\/www.europesays.com\/no\/wp-content\/uploads\/2025\/08\/1755573910_821_8b0354e3-bf53-460c-9c1c-790321a0c923\"  width=\"480\"\/><\/a><\/li>\n<\/ul>\n<p> Oppdatert tirsdag 19. august kl. 04:54     <\/p>\n<p class=\"_paragraph_1bvmi_4 _paragraph_xtcu6_10 layout-component text-serif-m layout-normal text-serif-m layout-padded\">Natt til 18. august slo ukrainske droner til mot en russisk oljepumpestasjon i Tambov-regionen. <\/p>\n<p class=\"_paragraph_1bvmi_4 _paragraph_xtcu6_10 layout-component text-serif-m layout-normal text-serif-m layout-padded\">Angrepet satte Nikolskoye-anlegget i brann og stanset all pumping gjennom Druzhba-r\u00f8rledningen \u2013 en av Russlands viktigste eksport\u00e5rer. <\/p>\n<p class=\"_paragraph_1bvmi_4 _paragraph_xtcu6_10 layout-component text-serif-m layout-normal text-serif-m layout-padded\">\u2013 Vi reduserer systematisk Russlands milit\u00e6re og \u00f8konomiske kapasitet, skriver den ukrainske generalstaben p\u00e5 <a href=\"https:\/\/www.facebook.com\/GeneralStaff.ua\/posts\/pfbid0cJsM38xttQ7VGv7rkwApQUeseCzvoRqWMaptuBeFWqAHMYvamsbWCAjfLMf7W7sYl?rdid=7uR9JOnEWqHwCKCj#\" class=\"_link_1bvmi_39\" rel=\"nofollow noopener\" target=\"_blank\">Facebook,<\/a> hvor de ogs\u00e5 bekrefter angrepet.<\/p>\n<p><img alt=\"Bildet, publisert av den ukrainske generalstaben, skal vise den delen av oljepumpestasjonen \u00abNikolskoye\u00bb som er truffet  Foto: Den ukrainske generalstaben \/ Facebook\" class=\"_image_qp4xg_65 layout-component layout-normal\" data-fullscreen- data-track-element-type=\"Article image fullscreen\" data-track-name=\"ImageFullscreen\" decoding=\"async\" loading=\"lazy\" height=\"573\" itemprop=\"image\"  src=\"https:\/\/www.europesays.com\/no\/wp-content\/uploads\/2025\/08\/53263453-36c4-470f-bdbf-998b43984fec\"  style=\"object-position:0% 0%\" width=\"939\"\/>Bildet, publisert av den ukrainske generalstaben, skal vise den delen av oljepumpestasjonen \u00abNikolskoye\u00bb som er truffet  Foto: Den ukrainske generalstaben \/ FacebookUngarn raser mot Kyiv<\/p>\n<p class=\"_paragraph_1bvmi_4 _paragraph_xtcu6_10 layout-component text-serif-m layout-normal text-serif-m layout-padded\">Reaksjonen i Budapest lot ikke vente p\u00e5 seg. <\/p>\n<p class=\"_paragraph_1bvmi_4 _paragraph_xtcu6_10 layout-component text-serif-m layout-normal text-serif-m layout-padded\">\u2013 Skandal\u00f8st og uakseptabelt, skriver utenriksminister P\u00e9ter Szijj\u00e1rt\u00f3 p\u00e5 <a href=\"https:\/\/www.facebook.com\/100047499063575\/posts\/1289333562659934\/?rdid=PAtCRiWS7VaO7jWC\" class=\"_link_1bvmi_39\" rel=\"nofollow noopener\" target=\"_blank\">Facebook<\/a>.<\/p>\n<p class=\"_paragraph_1bvmi_4 _paragraph_xtcu6_10 layout-component text-serif-m layout-normal text-serif-m layout-padded\">Han hevder angrepet setter Ungarns energisikkerhet i fare, og viser til at Russland n\u00e5 hastesender eksperter for \u00e5 reparere pumpestasjonen. <\/p>\n<p class=\"_paragraph_1bvmi_4 _paragraph_xtcu6_10 layout-component text-serif-m layout-normal text-serif-m layout-padded\">N\u00e5r leveransene gjenopptas, er uklart.<\/p>\n<p><img alt=\"P\u00e9ter Szijj\u00e1rt\u00f3, Ungarns utenriksminister.  Foto: Petros Karadjias \/ AP \/ NTB\" class=\"_image_qp4xg_65 layout-component layout-normal\" data-fullscreen- data-track-element-type=\"Article image fullscreen\" data-track-name=\"ImageFullscreen\" decoding=\"async\" loading=\"lazy\" height=\"3666\" itemprop=\"image\"  src=\"https:\/\/www.europesays.com\/no\/wp-content\/uploads\/2025\/08\/661fce96-d6d0-40ae-80cf-e662eb4eaaed\"  style=\"object-position:0% 0%\" width=\"5500\"\/>P\u00e9ter Szijj\u00e1rt\u00f3, Ungarns utenriksminister.  Foto: Petros Karadjias \/ AP \/ NTB<\/p>\n<p class=\"_paragraph_1bvmi_4 _paragraph_xtcu6_10 layout-component text-serif-m layout-normal text-serif-m layout-padded\">Allerede forrige uke beskyldte Szijj\u00e1rt\u00f3 Ukraina for \u00e5 ha angrepet en n\u00f8kkelstasjon i Bryansk-regionen. N\u00e5 kaller han det siste droneangrepet \u00abs\u00e6rlig oppr\u00f8rende\u00bb, ettersom Ungarn samtidig er Ukrainas st\u00f8rste str\u00f8mleverand\u00f8r. <\/p>\n<p class=\"_paragraph_1bvmi_4 _paragraph_xtcu6_10 layout-component text-serif-m layout-normal text-serif-m layout-padded\">\u2013 Uten oss ville Ukrainas energiforsyning v\u00e6rt langt mer ustabil, skrav han p\u00e5 <a href=\"https:\/\/www.facebook.com\/szijjarto.peter.official\/posts\/1285542203039070?ref=embed_post\" class=\"_link_1bvmi_39\" rel=\"nofollow noopener\" target=\"_blank\">Facebook<\/a> da.<\/p>\n<p class=\"_paragraph_1bvmi_4 _paragraph_xtcu6_10 layout-component text-serif-m layout-normal text-serif-m layout-padded\"><strong class=\"_strong_1bvmi_25\">Vil ikke inn i krigen<\/strong><\/p>\n<p class=\"_paragraph_1bvmi_4 _paragraph_xtcu6_10 layout-component text-serif-m layout-normal text-serif-m layout-padded\">Den ungarske utenriksministeren anklager b\u00e5de Brussel og Kyiv for \u00e5 fors\u00f8ke \u00e5 dra Ungarn inn i krigen. <\/p>\n<p class=\"_paragraph_1bvmi_4 _paragraph_xtcu6_10 layout-component text-serif-m layout-normal text-serif-m layout-padded\">\u2013 Dette er ikke v\u00e5r krig, slo han fast, og understreket at Viktor Orb\u00e1ns regjering vil holde landet utenfor. <\/p>\n<p class=\"_paragraph_1bvmi_4 _paragraph_xtcu6_10 layout-component text-serif-m layout-normal text-serif-m layout-padded\">Likevel minnet han ukrainske politikere om \u00e9n ting: Ungarsk str\u00f8m er avgj\u00f8rende for Ukrainas energisystem.<\/p>\n<p>EU strammer grepet om russisk energi<\/p>\n<p class=\"_paragraph_1bvmi_4 _paragraph_xtcu6_10 layout-component text-serif-m layout-normal text-serif-m layout-padded\">Druzhba-r\u00f8rledningen har i ti\u00e5r fraktet Ural-r\u00e5olje, og dekker mer enn halvparten av Ungarns importbehov. <\/p>\n<p class=\"_paragraph_1bvmi_4 _paragraph_xtcu6_10 layout-component text-serif-m layout-normal text-serif-m layout-padded\">Ukraina fastholder at pumpestasjonen i Tambov ikke bare er kritisk for Russlands \u00f8konomi, men ogs\u00e5 for forsyningen av okkupasjonsstyrker.<\/p>\n<p class=\"_paragraph_1bvmi_4 _paragraph_xtcu6_10 layout-component text-serif-m layout-normal text-serif-m layout-padded\">Midt i striden legger EU-kommisjonen fram en <a href=\"https:\/\/ec.europa.eu\/commission\/presscorner\/detail\/en\/ip_25_1504\" class=\"_link_1bvmi_39\" rel=\"nofollow noopener\" target=\"_blank\">plan<\/a>: forbud mot russisk gass og LNG-import innen 2027. <\/p>\n<p class=\"_paragraph_1bvmi_4 _paragraph_xtcu6_10 layout-component text-serif-m layout-normal text-serif-m layout-padded\">Reglene utformes slik at Ungarn og Slovakia ikke kan blokkere forslaget. Brussel signaliserer dermed at EUs energistrategi skal ligge fast \u2013 uavhengig av Orb\u00e1n.<\/p>\n","protected":false},"excerpt":{"rendered":"Det bekrefter den ukrainske generalstaben. Foto: AP \/ NTB Oppdatert tirsdag 19. august kl. 04:54 Natt til 18.&hellip;\n","protected":false},"author":2,"featured_media":11818,"comment_status":"","ping_status":"","sticky":false,"template":"","format":"standard","meta":{"footnotes":""},"categories":[5],"tags":[20,21,279,24,25,15,19,179,22,23,17,18,13,30,28,29,14,16,26,27,2393],"class_list":{"0":"post-11817","1":"post","2":"type-post","3":"status-publish","4":"format-standard","5":"has-post-thumbnail","7":"category-overskrifter","8":"tag-breaking-news","9":"tag-breakingnews","10":"tag-eu","11":"tag-featured-news","12":"tag-featurednews","13":"tag-headlines","14":"tag-hovedoppslag","15":"tag-krigen-i-ukraina","16":"tag-latest-news","17":"tag-latestnews","18":"tag-main-news","19":"tag-mainnews","20":"tag-news","21":"tag-no","22":"tag-norge","23":"tag-norway","24":"tag-nyheter","25":"tag-overskrifter","26":"tag-top-stories","27":"tag-topstories","28":"tag-ungarn"},"share_on_mastodon":{"url":"","error":""},"_links":{"self":[{"href":"https:\/\/www.europesays.com\/no\/wp-json\/wp\/v2\/posts\/11817","targetHints":{"allow":["GET"]}}],"collection":[{"href":"https:\/\/www.europesays.com\/no\/wp-json\/wp\/v2\/posts"}],"about":[{"href":"https:\/\/www.europesays.com\/no\/wp-json\/wp\/v2\/types\/post"}],"author":[{"embeddable":true,"href":"https:\/\/www.europesays.com\/no\/wp-json\/wp\/v2\/users\/2"}],"replies":[{"embeddable":true,"href":"https:\/\/www.europesays.com\/no\/wp-json\/wp\/v2\/comments?post=11817"}],"version-history":[{"count":0,"href":"https:\/\/www.europesays.com\/no\/wp-json\/wp\/v2\/posts\/11817\/revisions"}],"wp:featuredmedia":[{"embeddable":true,"href":"https:\/\/www.europesays.com\/no\/wp-json\/wp\/v2\/media\/11818"}],"wp:attachment":[{"href":"https:\/\/www.europesays.com\/no\/wp-json\/wp\/v2\/media?parent=11817"}],"wp:term":[{"taxonomy":"category","embeddable":true,"href":"https:\/\/www.europesays.com\/no\/wp-json\/wp\/v2\/categories?post=11817"},{"taxonomy":"post_tag","embeddable":true,"href":"https:\/\/www.europesays.com\/no\/wp-json\/wp\/v2\/tags?post=11817"}],"curies":[{"name":"wp","href":"https:\/\/api.w.org\/{rel}","templated":true}]}}