{"id":118171,"date":"2025-12-20T12:27:11","date_gmt":"2025-12-20T12:27:11","guid":{"rendered":"https:\/\/www.europesays.com\/no\/118171\/"},"modified":"2025-12-20T12:27:11","modified_gmt":"2025-12-20T12:27:11","slug":"herjet-foran-rekordpublikum","status":"publish","type":"post","link":"https:\/\/www.europesays.com\/no\/118171\/","title":{"rendered":"Herjet foran rekordpublikum"},"content":{"rendered":"<p class=\"italic m-italic\" data-lab-italic=\"italic\">Saken oppdateres!<\/p>\n<p>Lou Jeanmonnot var ustoppelig foran rekordpublikummet p\u00e5 hjemmebane. Over 21.000 var p\u00e5 plass for \u00e5 se jaktstarten.<\/p>\n<p>Suvi Minkkinen ble nummer to foran Dorothea Wierer.<\/p>\n<p>        <img class=\"image__img lazyload\" itemprop=\"image\" title=\"Foto: OLIVIER CHASSIGNOLE \/ AFP \/ NTB\" alt=\"FOLKEHAV: Det var en skikkelig fest p\u00e5 jaktstarten i Frankrike. Foto: OLIVIER CHASSIGNOLE \/ AFP \/ NTB\" width=\"978\" height=\"551\" bad-src=\"https:\/\/www.europesays.com\/no\/wp-content\/uploads\/2025\/12\/18403188.webp\" fetchpriority=\"auto\" \/><\/p>\n<p>      FOLKEHAV: Det var en skikkelig fest p\u00e5 jaktstarten i Frankrike.<br \/>\n         Foto: OLIVIER CHASSIGNOLE \/ AFP \/ NTB<\/p>\n<p>For Ingrid Landmark Tandrevold, som hadde et blytungt utgangspunkt da hun startet som nummer 39, kunne jaktstarten kun g\u00e5 oppover. Hun startet bra med 15 av 15 treff, men p\u00e5 siste st\u00e5ende ble det to bom. Det endte med 24. plass.\u00a0<\/p>\n<p class=\"bold m-bold\" data-lab-font_weight=\"bold\">\u2013 Jeg kjenner jeg er skikkelig forbannet p\u00e5 meg selv. Jeg \u00f8delegger for meg selv og det er s\u00e5 frustrerende, sier Tandrevold til NRK.<\/p>\n<p>Til TV 2 utdyper Tandrevold:<\/p>\n<p>\u2013 Det var skikkelig bra frem til siste st\u00e5ende.\u00a0<\/p>\n<p class=\"bold m-bold\" data-lab-font_weight=\"bold\">\u2013 Hadde jeg startet lang foran, hadde det v\u00e6rt et veldig bra l\u00f8p. Jeg var avhengig av at alt skulle sitte.<\/p>\n<p>        <img class=\"image__img lazyload\" itemprop=\"image\" title=\"Foto: OLIVIER CHASSIGNOLE \/ AFP \/ NTB\" alt=\"DRAR HJEM: Ingrid Landmark Tandrevold kan ta juleferie etter l\u00f8rdagens jaktstart. Hun g\u00e5r ikke s\u00f8ndagens fellesstart. Foto: OLIVIER CHASSIGNOLE \/ AFP \/ NTB\" width=\"978\" height=\"551\" bad-src=\"https:\/\/www.europesays.com\/no\/wp-content\/uploads\/2025\/12\/18403196.webp\" fetchpriority=\"auto\" \/><\/p>\n<p>      DRAR HJEM: Ingrid Landmark Tandrevold kan ta juleferie etter l\u00f8rdagens jaktstart. Hun g\u00e5r ikke s\u00f8ndagens fellesstart.<br \/>\n         Foto: OLIVIER CHASSIGNOLE \/ AFP \/ NTB<\/p>\n<p>Kr\u00e5kstad Johansen med 20 av 20<\/p>\n<p>For Norges del var det Karoline Knotten og Maren Hjelmeset Kirkeeide som hadde det beste utgangspunktet etter at de ble nummer \u00e5tte og ni p\u00e5 sprinten.<\/p>\n<p>De to klarte aldri \u00e5 blande seg helt inn i pallkampen. Kirkeeide ble beste norske med sin tolvteplass.<\/p>\n<p>Marthe Kr\u00e5kstad Johansen leverte 20 av 20 treff og gikk seg opp fra 40. til 15. plass.<\/p>\n<p> Knotten ble nummer 21. <\/p>\n","protected":false},"excerpt":{"rendered":"Saken oppdateres! Lou Jeanmonnot var ustoppelig foran rekordpublikummet p\u00e5 hjemmebane. Over 21.000 var p\u00e5 plass for \u00e5 se&hellip;\n","protected":false},"author":2,"featured_media":118172,"comment_status":"","ping_status":"","sticky":false,"template":"","format":"standard","meta":{"footnotes":""},"categories":[59],"tags":[30,28,29,83,82],"class_list":{"0":"post-118171","1":"post","2":"type-post","3":"status-publish","4":"format-standard","5":"has-post-thumbnail","7":"category-sport","8":"tag-no","9":"tag-norge","10":"tag-norway","11":"tag-sport","12":"tag-sports"},"share_on_mastodon":{"url":"https:\/\/pubeurope.com\/@no\/115751894570237757","error":""},"_links":{"self":[{"href":"https:\/\/www.europesays.com\/no\/wp-json\/wp\/v2\/posts\/118171","targetHints":{"allow":["GET"]}}],"collection":[{"href":"https:\/\/www.europesays.com\/no\/wp-json\/wp\/v2\/posts"}],"about":[{"href":"https:\/\/www.europesays.com\/no\/wp-json\/wp\/v2\/types\/post"}],"author":[{"embeddable":true,"href":"https:\/\/www.europesays.com\/no\/wp-json\/wp\/v2\/users\/2"}],"replies":[{"embeddable":true,"href":"https:\/\/www.europesays.com\/no\/wp-json\/wp\/v2\/comments?post=118171"}],"version-history":[{"count":0,"href":"https:\/\/www.europesays.com\/no\/wp-json\/wp\/v2\/posts\/118171\/revisions"}],"wp:featuredmedia":[{"embeddable":true,"href":"https:\/\/www.europesays.com\/no\/wp-json\/wp\/v2\/media\/118172"}],"wp:attachment":[{"href":"https:\/\/www.europesays.com\/no\/wp-json\/wp\/v2\/media?parent=118171"}],"wp:term":[{"taxonomy":"category","embeddable":true,"href":"https:\/\/www.europesays.com\/no\/wp-json\/wp\/v2\/categories?post=118171"},{"taxonomy":"post_tag","embeddable":true,"href":"https:\/\/www.europesays.com\/no\/wp-json\/wp\/v2\/tags?post=118171"}],"curies":[{"name":"wp","href":"https:\/\/api.w.org\/{rel}","templated":true}]}}