{"id":118173,"date":"2025-12-20T12:34:18","date_gmt":"2025-12-20T12:34:18","guid":{"rendered":"https:\/\/www.europesays.com\/no\/118173\/"},"modified":"2025-12-20T12:34:18","modified_gmt":"2025-12-20T12:34:18","slug":"ma-vaere-aerlig-med-meg-selv-2","status":"publish","type":"post","link":"https:\/\/www.europesays.com\/no\/118173\/","title":{"rendered":"&#8211; M\u00e5 v\u00e6re \u00e6rlig med meg selv"},"content":{"rendered":"<p>I Oslo og B\u00e6rum har det l\u00f8rdag blitt meldt om tre separate ulykker.<\/p>\n<p>Oslo-politiet melder at en trafikkulykke har funnet sted p\u00e5 E6 utg\u00e5ende ved Helsfyr i Oslo.<\/p>\n<p>&#8211; Tre bilister involvert. Skaper store trafikale problemer, skriver politiet.\u00a0<\/p>\n<p>Fredag var det varslet stortrafikk i forbindelse med juleutfarten. Men i 17-tida var det likevel mer trafikk inn i hovedstaden, enn ut.<\/p>\n<p>L\u00f8rdag er det imidlertid noe mer utfart.<\/p>\n<p>&#8211; Det ser annerledes ut i dag p\u00e5 E18 vestover, men det er nok mange som har valgt \u00e5 vente, sier Barbro Evensen Venhagen i Vegtrafikksentralen s\u00f8r.<\/p>\n<p>    <a itemprop=\"url\" href=\"https:\/\/www.dagbladet.no\/nyheter\/oppkalte-det-etter-seg-selv-overrasket\/84007006\" rel=\"nofollow noopener\" target=\"_blank\"><\/p>\n<p>        <img loading=\"lazy\" decoding=\"async\" src=\"https:\/\/www.europesays.com\/no\/wp-content\/uploads\/2025\/12\/84010746.webp\" width=\"980\" height=\"441\" title=\"Oppkalte det etter seg selv: - Overrasket\" alt=\"\" class=\"lazyload\" style=\"--aspect-ratio-image: 2.22; \"\/><\/p>\n<p>        Oppkalte det etter seg selv: &#8211; Overrasket<\/p>\n<p>    <\/a><\/p>\n<p>&#8211; Helt stengt  <\/p>\n<p>Evensen Venhagen omtaler den p\u00e5g\u00e5ende hendelsen p\u00e5 Helsfyr som \u00abverst akkurat n\u00e5\u00bb.<\/p>\n<p class=\"font-weight-bold m-font-weight-bold\" data-lab-font_weight=\"font-weight-bold\">&#8211; Der er det helt stengt. Brann og n\u00f8detater er p\u00e5 stedet, k\u00f8en strekker seg forbi Lodalen og ned mot byen, sier hun til Dagbladet.<\/p>\n<p>Klokka 12.53 skriver politiet at samtlige kj\u00f8refelt er blokkert som f\u00f8lge av ulykken.<\/p>\n<p>&#8211; Vi jobber med \u00e5 f\u00e5 fjerne de aktuelle kj\u00f8ret\u00f8yene, slik at veibanen kan \u00e5pnes s\u00e5 fort som mulig.<\/p>\n<p>Politiet melder at det er omkj\u00f8ring i Ekebergtunellen via Svartdalen.<\/p>\n<p>&#8211; Samtlige biler trenger berging, skriver politiet.<\/p>\n<p>    <a itemprop=\"url\" href=\"https:\/\/www.dagbladet.no\/nyheter\/advarer-mot-eia-halleluja\/83968769\" rel=\"nofollow noopener\" target=\"_blank\"><\/p>\n<p>        <img loading=\"lazy\" decoding=\"async\" src=\"https:\/\/www.europesays.com\/no\/wp-content\/uploads\/2025\/12\/84011470.webp\" width=\"980\" height=\"441\" title=\"Advarer mot Eia-halleluja\" alt=\"\" class=\"lazyload\" style=\"--aspect-ratio-image: 2.22; \"\/><\/p>\n<p>        Advarer mot Eia-halleluja<\/p>\n<p>    <\/a><\/p>\n<p>Klokka 13.18 melder politiet at venstre felt er \u00e5pent for vanlig biltrafikk.<\/p>\n<p>Tre ulykker\u00a0<\/p>\n<p>Ulykken skjedde ikke lenge etter en singelulykke p\u00e5 E6 ikke langt unna.<\/p>\n<p>&#8211; Trolig ingen personskade, men det medf\u00f8rer en del trafikkutfordringer, skrev politiet klokka 11.22.<\/p>\n<p>Ulykkene skyldes for lite avstand mellom bilene, sier Evensen Venhagen.<\/p>\n<p>&#8211; Det er sm\u00e5ulykker og ikke noe alvorlig, men f\u00f8rst og fremst handler det om for kort avstand mellom bilene. Det er det som skaper hendelsene.<\/p>\n<p>Hun ber:<\/p>\n<p class=\"font-weight-bold m-font-weight-bold\" data-lab-font_weight=\"font-weight-bold\">&#8211; Folk m\u00e5 holde avstand og v\u00e6re oppmerksomme.<\/p>\n<p>Samtidig opplyser om hun glatte veier.<\/p>\n<p>&#8211; I dag som i g\u00e5r har Innlandet glatte veier. Riksvei 4 forbi Nittedal og oppover, spesielt. Kj\u00f8r varsomt.<\/p>\n","protected":false},"excerpt":{"rendered":"I Oslo og B\u00e6rum har det l\u00f8rdag blitt meldt om tre separate ulykker. Oslo-politiet melder at en trafikkulykke&hellip;\n","protected":false},"author":2,"featured_media":118118,"comment_status":"","ping_status":"","sticky":false,"template":"","format":"standard","meta":{"footnotes":""},"categories":[59],"tags":[2347,249,30,28,29,83,82],"class_list":{"0":"post-118173","1":"post","2":"type-post","3":"status-publish","4":"format-standard","5":"has-post-thumbnail","7":"category-sport","8":"tag-aleksander-aamodt-kilde","9":"tag-alpint","10":"tag-no","11":"tag-norge","12":"tag-norway","13":"tag-sport","14":"tag-sports"},"share_on_mastodon":{"url":"https:\/\/pubeurope.com\/@no\/115751922321586544","error":""},"_links":{"self":[{"href":"https:\/\/www.europesays.com\/no\/wp-json\/wp\/v2\/posts\/118173","targetHints":{"allow":["GET"]}}],"collection":[{"href":"https:\/\/www.europesays.com\/no\/wp-json\/wp\/v2\/posts"}],"about":[{"href":"https:\/\/www.europesays.com\/no\/wp-json\/wp\/v2\/types\/post"}],"author":[{"embeddable":true,"href":"https:\/\/www.europesays.com\/no\/wp-json\/wp\/v2\/users\/2"}],"replies":[{"embeddable":true,"href":"https:\/\/www.europesays.com\/no\/wp-json\/wp\/v2\/comments?post=118173"}],"version-history":[{"count":0,"href":"https:\/\/www.europesays.com\/no\/wp-json\/wp\/v2\/posts\/118173\/revisions"}],"wp:featuredmedia":[{"embeddable":true,"href":"https:\/\/www.europesays.com\/no\/wp-json\/wp\/v2\/media\/118118"}],"wp:attachment":[{"href":"https:\/\/www.europesays.com\/no\/wp-json\/wp\/v2\/media?parent=118173"}],"wp:term":[{"taxonomy":"category","embeddable":true,"href":"https:\/\/www.europesays.com\/no\/wp-json\/wp\/v2\/categories?post=118173"},{"taxonomy":"post_tag","embeddable":true,"href":"https:\/\/www.europesays.com\/no\/wp-json\/wp\/v2\/tags?post=118173"}],"curies":[{"name":"wp","href":"https:\/\/api.w.org\/{rel}","templated":true}]}}