{"id":118176,"date":"2025-12-20T12:54:09","date_gmt":"2025-12-20T12:54:09","guid":{"rendered":"https:\/\/www.europesays.com\/no\/118176\/"},"modified":"2025-12-20T12:54:09","modified_gmt":"2025-12-20T12:54:09","slug":"sveitsisk-dominans-i-val-gardena-utforen-franjo-von-allmen-vant-foran-marco-odermatt","status":"publish","type":"post","link":"https:\/\/www.europesays.com\/no\/118176\/","title":{"rendered":"Sveitsisk dominans i Val Gardena-utforen \u2013 Franjo von Allmen vant foran Marco Odermatt"},"content":{"rendered":"\n<p class=\"_lead_o9xde_2 _lead_xtcu6_50 layout-component text-serif-m layout-normal text-serif-l layout-component layout-wide layout-padded _wide_17hqh_1 layout-padded\">Franjo von Allmen (24) og Marco Odermatt (28) var i en helt egen klasse. <\/p>\n<p> <img class=\"_image_qp4xg_65 layout-component layout-wide\" data-fullscreen- data-track-element-type=\"Article image fullscreen\" data-track-name=\"ImageFullscreen\" fetchpriority=\"high\" decoding=\"sync\" loading=\"eager\" height=\"102\" itemprop=\"image\"  src=\"https:\/\/www.europesays.com\/no\/wp-content\/uploads\/2025\/12\/f63a3ae147eadeace5c7561fd96fb3d9.jpg\"  style=\"object-position:50% 50%;aspect-ratio:1.75;height:auto;object-fit:cover;width:100%\" width=\"102\"\/>  <\/p>\n<ul aria-hidden=\"true\" class=\"_images_ntbth_112\">\n<li><a class=\"_link_ntbth_117\" href=\"https:\/\/www.vg.no\/forfatter\/sindre-espe\" style=\"z-index:1\" title=\"Sindre Espe\" rel=\"nofollow noopener\" target=\"_blank\"><img alt=\"Bilde av Sindre Espe\" class=\"_image_ntbth_93\" fetchpriority=\"low\" loading=\"lazy\" decoding=\"async\" itemprop=\"image\"  src=\"https:\/\/www.europesays.com\/no\/wp-content\/uploads\/2025\/12\/1766235249_130_5d41d29b-af5f-421d-80e6-42e6d80fe76e\"  width=\"480\"\/><\/a><\/li>\n<\/ul>\n<p> Oppdatert l\u00f8rdag 20. desember kl. 13:40     <\/p>\n<p class=\"_paragraph_o9xde_4 _paragraph_xtcu6_10 layout-component text-serif-m layout-normal text-serif-m layout-padded\">Rennet p\u00e5g\u00e5r fremdeles og kan f\u00f8lges p\u00e5 Viaplay. De antatt beste har kj\u00f8rt.<\/p>\n<p class=\"_paragraph_o9xde_4 _paragraph_xtcu6_10 layout-component text-serif-m layout-normal text-serif-m layout-padded\">De fleste trodde nok at Marco Odermatts l\u00f8p ville holde til seier da han kj\u00f8rte inn til ledelse, hele 82 hundredeler foran landsmannen Niels Hintermann i utforrennet i italienske Val Gardena.<\/p>\n<p class=\"_paragraph_o9xde_4 _paragraph_xtcu6_10 layout-component text-serif-m layout-normal text-serif-m layout-padded\">\u2013 Han er helt ubeskrivelig god, kommenterte Viaplay-ekspert Kjetil Jansrud. <\/p>\n<p class=\"_paragraph_o9xde_4 _paragraph_xtcu6_10 layout-component text-serif-m layout-normal text-serif-m layout-padded\">Men p\u00e5 startnummeret etter kom nok en sveitser. Franjo von Allmen ga alt \u2013 og litt til \u2013 og leverte et l\u00f8p som ingen har v\u00e6rt i n\u00e6rheten av \u00e5 sl\u00e5. <\/p>\n<p class=\"_paragraph_o9xde_4 _paragraph_xtcu6_10 layout-component text-serif-m layout-normal text-serif-m layout-padded\">\u2013 For noen atleter de sveitsiske alpinherrere har, sa Jansrud. <\/p>\n<p class=\"_paragraph_o9xde_4 _paragraph_xtcu6_10 layout-component text-serif-m layout-normal text-serif-m layout-padded\"><strong class=\"_strong_o9xde_25\">24-\u00e5ringen leder med tre tideler til Odermatt. Italienske Florian Schieder ble nummer tre, 98 hundredeler bak. <\/strong><\/p>\n<p class=\"_paragraph_o9xde_4 _paragraph_xtcu6_10 layout-component text-serif-m layout-normal text-serif-m layout-padded\">Adrian Smiseth Sejersted var Norges eneste h\u00e5p da <a href=\"https:\/\/www.vg.no\/tag\/aleksander-aamodt-kilde?utm_source=vg-article&amp;utm_medium=auto-tagger&amp;utm_campaign=q6LRGL\" class=\"_link_o9xde_39\" rel=\"nofollow noopener\" target=\"_blank\">Aleksander Aamodt Kilde<\/a> i <a href=\"https:\/\/www.vg.no\/sport\/i\/9pvERr\/kilde-staar-over-utforen-i-val-gardena-ikke-villig-til-aa-ta-den-risikoen\" data-track-element-type=\"Link\" data-track-id=\"link:9pvERr\" class=\"_link_o9xde_39\" rel=\"nofollow noopener\" target=\"_blank\">morgentimene valgte \u00e5 st\u00e5 over<\/a>. <\/p>\n<p class=\"_paragraph_o9xde_4 _paragraph_xtcu6_10 layout-component text-serif-m layout-normal text-serif-m layout-padded\">Smiseth Sejersted fikk det ikke til \u00e5 stemme, og var 2.35 sekunder bak von Allmen. Han endte til slutt som nummer 33.  <\/p>\n<p class=\"_paragraph_o9xde_4 _paragraph_xtcu6_10 layout-component text-serif-m layout-normal text-serif-m layout-padded\">\u2013 Jeg er litt spent p\u00e5 om Adrian hadde raske ski i dag eller ikke, p\u00e5pekte Jansrud. <\/p>\n<p class=\"_paragraph_o9xde_4 _paragraph_xtcu6_10 layout-component text-serif-m layout-normal text-serif-m layout-padded\">Dette er tredje dag p\u00e5 rad med farts\u00f8velser i Val Gardena. <\/p>\n<ul class=\"_list_o9xde_3 _list_xtcu6_9 _unordered_o9xde_106 layout-component text-serif-m layout-normal text-serif-m layout-padded\">\n<li class=\"_item_o9xde_30\">Torsdag tok Odermatt sin 50. verdenscupseier da han vant utforen foran von allmen og italienske Dominik Paris. I samme renn falt Fredrik M\u00f8ller stygt og ble fraktet til sykehus:<\/li>\n<\/ul>\n<ul class=\"_list_o9xde_3 _list_xtcu6_9 _unordered_o9xde_106 layout-component text-serif-m layout-normal text-serif-m layout-padded\">\n<li class=\"_item_o9xde_30\">Fredag l\u00e5 Odermatt nok en gang an til \u00e5 vinne, men p\u00e5 sent startnummer sjokkerte tsjekkiske Jan Zabystran og tok sin f\u00f8rste verdenscupseier. Odermatt ble nummer tre og italienske Giovanni Franzoni.<\/li>\n<\/ul>\n<p class=\"_paragraph_o9xde_4 _paragraph_xtcu6_10 layout-component text-serif-m layout-normal text-serif-m layout-padded\">Flere norske seierskandidater stiller til start n\u00e5r det kj\u00f8res storslal\u00e5m s\u00f8ndag. F\u00f8rste omgang begynner kl. 10.00, den andre kl. 13.00. Rennet vises p\u00e5 TV3 og Viaplay.<\/p>\n","protected":false},"excerpt":{"rendered":"Franjo von Allmen (24) og Marco Odermatt (28) var i en helt egen klasse. Oppdatert l\u00f8rdag 20. desember&hellip;\n","protected":false},"author":2,"featured_media":118177,"comment_status":"","ping_status":"","sticky":false,"template":"","format":"standard","meta":{"footnotes":""},"categories":[5],"tags":[13113,2347,249,20,21,24,25,15,19,22,23,17,18,13114,13,30,28,29,14,16,26,27],"class_list":{"0":"post-118176","1":"post","2":"type-post","3":"status-publish","4":"format-standard","5":"has-post-thumbnail","7":"category-overskrifter","8":"tag-adrian-smiseth-sejersted","9":"tag-aleksander-aamodt-kilde","10":"tag-alpint","11":"tag-breaking-news","12":"tag-breakingnews","13":"tag-featured-news","14":"tag-featurednews","15":"tag-headlines","16":"tag-hovedoppslag","17":"tag-latest-news","18":"tag-latestnews","19":"tag-main-news","20":"tag-mainnews","21":"tag-marco-odermatt","22":"tag-news","23":"tag-no","24":"tag-norge","25":"tag-norway","26":"tag-nyheter","27":"tag-overskrifter","28":"tag-top-stories","29":"tag-topstories"},"share_on_mastodon":{"url":"https:\/\/pubeurope.com\/@no\/115752001065237216","error":""},"_links":{"self":[{"href":"https:\/\/www.europesays.com\/no\/wp-json\/wp\/v2\/posts\/118176","targetHints":{"allow":["GET"]}}],"collection":[{"href":"https:\/\/www.europesays.com\/no\/wp-json\/wp\/v2\/posts"}],"about":[{"href":"https:\/\/www.europesays.com\/no\/wp-json\/wp\/v2\/types\/post"}],"author":[{"embeddable":true,"href":"https:\/\/www.europesays.com\/no\/wp-json\/wp\/v2\/users\/2"}],"replies":[{"embeddable":true,"href":"https:\/\/www.europesays.com\/no\/wp-json\/wp\/v2\/comments?post=118176"}],"version-history":[{"count":0,"href":"https:\/\/www.europesays.com\/no\/wp-json\/wp\/v2\/posts\/118176\/revisions"}],"wp:featuredmedia":[{"embeddable":true,"href":"https:\/\/www.europesays.com\/no\/wp-json\/wp\/v2\/media\/118177"}],"wp:attachment":[{"href":"https:\/\/www.europesays.com\/no\/wp-json\/wp\/v2\/media?parent=118176"}],"wp:term":[{"taxonomy":"category","embeddable":true,"href":"https:\/\/www.europesays.com\/no\/wp-json\/wp\/v2\/categories?post=118176"},{"taxonomy":"post_tag","embeddable":true,"href":"https:\/\/www.europesays.com\/no\/wp-json\/wp\/v2\/tags?post=118176"}],"curies":[{"name":"wp","href":"https:\/\/api.w.org\/{rel}","templated":true}]}}