{"id":118182,"date":"2025-12-20T13:01:21","date_gmt":"2025-12-20T13:01:21","guid":{"rendered":"https:\/\/www.europesays.com\/no\/118182\/"},"modified":"2025-12-20T13:01:21","modified_gmt":"2025-12-20T13:01:21","slug":"dette-jobber-proffdanserne-med","status":"publish","type":"post","link":"https:\/\/www.europesays.com\/no\/118182\/","title":{"rendered":"Dette jobber proffdanserne med"},"content":{"rendered":"<p>L\u00f8rdag kveld braker det l\u00f8s med en storsl\u00e5tt finale i \u00abSkal vi danse\u00bb \u2013 med hele tre finalister igjen p\u00e5 parketten.<\/p>\n<p>Influenser og skuespiller Tale Torjussen (20), komiker Viggo Venn (36) og tidligere skiskytter Tiril Eckhoff (35) er alle klare for \u00e5 gi alt i kampen om den gjeve pokalen.<\/p>\n<p>Men bak finalistene finner vi tre helt sentrale personer \u2013 proffdanserne som har fulgt kjendisene hele veien.\u00a0<\/p>\n<p>Sesongens siste dans er koreografert, men hva gj\u00f8r proffdanserne n\u00e5r lysene slukkes og parketten st\u00e5r tom?\u00a0Slik lever de utenfor dansebobla.<\/p>\n<p>Var p\u00e5 utkikk etter jobb\u00a0<\/p>\n<p>For Torjussens dansepartner, italienske Antonio Careri (27), tar ikke dansen slutt idet \u00abSkal vi danse\u00bb-lysene slukkes. Tvert imot er det nettopp dansen som fyller hverdagen hans \u2013 \u00e5ret rundt.<\/p>\n<p>\u2013 Jeg er en danser. Jeg danser p\u00e5 fulltid, sier han til TV 2.\u00a0<\/p>\n<p>Careri forteller at veien inn i \u00abSkal vi danse\u00bb i utgangspunktet var ganske pragmatisk:\u00a0<\/p>\n<p>        <img class=\"image__img lazyload\" itemprop=\"image\" title=\"Foto: Petter S\u00f8rum-Johansen \/ TV 2\" alt=\"F\u00d8RSTE SESONG: Italienske Antonio Careri danser med Tale Torjussen. Dette er hans f\u00f8rste sesong i \u00abSkal vi danse\u00bb-universet. Foto: Petter S\u00f8rum-Johansen \/ TV 2\" width=\"675\" height=\"466\" bad-src=\"https:\/\/www.europesays.com\/no\/wp-content\/uploads\/2025\/12\/18400372.webp\" fetchpriority=\"auto\" \/><\/p>\n<p>      F\u00d8RSTE SESONG: Italienske Antonio Careri danser med Tale Torjussen. Dette er hans f\u00f8rste sesong i \u00abSkal vi danse\u00bb-universet.<br \/>\n         Foto: Petter S\u00f8rum-Johansen \/ TV 2<\/p>\n<p>\u2013 Hovedgrunnen til at jeg er her er fordi jeg var p\u00e5 utkikk etter jobb og s\u00e5 fant jeg \u00abSkal vi danse\u00bb, forklarer han.<\/p>\n<p>Det som startet som et oppdrag, har imidlertid utviklet seg til noe langt mer personlig.<\/p>\n<p>\u2013 For meg var \u00abSkal vi danse\u00bb kun en jobb i begynnelsen, men n\u00e5 f\u00f8les det som mye mer enn det. Jeg hadde aldri trodd det kom til \u00e5 f\u00f8les s\u00e5 spesielt, sier han, f\u00f8r han legger til at han h\u00e5per eventyret langt fra er over:\u00a0<\/p>\n<p>\u2013 Jeg h\u00e5per jeg kommer tilbake hit neste \u00e5r ogs\u00e5.<\/p>\n<p>Store kontraster\u00a0<\/p>\n<p>N\u00e5r sesongen er over for Rikke Lund (29), dansepartneren til Venn, venter en hverdag med stor kontrast til dansebobla \u2013 hvor hun bytter ut danseskoene med en helt annen uniform.<\/p>\n<p>\u2013 Da g\u00e5r jeg tilbake til min vanlige jobb som sykepleier, forteller hun til TV 2.<\/p>\n<p>Etter flere m\u00e5neder i \u00abSkal vi danse\u00bb-bobla er det rett tilbake til turnuslivet.\u00a0<\/p>\n<p>        <img class=\"image__img lazyload\" itemprop=\"image\" title=\"Foto: Tommy Storhaug \/ TV 2\" alt=\"VANT I 2023: Rikke Lund vant \u00abSkal vi danse All stars\u00bb sammen med Cengiz Al. Foto: Tommy Storhaug \/ TV 2\" width=\"978\" height=\"551\" bad-src=\"https:\/\/www.europesays.com\/no\/wp-content\/uploads\/2025\/12\/18400539.webp\" fetchpriority=\"auto\" \/><\/p>\n<p>      VANT I 2023: Rikke Lund vant \u00abSkal vi danse All stars\u00bb sammen med Cengiz Al.<br \/>\n         Foto: Tommy Storhaug \/ TV 2<\/p>\n<p>\u2013 Ja, n\u00e5 har du jobbet i psykiatrien med meg i snart 16 uker, skyter Venn inn sp\u00f8kefullt.\u00a0<\/p>\n<p>Lund ler og legger til:\u00a0<\/p>\n<p>\u2013 Snart er det tilbake til somatikken.\u00a0<\/p>\n<p>Dansereise til Fuerteventura\u00a0<\/p>\n<p>For Santino Mirenna (32), Eckhoffs dansepartner, blir det heller ingen rolig overgang til feriemodus n\u00e5r \u00abSkal vi danse\u00bb er ferdig. Ogs\u00e5 han holder dansefoten i takt.\u00a0<\/p>\n<p>        <img class=\"image__img lazyload\" itemprop=\"image\" title=\"Foto: Tommy Storhaug \/ TV 2\" alt=\"ITALIENSK: Santino Mirenna kommer i likhet som Antiono Careri fra Italia. Foto: Tommy Storhaug \/ TV 2\" width=\"675\" height=\"432\" bad-src=\"https:\/\/www.europesays.com\/no\/wp-content\/uploads\/2025\/12\/18400519.webp\" fetchpriority=\"auto\" \/><\/p>\n<p>      ITALIENSK: Santino Mirenna kommer i likhet som Antiono Careri fra Italia.<br \/>\n         Foto: Tommy Storhaug \/ TV 2<\/p>\n<p>\u2013 Jeg har booket noen jobber over nytt\u00e5r. Noen danseshow blant annet, s\u00e5 det er dans det g\u00e5r i, forteller han til TV 2.\u00a0<\/p>\n<p>Samtidig blir det rom for \u00e5 hente ny inspirasjon:<\/p>\n<p>\u2013 Jeg skal p\u00e5 en dansereise til Fuerteventura. Det gleder jeg meg til!<\/p>\n<p>Eckhoff skal p\u00e5 sin side tilbake til gamle trakter:\u00a0<\/p>\n<p>\u2013 Jeg skal jobbe med skiskyting for TV 2 resten av vinteren. Det gleder jeg meg til, sier hun, og legger til:\u00a0<\/p>\n<p>\u2013 Det blir veldig deilig f\u00e5 litt frisk luft!\u00a0<\/p>\n","protected":false},"excerpt":{"rendered":"L\u00f8rdag kveld braker det l\u00f8s med en storsl\u00e5tt finale i \u00abSkal vi danse\u00bb \u2013 med hele tre finalister&hellip;\n","protected":false},"author":2,"featured_media":118183,"comment_status":"","ping_status":"","sticky":false,"template":"","format":"standard","meta":{"footnotes":""},"categories":[5],"tags":[20,21,24,25,15,19,22,23,17,18,13,30,28,29,14,16,26,27],"class_list":{"0":"post-118182","1":"post","2":"type-post","3":"status-publish","4":"format-standard","5":"has-post-thumbnail","7":"category-overskrifter","8":"tag-breaking-news","9":"tag-breakingnews","10":"tag-featured-news","11":"tag-featurednews","12":"tag-headlines","13":"tag-hovedoppslag","14":"tag-latest-news","15":"tag-latestnews","16":"tag-main-news","17":"tag-mainnews","18":"tag-news","19":"tag-no","20":"tag-norge","21":"tag-norway","22":"tag-nyheter","23":"tag-overskrifter","24":"tag-top-stories","25":"tag-topstories"},"share_on_mastodon":{"url":"https:\/\/pubeurope.com\/@no\/115752028266339137","error":""},"_links":{"self":[{"href":"https:\/\/www.europesays.com\/no\/wp-json\/wp\/v2\/posts\/118182","targetHints":{"allow":["GET"]}}],"collection":[{"href":"https:\/\/www.europesays.com\/no\/wp-json\/wp\/v2\/posts"}],"about":[{"href":"https:\/\/www.europesays.com\/no\/wp-json\/wp\/v2\/types\/post"}],"author":[{"embeddable":true,"href":"https:\/\/www.europesays.com\/no\/wp-json\/wp\/v2\/users\/2"}],"replies":[{"embeddable":true,"href":"https:\/\/www.europesays.com\/no\/wp-json\/wp\/v2\/comments?post=118182"}],"version-history":[{"count":0,"href":"https:\/\/www.europesays.com\/no\/wp-json\/wp\/v2\/posts\/118182\/revisions"}],"wp:featuredmedia":[{"embeddable":true,"href":"https:\/\/www.europesays.com\/no\/wp-json\/wp\/v2\/media\/118183"}],"wp:attachment":[{"href":"https:\/\/www.europesays.com\/no\/wp-json\/wp\/v2\/media?parent=118182"}],"wp:term":[{"taxonomy":"category","embeddable":true,"href":"https:\/\/www.europesays.com\/no\/wp-json\/wp\/v2\/categories?post=118182"},{"taxonomy":"post_tag","embeddable":true,"href":"https:\/\/www.europesays.com\/no\/wp-json\/wp\/v2\/tags?post=118182"}],"curies":[{"name":"wp","href":"https:\/\/api.w.org\/{rel}","templated":true}]}}