{"id":118184,"date":"2025-12-20T13:09:29","date_gmt":"2025-12-20T13:09:29","guid":{"rendered":"https:\/\/www.europesays.com\/no\/118184\/"},"modified":"2025-12-20T13:09:29","modified_gmt":"2025-12-20T13:09:29","slug":"mann-siktet-for-drap-etter-voldshendelse-i-lier","status":"publish","type":"post","link":"https:\/\/www.europesays.com\/no\/118184\/","title":{"rendered":"Mann siktet for drap etter voldshendelse i Lier"},"content":{"rendered":"<p>Det melder politiet i en pressemelding.\u00a0<\/p>\n<p>Politiet i S\u00f8r-\u00d8st rykket natt til l\u00f8rdag ut til melding om at det skulle ligge en bevisstl\u00f8s person p\u00e5<br \/>\nen adresse i Tranbylia i Lier kommune. <\/p>\n<p>Da n\u00f8detatene ankom stedet, fant de en skadet mann utend\u00f8rs. Han ble senere erkl\u00e6rt d\u00f8d p\u00e5 sykehus. P\u00e5r\u00f8rende er varslet.<\/p>\n<p>\u2013 Det ble satt i gang livreddende f\u00f8rstehjelp, f\u00f8r det ble lokalisert ytterligere \u00e9n skadet person p\u00e5 stedet, sa operasjonsleder Espen Reite til TV 2 natt til l\u00f8rdag.<\/p>\n<p>        <img class=\"image__img lazyload\" itemprop=\"image\" title=\"Foto: Alexander Jansen \/ DRM24\" alt=\" Foto: Alexander Jansen \/ DRM24\" width=\"675\" height=\"379\" bad-src=\"https:\/\/www.europesays.com\/no\/wp-content\/uploads\/2025\/12\/18402706.webp\" fetchpriority=\"auto\" \/><\/p>\n<p>         Foto: Alexander Jansen \/ DRM24<\/p>\n<p>Inne p\u00e5 adressen ble det funnet en annen mann som var<br \/>\nlettere skadet. Ogs\u00e5 han ble sendt til sykehus og er n\u00e5 siktet for drap.<\/p>\n<p>\u2013 Vi er i en helt innledende fase av etterforskningen, og<br \/>\nder er derfor for tidlig \u00e5 si noe om hva slags relasjon det var mellom de<br \/>\ninvolverte, ut over at det fremst\u00e5r som at de skal ha hatt kjennskap til<br \/>\nhverandre, sier politiadvokat Ann Iren Svane Mathiassen.<\/p>\n<p>        <img class=\"image__img lazyload\" itemprop=\"image\" title=\"Foto: Jan Helge Rambj\u00f8r \/ TV 2\" alt=\"201225_Front\" width=\"607\" height=\"340\" bad-src=\"https:\/\/www.europesays.com\/no\/wp-content\/uploads\/2025\/12\/18403200.webp\" fetchpriority=\"auto\" \/><\/p>\n<p>      Politiadvokat Ann Iren Svane Mathiassen.<br \/>\n         Foto: Jan Helge Rambj\u00f8r \/ TV 2<\/p>\n<p>Ikke avh\u00f8rt<\/p>\n<p>L\u00f8rdag ettermiddag sier Mathiassen til TV 2 at siktede fremdeles er innlagt p\u00e5 sykehus med lettere skader og enn\u00e5 ikke avh\u00f8rt.\u00a0<\/p>\n<p>Advokat\u00a0Chamkor Singh Nagra i Advokatfirmaet Hasle er oppnevnt som siktedes forsvarer. Han har forel\u00f8pig ikke f\u00e5tt snakket med sin klient, opplyser han til TV 2.<\/p>\n<p>Politiet \u00f8nsker per n\u00e5 ikke \u00e5 si noe om hva som gj\u00f8r at<br \/>\nmannen i 40-\u00e5rene er siktet for drap, ut over at funn p\u00e5 stedet og p\u00e5 den n\u00e5<br \/>\navd\u00f8de personen i 30-\u00e5rene knytter mannen til handlingen.<\/p>\n<p> En nabo forteller til TV 2 at han h\u00f8rte br\u00e5k og banking p\u00e5 d\u00f8rer natt til l\u00f8rdag, ikke lenge f\u00f8r politiet fikk meldingen klokken 02.25. <\/p>\n<p>Avh\u00f8rer vitner<\/p>\n<p>Politiet mener de to kjenner til hverandre fra f\u00f8r. De var begge bosatt p\u00e5 adressen, opplyser politiadvokaten.<\/p>\n<p>Det skal ikke ha v\u00e6rt andre involverte i hendelsen, men det har v\u00e6rt vitner. Politiet er i kontakt med disse.\u00a0<\/p>\n<p>\u2013 N\u00e5r det gjelder hva disse har sett, m\u00e5 vi snakke med dem. Det jobber vi med n\u00e5, sier Reite til TV 2, og beskriver den aktuelle adressen som et rolig sted.\u00a0<\/p>\n<p>Politiet foretar ogs\u00e5 tekniske og taktiske unders\u00f8kelser p\u00e5 og rundt \u00e5stedet. De ber om at personer som har sett eller h\u00f8rt noe som kan v\u00e6re av interesse for saken, tar kontakt.\u00a0<\/p>\n<p>        <img class=\"image__img lazyload\" itemprop=\"image\" title=\"Foto: Alexander Jansen \/ DRM24\" alt=\" Foto: Alexander Jansen \/ DRM24\" width=\"675\" height=\"379\" bad-src=\"https:\/\/www.europesays.com\/no\/wp-content\/uploads\/2025\/12\/18402707.webp\" fetchpriority=\"auto\" \/><\/p>\n<p>         Foto: Alexander Jansen \/ DRM24<\/p>\n<p>Foranledningen til hendelsen er ukjent for politiet.\u00a0\u00a0Politiet driver med unders\u00f8kelser p\u00e5 stedet, og det ventes at arbeidet vil p\u00e5g\u00e5 gjennom dagen.<\/p>\n<p>Politiet vil ikke si noe om hvordan de to personene har blitt skadet eller om det har blitt gjort beslag i saken, av hensyn til etterforskningen.\u00a0<\/p>\n","protected":false},"excerpt":{"rendered":"Det melder politiet i en pressemelding.\u00a0 Politiet i S\u00f8r-\u00d8st rykket natt til l\u00f8rdag ut til melding om at&hellip;\n","protected":false},"author":2,"featured_media":118185,"comment_status":"","ping_status":"","sticky":false,"template":"","format":"standard","meta":{"footnotes":""},"categories":[5],"tags":[20,21,24,25,15,19,22,23,17,18,13,30,28,29,14,16,26,27],"class_list":{"0":"post-118184","1":"post","2":"type-post","3":"status-publish","4":"format-standard","5":"has-post-thumbnail","7":"category-overskrifter","8":"tag-breaking-news","9":"tag-breakingnews","10":"tag-featured-news","11":"tag-featurednews","12":"tag-headlines","13":"tag-hovedoppslag","14":"tag-latest-news","15":"tag-latestnews","16":"tag-main-news","17":"tag-mainnews","18":"tag-news","19":"tag-no","20":"tag-norge","21":"tag-norway","22":"tag-nyheter","23":"tag-overskrifter","24":"tag-top-stories","25":"tag-topstories"},"share_on_mastodon":{"url":"https:\/\/pubeurope.com\/@no\/115752059759818939","error":""},"_links":{"self":[{"href":"https:\/\/www.europesays.com\/no\/wp-json\/wp\/v2\/posts\/118184","targetHints":{"allow":["GET"]}}],"collection":[{"href":"https:\/\/www.europesays.com\/no\/wp-json\/wp\/v2\/posts"}],"about":[{"href":"https:\/\/www.europesays.com\/no\/wp-json\/wp\/v2\/types\/post"}],"author":[{"embeddable":true,"href":"https:\/\/www.europesays.com\/no\/wp-json\/wp\/v2\/users\/2"}],"replies":[{"embeddable":true,"href":"https:\/\/www.europesays.com\/no\/wp-json\/wp\/v2\/comments?post=118184"}],"version-history":[{"count":0,"href":"https:\/\/www.europesays.com\/no\/wp-json\/wp\/v2\/posts\/118184\/revisions"}],"wp:featuredmedia":[{"embeddable":true,"href":"https:\/\/www.europesays.com\/no\/wp-json\/wp\/v2\/media\/118185"}],"wp:attachment":[{"href":"https:\/\/www.europesays.com\/no\/wp-json\/wp\/v2\/media?parent=118184"}],"wp:term":[{"taxonomy":"category","embeddable":true,"href":"https:\/\/www.europesays.com\/no\/wp-json\/wp\/v2\/categories?post=118184"},{"taxonomy":"post_tag","embeddable":true,"href":"https:\/\/www.europesays.com\/no\/wp-json\/wp\/v2\/tags?post=118184"}],"curies":[{"name":"wp","href":"https:\/\/api.w.org\/{rel}","templated":true}]}}