{"id":118190,"date":"2025-12-20T13:31:54","date_gmt":"2025-12-20T13:31:54","guid":{"rendered":"https:\/\/www.europesays.com\/no\/118190\/"},"modified":"2025-12-20T13:31:54","modified_gmt":"2025-12-20T13:31:54","slug":"cecilies-eventyrlige-liv-pa-kvipt-kjaerlighet-tradisjoner-og-frierbrev","status":"publish","type":"post","link":"https:\/\/www.europesays.com\/no\/118190\/","title":{"rendered":"Cecilies eventyrlige liv p\u00e5 Kvipt: Kj\u00e6rlighet, tradisjoner og frierbrev"},"content":{"rendered":"<p>En vinterdag i 2022 sitter Cecilie Korneliussen foran TV-en med moren og faren hjemme p\u00e5 Skjerv\u00f8y i Troms. Programmet som vises er\u00a0Olav p\u00e5 Kvipt, om Olav som driver gjesteg\u00e5rd og bilverksted p\u00e5 fjellg\u00e5rden i Fyresdal i Telemark. G\u00e5rden er fra 1200-tallet og mellom tj\u00e6rede t\u00f8mmervegger har Olavs slekt bodd\u00a0og holdt tradisjonene ved like helt siden 1600-tallet.\u00a0\u00a0<\/p>\n<p>Cecilies pappa p\u00e5 Skjerv\u00f8y f\u00f8lger med p\u00e5 NRK-serien\u00a0Olav p\u00e5 Kvipt. Selv er Cecilie utdannet jurist og har v\u00e6rt ute og reist og regner seg som eventyrlysten. Etter jussstudiene i Troms\u00f8 hadde hun egentlig sett for seg et liv som advokat i Oslo.\u00a0<\/p>\n<p>        <img loading=\"lazy\" decoding=\"async\" src=\"https:\/\/www.europesays.com\/no\/wp-content\/uploads\/2025\/12\/84002038.webp\" width=\"667\" height=\"801\" title=\"EVENTYR: Cecilie Korneliussen er eventyrlysten, og b\u00e5de f\u00f8r og etter jusstudiene har hun reist og sett mye av verden. FOTO: Privat\" alt=\"\" class=\"\" style=\"--aspect-ratio-image: 0.83; \"\/><\/p>\n<p>\n        EVENTYR: Cecilie Korneliussen er eventyrlysten, og b\u00e5de f\u00f8r og etter jusstudiene har hun reist og sett mye av verden. FOTO: Privat\n    <\/p>\n<p>Men n\u00e5 er det noe med denne Olav som gj\u00f8r henne nysgjerrig. Mannen i ullgenser og lue fra 1800-tallet, med en grom dialekt og\u00a0hang til amerikanske biler.\u00a0 \u00a0\u00a0<\/p>\n<p>&#8211; Jeg begynte \u00e5 f\u00f8lge ham p\u00e5 Instagram, og tenkte at om han fulgte meg tilbake, skulle jeg sende ham en melding, forteller Cecilie Korneliussen (35).\u00a0<\/p>\n<p>Vi m\u00f8ter henne i stua hjemme p\u00e5 Kvipt, sammen med Olav. For det ble faktisk de to. Etter en biltur som kom p\u00e5 nesten tjue tusen kroner, frierbrev og gaver som fortsatte \u00e5 str\u00f8mme p\u00e5 til Olav &#8211; selv etter at Cecilie flyttet inn p\u00e5 Kvipt, og ivrige m\u00f8dre som mente at deres datter sannelig var den rette kona for Telemarks store s\u00f8nn.\u00a0\u00a0<\/p>\n<p>Vi kommer tilbake til alt det.\u00a0<\/p>\n<p>    <a itemprop=\"url\" href=\"https:\/\/www.kk.no\/mamma\/fant-navnet-risset-inn-i-en-vinduskarm\/83611431\" rel=\"nofollow noopener\" target=\"_blank\"><\/p>\n<p>        <img loading=\"lazy\" decoding=\"async\" src=\"https:\/\/www.europesays.com\/no\/wp-content\/uploads\/2025\/12\/1766237436_434_83695188.webp\" width=\"147\" height=\"98\" title=\"Fant barnets navn risset inn i en vinduskarm\" alt=\"\" class=\"lazyload\" style=\"--aspect-ratio-image: 1.50; \"\/><\/p>\n<p>        Fant barnets navn risset inn i en vinduskarm<\/p>\n<p>    <\/a><\/p>\n<p>&#8211; Ufattelig kjekk\t<\/p>\n<p>N\u00e5r vi m\u00f8ter paret p\u00e5 skjerm, st\u00e5r jula st\u00e5r for d\u00f8ren p\u00e5 Kvipt. Det er lys og stjerner i vinduene slik det har v\u00e6rt helt\u00a0siden Olavs forfedre stelte til jol s\u00e5 lang tilbake som til dansketiden. Olav, som har br\u00f8ytevakt i grenda om vinteren, har kunnet ta det med ro i \u00e5r, gitt regnet som h\u00f8ljer ned i Birtedalen.\u00a0<\/p>\n<p>        <img loading=\"lazy\" decoding=\"async\" src=\"https:\/\/www.europesays.com\/no\/wp-content\/uploads\/2025\/12\/83996217.webp\" width=\"980\" height=\"559\" title=\"SN\u00d8EN SOM FALT P\u00c5 KVIPT I FJOR: ... er saktens bedre enn regnet i \u00e5r.FOTO: Privat\" alt=\"\" class=\"\" style=\"--aspect-ratio-image: 1.75; \"\/><\/p>\n<p>\n        SN\u00d8EN SOM FALT P\u00c5 KVIPT I FJOR: &#8230; er saktens bedre enn regnet i \u00e5r.FOTO: Privat\n    <\/p>\n<p>Det hersker en ro i stua som er merkbar selv gjennom skjermen. Her sitter de, to unge mennesker &#8211; med en fire hundre \u00e5r gammel arv \u00e5 forvalte &#8211;\u00a0 og ingen av dem ser ut til \u00e5 \u00f8nske \u00e5 v\u00e6re noe annet sted enn akkurat her.\u00a0<\/p>\n<p>        <img loading=\"lazy\" decoding=\"async\" src=\"https:\/\/www.europesays.com\/no\/wp-content\/uploads\/2025\/12\/83990633.webp\" width=\"667\" height=\"441\" title=\"HARMONI: Olav og Cecilie da vi intervjuer dem p\u00e5 skjerm fra Kvipt i Birtedalen i Telemark FOTO: Hege L\u00f8vstad Toverud\" alt=\"\" class=\"\" style=\"--aspect-ratio-image: 1.51; \"\/><\/p>\n<p>\n        HARMONI: Olav og Cecilie da vi intervjuer dem p\u00e5 skjerm fra Kvipt i Birtedalen i Telemark FOTO: Hege L\u00f8vstad Toverud\n    <\/p>\n<p>Cecilie forteller om det lille mirakelet som utspilte seg den dagen p\u00e5 Skjerv\u00f8y for tre \u00e5r siden, da Olav faktisk begynte \u00e5 f\u00f8lge henne tilbake, og hun sendte ham en melding.\u00a0<\/p>\n<p>&#8211; Det f\u00f8rste jeg festet meg med, var at jeg syntes han var<br \/>\nufattelig kjekk. Han var akkurat det jeg s\u00e5 etter, handyman,<br \/>\nlyslugga &#8230; Nei, jeg bare ble betatt med en gang. Og s\u00e5 kom det veldig godt med at han var en ordentlig<br \/>\nhandyman, ogs\u00e5. Jeg liker det litt gammeldags.<\/p>\n<p>&#8211; Du har jo f\u00e5tt gammeldags i b\u00f8tter og spann i Olav?<\/p>\n<p>&#8211; Ja, det kan du si. Og han er virkelig s\u00e5nn, det er ikke noen iscenesatte greier. Man skulle tro at han er fra 1800-tallet. <\/p>\n<p>Det f\u00f8rste telefonsamtalen varte i sju og en halv time, og paret beskriver en p\u00e5fallende god kjemi. Olav forteller om hva han falt for:\u00a0<\/p>\n<p>&#8211; Det var hele personligheten henne, utseendet og utstr\u00e5lingen, og at hun hadde veldig gode vibber. Den perfekte f\u00f8lelsen. S\u00e5 det var bare \u00e5 h\u00e5pe at hun likte meg like mye tilbake.<\/p>\n<p>    <a itemprop=\"url\" href=\"https:\/\/www.kk.no\/livet\/roper-planer-sander-har-bestilt-det\/83987103\" rel=\"nofollow noopener\" target=\"_blank\"><\/p>\n<p>        <img loading=\"lazy\" decoding=\"async\" src=\"https:\/\/www.europesays.com\/no\/wp-content\/uploads\/2025\/12\/83862155.webp\" width=\"980\" height=\"441\" title=\"R\u00f8per planer: - Sander har bestilt det\" alt=\"\" class=\"lazyload\" style=\"--aspect-ratio-image: 2.22; \"\/><\/p>\n<p>        R\u00f8per planer: &#8211; Sander har bestilt det<\/p>\n<p>    <\/a><\/p>\n<p>Bilturen nordover\t<\/p>\n<p>En vinterdag i 2022 satte Olav seg i en av sine veteranbiler, en gr\u00f8nn Chevrolet, og snirklet seg nedover fjellsiden fra Kvipt, og la ut p\u00e5 den\u00a0 1987 km lange kj\u00f8returen nordover til Skjerv\u00f8y.\u00a0<\/p>\n<p>\u00abSlutt \u00e5 t\u00f8v\u00bb, sa Cecilies far, da han h\u00f8rte om meldingsutvekslingen, og at Olav fra Kvipt n\u00e5 skulle komme og bes\u00f8ke datteren.\u00a0<\/p>\n<p>&#8211;\u00a0 Jeg har v\u00e6rt spontan, eventyrlysten og uredd hele livet. Jeg tenker at jeg bare m\u00e5 ta sjansen og pr\u00f8ve, sier Cecilie.<\/p>\n<p>        <img loading=\"lazy\" decoding=\"async\" src=\"https:\/\/www.europesays.com\/no\/wp-content\/uploads\/2025\/12\/83992277.webp\" width=\"667\" height=\"1001\" title=\"LANG TUR: I 2022 kj\u00f8rte Olav nesten 200 mil for \u00e5 treffe Cecilie p\u00e5 Skjerv\u00f8y. Her fra da Olav var p\u00e5 bes\u00f8k, et par dager etter at de m\u00f8tte hverandre for f\u00f8rste gang. FOTO: Privat\" alt=\"\" class=\"\" style=\"--aspect-ratio-image: 0.67; \"\/><\/p>\n<p>\n        LANG TUR: I 2022 kj\u00f8rte Olav nesten 200 mil for \u00e5 treffe Cecilie p\u00e5 Skjerv\u00f8y. Her fra da Olav var p\u00e5 bes\u00f8k, et par dager etter at de m\u00f8tte hverandre for f\u00f8rste gang. FOTO: Privat\n    <\/p>\n<p>Snart rullet Olavs gr\u00f8nne Chevrolet inn p\u00e5 tunet &#8211; p\u00e5 den nest siste \u00f8ya i Troms &#8211; f\u00f8r Finnmark. Cecilie var temmelig solgt da Olav troppet opp i doningen sin, i flanellsskjorte og sixpence, som en levning fra 50-tallet. Noen gave hadde han ikke:\u00a0<\/p>\n<p>&#8211; Jeg bare tok det som det kom. Det kunne jo v\u00e6re at hun ikke ville ha meg i det<br \/>\nhele tatt. Det er best \u00e5 ikke ha for h\u00f8ye forventninger.<\/p>\n<p>Cecilie ler:\u00a0<\/p>\n<p>&#8211; For meg var det gave nok at det kostet 18 tusen kroner i drivstoff \u00e5 kj\u00f8re nordover!\u00a0<\/p>\n<p>    <a itemprop=\"url\" href=\"https:\/\/www.kk.no\/livet\/jeg-hadde-tvangstrekk-av-lonna-i-elleve-ar\/83818578\" rel=\"nofollow noopener\" target=\"_blank\"><\/p>\n<p>        <img loading=\"lazy\" decoding=\"async\" src=\"https:\/\/www.europesays.com\/no\/wp-content\/uploads\/2025\/12\/1766237446_43_83818601.webp\" width=\"147\" height=\"98\" title=\"- Jeg hadde tvangstrekk av l\u00f8nna i elleve \u00e5r\" alt=\"\" class=\"lazyload\" style=\"--aspect-ratio-image: 1.50; \"\/><\/p>\n<p>        &#8211; Jeg hadde tvangstrekk av l\u00f8nna i elleve \u00e5r<\/p>\n<p>    <\/a><\/p>\n<p>M\u00e5tte bli den som flyttet\t<\/p>\n<p>Med en familieg\u00e5rd fra 1600-tallet skj\u00f8nte Cecilie fort at det var\u00a0hun som m\u00e5tte flytte. Allerede i mai hadde hun f\u00e5tt jobb i Fyresdal kommune som jurist, og i juni flyttet hun ned.\u00a0<\/p>\n<p>Begge hadde hatt forhold f\u00f8r, men Olav hadde erfart at det er lett \u00e5 bli kremt av vinteren p\u00e5 Kvipt.\u00a0<\/p>\n<p>&#8211; Men heldigvis er Cecilie veldig vant til sn\u00f8 og kulde.<\/p>\n<p>Cecilie forteller at vinteren p\u00e5 Kvipt minner veldig om vinteren<br \/>\np\u00e5 Skjerv\u00f8y.\u00a0<\/p>\n<p>&#8211; Begge steder har alvorlige mengder sn\u00f8, og gjerne mye vind.\u00a0<\/p>\n<p>        <img loading=\"lazy\" decoding=\"async\" src=\"https:\/\/www.europesays.com\/no\/wp-content\/uploads\/2025\/12\/83998871.webp\" width=\"667\" height=\"901\" title=\"STEMNING: Ekte vinter har Cecilie funnet b\u00e5de p\u00e5 Skjerv\u00f8y, og i sitt nye hjem p\u00e5 Kvipt. Her fra julen 2024. FOTO: Privat\" alt=\"\" class=\"\" style=\"--aspect-ratio-image: 0.74; \"\/><\/p>\n<p>\n        STEMNING: Ekte vinter har Cecilie funnet b\u00e5de p\u00e5 Skjerv\u00f8y, og i sitt nye hjem p\u00e5 Kvipt. Her fra julen 2024. FOTO: Privat\n    <\/p>\n<p>Kvipt ligger 600 meter over havet, med 2, 5 kilometer til n\u00e6rmeste nabo &#8211; som forresten er svigerforeldrene hennes &#8211; og med tre mil ned til bygda. Cecilie trengte \u00e5 g\u00e5 noen runder med seg selv, men ikke s\u00e6rlig store, for hun kjente s\u00e5 sterkt at dette var riktig.\u00a0\u00a0<\/p>\n<p>&#8211; Men jeg ble jo advart. S\u00e6rlig av pappa, sier hun\u00a0lattermildt.\u00a0<\/p>\n<p>&#8211; Ikke mot Olav, for han hadde et veldig godt inntrykk av ham, med han sa: \u00abDet her er langt, langt inni skogen\u00bb.<\/p>\n<p>&#8211; Ikke skogen. Opp i fjellet, skyter Olav inn.\u00a0<\/p>\n<p>&#8211; Ja, opp i fjellet. Men etter at jeg flyttet ned og de s\u00e5 at jeg trivdes og fikk jobb, syns foreldrene mine det er veldig koselig.\u00a0<\/p>\n<p>Tre \u00e5r senere har paret datteren Sigrid (1,5), og i m\u00e5nedsskiftet februar\/mars venter de et barn til, denne gangen en liten gutt.\u00a0<\/p>\n<p>        <img loading=\"lazy\" decoding=\"async\" src=\"https:\/\/www.europesays.com\/no\/wp-content\/uploads\/2025\/12\/83992187.webp\" width=\"667\" height=\"921\" title=\"TRADISJONSRIKT: ... var det da lille Sigrid ble d\u00f8pt i 2023. D\u00e5psbarnet sover s\u00f8tt mellom stolte foreldre i bunad, Cecilie i bunad fra Vest-Telemark. FOTO: Privat\" alt=\"\" class=\"\" style=\"--aspect-ratio-image: 0.72; \"\/><\/p>\n<p>\n        TRADISJONSRIKT: &#8230; var det da lille Sigrid ble d\u00f8pt i 2023. D\u00e5psbarnet sover s\u00f8tt mellom stolte foreldre i bunad, Cecilie i bunad fra Vest-Telemark. FOTO: Privat\n    <\/p>\n<p>    <a itemprop=\"url\" href=\"https:\/\/www.kk.no\/mamma\/fikk-feil-navn-i-dapen\/81310663\" rel=\"nofollow noopener\" target=\"_blank\"><\/p>\n<p>        <img loading=\"lazy\" decoding=\"async\" src=\"https:\/\/www.europesays.com\/no\/wp-content\/uploads\/2025\/12\/81481662.webp\" width=\"147\" height=\"98\" title=\"Fikk feil navn i d\u00e5pen\" alt=\"\" class=\"lazyload\" style=\"--aspect-ratio-image: 1.50; \"\/><\/p>\n<p>        Fikk feil navn i d\u00e5pen<\/p>\n<p>    <\/a><\/p>\n<p>Ikke p\u00e5 butikken p\u00e5 flere m\u00e5neder\t<\/p>\n<p>I det daglige er han hjemme med lille Sigrid, som \u00abhjelper\u00bb ham med s\u00f8te barnehender i driften av gjesteg\u00e5rden.\u00a0<\/p>\n<p>Hver dag klokken 0700 kj\u00f8rer Cecilie hjemmefra for \u00e5 dra p\u00e5 jobb, mens Olav og Sigrid vinker p\u00e5 tunet.\u00a0<\/p>\n<p>&#8211; \u00d8nsket p\u00e5 sikt, med to barn, er \u00e5 kanskje g\u00e5 litt ned i stilling.\u00a0 Men samtidig f\u00e5r jeg handlet mens jeg er i bygda og gjort \u00e6render.\u00a0<\/p>\n<p>&#8211; Ja, det er bra. Det er flere m\u00e5neder siden jeg har v\u00e6rt p\u00e5 butikken, sier Olav, som m\u00e5 v\u00e6re i n\u00e6rheten av restauranten og ta seg av gjestene.\u00a0<\/p>\n<p>&#8211; Men jeg ser jo n\u00e5r Cecilie drar p\u00e5 jobb om morgenen at hun helst ville v\u00e6rt her med oss.\u00a0<\/p>\n<p>        <img loading=\"lazy\" decoding=\"async\" src=\"https:\/\/www.europesays.com\/no\/wp-content\/uploads\/2025\/12\/83992199.webp\" width=\"667\" height=\"561\" title=\"AKTIV: Sigrid er glad i \u00e5 hjelpe pappa Olav p\u00e5 g\u00e5rden, og de er mye p\u00e5 turer sammen. Her tar hun en pust i bakken p\u00e5 trammen. FOTO: Privat\" alt=\"\" class=\"\" style=\"--aspect-ratio-image: 1.19; \"\/><\/p>\n<p>\n        AKTIV: Sigrid er glad i \u00e5 hjelpe pappa Olav p\u00e5 g\u00e5rden, og de er mye p\u00e5 turer sammen. Her tar hun en pust i bakken p\u00e5 trammen. FOTO: Privat\n    <\/p>\n<p>    <a itemprop=\"url\" href=\"https:\/\/www.kk.no\/mamma\/dette-ante-jeg-ikke-om-bestefars-navn\/83417476\" rel=\"nofollow noopener\" target=\"_blank\"><\/p>\n<p>        <img loading=\"lazy\" decoding=\"async\" src=\"https:\/\/www.europesays.com\/no\/wp-content\/uploads\/2025\/12\/83584707.webp\" width=\"147\" height=\"98\" title=\"Navnet l\u00e5 p\u00e5 f\u00f8rsteplass i hele 33 \u00e5r\" alt=\"\" class=\"lazyload\" style=\"--aspect-ratio-image: 1.50; \"\/><\/p>\n<p>        Navnet l\u00e5 p\u00e5 f\u00f8rsteplass i hele 33 \u00e5r<\/p>\n<p>    <\/a><\/p>\n<p>&#8211; Driftig mann\t<\/p>\n<p>R\u00e5varene kommer fra selvskutt vilt fra jaktterrenget p\u00e5 Kvipt, og Olav lager det meste av maten:\u00a0<\/p>\n<p>&#8211; Akkurat der har vi snudd litt p\u00e5 det. P\u00e5 vinteren jobber han som bilmekaniker og billakkerer, s\u00e5 da har han verksted rett utenfor her, og da st\u00e5r middagen gjerne p\u00e5 bordet n\u00e5r jeg kommer hjem.<\/p>\n<p>&#8211; Ja, jeg m\u00e5 s\u00f8rge for mat og varme hver dag hele \u00e5ret, sier Olav som\u00a0 egenhendig vasker ut av alle gjestehytene, serverer i restauranten og tar seg av booking, i tillegg til drift av g\u00e5rden.\u00a0<\/p>\n<p>        <img loading=\"lazy\" decoding=\"async\" src=\"https:\/\/www.europesays.com\/no\/wp-content\/uploads\/2025\/12\/83998543.webp\" width=\"667\" height=\"968\" title=\"OLAV P\u00c5 KVIPT: ... har mye \u00e5 henge fingrene i med en stor g\u00e5rd fra 1600-tallet og en tradisjonsrik arv \u00e5 forvalte. Her er han i gang med \u00e5 lafte et nytt hus. FOTO: Privat\" alt=\"\" class=\"\" style=\"--aspect-ratio-image: 0.69; \"\/><\/p>\n<p>\n        OLAV P\u00c5 KVIPT: &#8230; har mye \u00e5 henge fingrene i med en stor g\u00e5rd fra 1600-tallet og en tradisjonsrik arv \u00e5 forvalte. Her er han i gang med \u00e5 lafte et nytt hus. FOTO: Privat\n    <\/p>\n<p>Vi sp\u00f8r, hvordan er det \u00e5 ha en mann med s\u00e5 mange jern i ilden?<\/p>\n<p>&#8211; Jeg har ikke det lenger n\u00e5. Jeg har roa meg veldig, p\u00e5st\u00e5r Olav.\u00a0<\/p>\n<p>Cecilie forteller det var uvant i starten.\u00a0<\/p>\n<p>&#8211; Han har s\u00e5 kapasitet, den mannen. Man<br \/>\nskulle tro at han var tre personer. Han er fantastisk, men han sover nesten<br \/>\nikke p\u00e5 sommeren. Han st\u00e5r opp klokka syv og begynner med frokosten, og s\u00e5 er<br \/>\ndet siste han gj\u00f8r, \u00e5 hive en br\u00f8dbakst p\u00e5 kvelden klokka ett. Han legger seg i tre-tida, og s\u00e5 er det opp igjen.<\/p>\n<p>&#8211; Ja, men det har roa seg litt, gjentar Olav.\u00a0<\/p>\n<p>&#8211; Blir det mindre tid til romantikk enn du hadde sett for deg, Cecilie?<\/p>\n<p>&#8211; Nei, absolutt ikke, forsikrer hun med ettertrykk:\u00a0<\/p>\n<p>&#8211; Han er en veldig<br \/>\nromantisk mann, s\u00e5 det f\u00e5r vi tid til. Han er en veldig kj\u00e6rlig, fin mann, s\u00e5 det er<br \/>\nikke noe man trenger \u00e5 minne ham p\u00e5. Haha. Nei da, det har blitt mer enn jeg kunne h\u00e5pe p\u00e5. <\/p>\n<p>        <img loading=\"lazy\" decoding=\"async\" src=\"https:\/\/www.europesays.com\/no\/wp-content\/uploads\/2025\/12\/84001834.webp\" width=\"667\" height=\"794\" title=\"IDYLL: Cecilie liker roen p\u00e5 Kvipt, og hun og Sigrid tar del i gj\u00f8rem\u00e5lene p\u00e5 g\u00e5rden. FOTO: Privat\" alt=\"\" class=\"\" style=\"--aspect-ratio-image: 0.84; \"\/><\/p>\n<p>\n        IDYLL: Cecilie liker roen p\u00e5 Kvipt, og hun og Sigrid tar del i gj\u00f8rem\u00e5lene p\u00e5 g\u00e5rden. FOTO: Privat\n    <\/p>\n<p>    <a itemprop=\"url\" href=\"https:\/\/www.kk.no\/samliv\/henriette-og-stian-gikk-fra-sommerflort-til-a-bli-samboere-dette-gjorde-at-vi-virkelig-fikk-det-til-1\/83291333\" rel=\"nofollow noopener\" target=\"_blank\"><\/p>\n<p>        <img loading=\"lazy\" decoding=\"async\" src=\"https:\/\/www.europesays.com\/no\/wp-content\/uploads\/2025\/12\/83291428.webp\" width=\"147\" height=\"109\" title=\"Henriette og Stian gikk fra sommerfl\u00f8rt til \u00e5 bli samboere: \u2013 Dette gjorde at vi virkelig fikk det til\" alt=\"\" class=\"lazyload\" style=\"--aspect-ratio-image: 1.35; \"\/><\/p>\n<p>        Henriette og Stian gikk fra sommerfl\u00f8rt til \u00e5 bli samboere: \u2013 Dette gjorde at vi virkelig fikk det til <\/p>\n<p>    <\/a><\/p>\n<p>Svigermor\t<\/p>\n<p>F\u00f8rste gang TV-seerne ble kjent med Cecilie, var i et juleprogram p\u00e5 NRK fra 2023, der hun og Olav hugget juletre, og Cecilie l\u00e6rte seg \u00e5 stekte lefser med svigermor Janne. Svigermor har lang erfaring i \u00e5 drive gjesteg\u00e5rd, er en kl\u00f8pper p\u00e5 tradisjonsmat, og har laget mat for dronning Sonja. Hvordan er det \u00e5 komme inn som den nya kona p\u00e5 Kvipt, n\u00e5r koneemner har regjert her ubrutt i over 400 \u00e5r?\u00a0<\/p>\n<p>&#8211; Janne er veldig flink b\u00e5de til baking og matlaging og en<br \/>\nordentlig flink turistvert. S\u00e5 det er jo store sko \u00e5 fylle. Men\u00a0jeg har mine kvaliteter, hun har sine, og s\u00e5 bygger jeg videre p\u00e5 det jeg er flink p\u00e5.\u00a0<\/p>\n<p>        <img loading=\"lazy\" decoding=\"async\" src=\"https:\/\/www.europesays.com\/no\/wp-content\/uploads\/2025\/12\/83998926.webp\" width=\"667\" height=\"1001\" title=\"LIKER TRADISJONER: Cecilie har bunad ogs\u00e5 nordfra, og har funnet seg godt til rette i Fyresdal, sammen med Olav p\u00e5 Kvipt. FOTO: Privat.\" alt=\"\" class=\"\" style=\"--aspect-ratio-image: 0.67; \"\/><\/p>\n<p>\n        LIKER TRADISJONER: Cecilie har bunad ogs\u00e5 nordfra, og har funnet seg godt til rette i Fyresdal, sammen med Olav p\u00e5 Kvipt. FOTO: Privat.\n    <\/p>\n<p>&#8211; Det har g\u00e5tt veldig fint, sier Olav, og mener foreldrene er flinke til \u00e5 gi dem rom:\u00a0<\/p>\n<p>&#8211; De har v\u00e6rt veldig<br \/>\nklare p\u00e5 at dette skal vi forme sj\u00f8l. S\u00e5 de er veldig ydmyke og holder seg i bakgrunnen.<\/p>\n<p>    <a itemprop=\"url\" href=\"https:\/\/www.kk.no\/underholdning\/vi-var-ufattelig-dumme-som-lot-loven-bo-i-huset-med-oss\/71154610\" rel=\"nofollow noopener\" target=\"_blank\"><\/p>\n<p>        <img loading=\"lazy\" decoding=\"async\" src=\"https:\/\/www.europesays.com\/no\/wp-content\/uploads\/2025\/12\/71156184.webp\" width=\"147\" height=\"98\" title=\"- Vi var ufattelig dumme som lot l\u00f8ven bo i huset med oss\" alt=\"\" class=\"lazyload\" style=\"--aspect-ratio-image: 1.50; \"\/><\/p>\n<p>        &#8211; Vi var ufattelig dumme som lot l\u00f8ven bo i huset med oss<\/p>\n<p>    <\/a><\/p>\n<p>Savnet etter havet\t<\/p>\n<p>Det er ti \u00e5r siden Olav overtok g\u00e5rden. Med Cecilie og barna er neste slektsledd p\u00e5 Kvipt sikret. Utenfor strekker h\u00f8yfjellet seg milevidt, og bak kuperte \u00e5ser skjuler en ny \u00e5srygg seg. Og s\u00e5 enda en. For en kystens jente, hvordan er det \u00e5 ikke kunne se havet?\u00a0<\/p>\n<p>&#8211; Det er som dag og natt, og nesten s\u00e5 langt unna kysten du kan komme. Det har v\u00e6rt en tilvenningsprosess,\u00a0 innr\u00f8mmer Cecilie.\u00a0<\/p>\n<p>        <img loading=\"lazy\" decoding=\"async\" src=\"https:\/\/www.europesays.com\/no\/wp-content\/uploads\/2025\/12\/83998700.webp\" width=\"667\" height=\"1001\" title=\"NORDP\u00c5: Cecilie Korneliussen har vokst opp p\u00e5 Skjerv\u00f8y i Troms, og f\u00e5tt fiske inn med morsmelka. Hun er ikke redd for \u00e5 ta i et tak, verken p\u00e5 fiske eller p\u00e5 fjellg\u00e5rden Kvipt i Telemark. FOTO: Privat\" alt=\"\" class=\"\" style=\"--aspect-ratio-image: 0.67; \"\/><\/p>\n<p>\n        NORDP\u00c5: Cecilie Korneliussen har vokst opp p\u00e5 Skjerv\u00f8y i Troms, og f\u00e5tt fiske inn med morsmelka. Hun er ikke redd for \u00e5 ta i et tak, verken p\u00e5 fiske eller p\u00e5 fjellg\u00e5rden Kvipt i Telemark. FOTO: Privat\n    <\/p>\n<p>Hun forteller at de er i Nord-Norge minst 14 dager om gangen, og planen er en hytte der oppe.\u00a0<\/p>\n<p>&#8211; Savnet etter sj\u00f8en og kysten kommer bestandig til \u00e5 v\u00e6re der. Men<br \/>\njeg trives veldig godt her oppe i fjellet med den roen som er her. Det er en veldig god<br \/>\nplass \u00e5 v\u00e6re p\u00e5.\u00a0<\/p>\n<p>        <img loading=\"lazy\" decoding=\"async\" src=\"https:\/\/www.europesays.com\/no\/wp-content\/uploads\/2025\/12\/84001985.webp\" width=\"667\" height=\"741\" title=\"TIDLIG KR\u00d8KES: ... om en god nordlenning skal bli. Sigrid p\u00e5 bes\u00f8k hos besteforeldrene p\u00e5 Skjerv\u00f8y i Troms. FOTO: Privat\" alt=\"\" class=\"\" style=\"--aspect-ratio-image: 0.90; \"\/><\/p>\n<p>\n        TIDLIG KR\u00d8KES: &#8230; om en god nordlenning skal bli. Sigrid p\u00e5 bes\u00f8k hos besteforeldrene p\u00e5 Skjerv\u00f8y i Troms. FOTO: Privat\n    <\/p>\n<p>Hun forteller at svigermoren har en liknende historie, og kom fra \u00c5lesund\u00a0til Kvipt da hun fant kj\u00e6rligheten i Olavs far \u00c5smund.\u00a0<\/p>\n<p>&#8211; Janne kan si: \u00abJeg vet n\u00f8yaktig hva du savner\u00bb. Hun hadde heller ikke noen fjellg\u00e5rdserfaring. Man m\u00e5 finne sine<br \/>\nveier til \u00e5 trives her oppe.<\/p>\n<p>Olav smiler mot samboeren:<\/p>\n<p>\u00a0&#8211; Hun finner ut av sine greier med tiden. <\/p>\n<p>For stille?\t<\/p>\n<p>I Birtedalen bor det 15 mennesker, og i Fyresdal kommune dr\u00f8yt 1200. Hvordan har Cecilie blitt tatt imot? Hun forteller at lokalsamfunnet kan minne litt om det p\u00e5 Skjerv\u00f8y.\u00a0<\/p>\n<p>&#8211; Fyresd\u00f8lingene er snille, im\u00f8tekommende og h\u00f8flige og har tatt meg godt imot. Jo eldre man blir, desto verre er det \u00e5 f\u00e5 et kjempen\u00e6rt vennskap, men barselgruppa har v\u00e6rt gull verdt for min del.\u00a0<\/p>\n<p>Som selvuttalt eventyrlysten, kan det muligens noen ganger bli litt stille \u00e5 bo s\u00e5 avsidesliggende? Ja, kanskje til og med litt &#8230; kjedelig?\u00a0<\/p>\n<p>&#8211; Det livet jeg har n\u00e5, kunne jeg aldri ha<br \/>\nbyttet bort, sier Cecilie.\u00a0<\/p>\n<p>&#8211;\u00a0 Vi har en trygg atmosf\u00e6re rundt oss, jeg har en snill<br \/>\nmann og verdens beste pappa. Og at vi n\u00e5 skal ha et barn til.<\/p>\n<p>        <img loading=\"lazy\" decoding=\"async\" src=\"https:\/\/www.europesays.com\/no\/wp-content\/uploads\/2025\/12\/83998755.webp\" width=\"667\" height=\"634\" title=\"FLITTIG: Sigrid hjelper pappa med klesvasken p\u00e5 tunet. FOTO: Privat\" alt=\"\" class=\"\" style=\"--aspect-ratio-image: 1.05; \"\/><\/p>\n<p>\n        FLITTIG: Sigrid hjelper pappa med klesvasken p\u00e5 tunet. FOTO: Privat\n    <\/p>\n<p>Hun forteller om turer ned til bygda og til de n\u00e6rmeste byene &#8211; og om hvor godt det er \u00e5 komme hjem.\u00a0<\/p>\n<p>&#8211; Den roen vi har her ville jeg ikke bytte ut med spenning. Og forresten er det sunt \u00e5 kjede seg litt.<br \/>\nJeg var 33 \u00e5r da jeg traff Olav, og hadde bodd litt her og der. Jeg er veldig glad for at jeg hadde levd litt f\u00f8r vi m\u00f8ttes.\u00a0<\/p>\n<p>Olav skyter inn:<\/p>\n<p>&#8211; Jeg bodde jo i Amerika i flere \u00e5r og var klar for \u00e5 sl\u00e5 meg<br \/>\nned. Og \u00e5 s\u00e5 m\u00f8te noen som er p\u00e5 samme plass<br \/>\ni livet. Det \u00e5 bygge et hjem i lag, det er s\u00e5 fint.<\/p>\n<p>    <a itemprop=\"url\" href=\"https:\/\/www.kk.no\/livet\/det-ble-en-avstand-mellom-oss\/82957826\" rel=\"nofollow noopener\" target=\"_blank\"><\/p>\n<p>        <img loading=\"lazy\" decoding=\"async\" src=\"https:\/\/www.europesays.com\/no\/wp-content\/uploads\/2025\/12\/82962563.webp\" width=\"147\" height=\"98\" title=\"- Det ble en avstand mellom oss\" alt=\"\" class=\"lazyload\" style=\"--aspect-ratio-image: 1.50; \"\/><\/p>\n<p>        &#8211; Det ble en avstand mellom oss<\/p>\n<p>    <\/a><\/p>\n<p>Kjendis\t<\/p>\n<p>Olav ble NRK-kjendis da familien hans f\u00f8rst medvirket i to programmer av Der ingen skulle tru at nokon kunne bu, og han fikk siden sin egne serie Olav p\u00e5 Kvipt.\u00a0For tiden f\u00f8lges familien ikke av kamera, og Olav setter pris p\u00e5 pausen. For \u00e5 bli kjendis, det var aldri motivasjonen:\u00a0<\/p>\n<p class=\"font-weight-bold m-font-weight-bold\" data-lab-font_weight=\"font-weight-bold\">&#8211; Jeg ville dokumentere fra da jeg var ung, for tenkt om jeg hadde hatt en dokumentar om oldeforeldrene mine jeg kunne ha sett?\u00a0<\/p>\n<p>        <img loading=\"lazy\" decoding=\"async\" src=\"https:\/\/www.europesays.com\/no\/wp-content\/uploads\/2025\/12\/83998764.webp\" width=\"667\" height=\"567\" title=\"DOKUMENTAR: Olav regner \u00abOlav p\u00e5 Kvipt\u00bb, som en tidsmaskin, der kommende generasjoner kan g\u00e5 tilbake og se hvordan de levde. Ogs\u00e5 Cecilie og Sigrid er filmet til noen scener. FOTO: Privat\" alt=\"\" class=\"\" style=\"--aspect-ratio-image: 1.18; \"\/><\/p>\n<p>\n        DOKUMENTAR: Olav regner \u00abOlav p\u00e5 Kvipt\u00bb, som en tidsmaskin, der kommende generasjoner kan g\u00e5 tilbake og se hvordan de levde. Ogs\u00e5 Cecilie og Sigrid er filmet til noen scener. FOTO: Privat\n    <\/p>\n<p class=\"italic m-italic\" data-lab-italic=\"italic\">&#8211; Betyr det at vi ikke kommer til \u00e5 se deg i 71 grader nord eller Skal vi danse?\u00a0<\/p>\n<p>&#8211; Nei, aldri. Jeg holder meg stort sett vekk fra rampelyset. Jeg har sett folk jeg liker p\u00e5 TV, som begynner med alt mulig annet. Da mister de troverdigheten og virker ikke genuine. Jeg vil ikke bli en av dem som skuffer andre.<\/p>\n<p>Cecilie humrer:<\/p>\n<p>&#8211; Men jeg har sagt at det som de ringer fra Skal vi danse, m\u00e5 han si ja, for jeg vil sitte i publikum!\u00a0<\/p>\n<p class=\"italic m-italic\" data-lab-italic=\"italic\">&#8211; Du da, Cecilie, med din l\u00e6ringskurve, er vel kvalifisert for Farmen?\u00a0<\/p>\n<p>&#8211; Jeg m\u00e5 jeg nok v\u00e6re litt mer i rampelyset f\u00f8r jeg blir spurt.\u00a0<\/p>\n<p>Olav skyter inn:\u00a0<\/p>\n<p>&#8211; Ja, det m\u00e5 v\u00e6re mer drama, da vet du. Det er s\u00e5 stille og<br \/>\nrolig her. Vi er litt for \u00abnormale\u00bb.<\/p>\n<p>        <img loading=\"lazy\" decoding=\"async\" src=\"https:\/\/www.europesays.com\/no\/wp-content\/uploads\/2025\/12\/83992233.webp\" width=\"667\" height=\"587\" title=\"GOD TONE: Cecilie og Olav p\u00e5 skogstur i 2023. FOTO: Privat\" alt=\"\" class=\"\" style=\"--aspect-ratio-image: 1.14; \"\/><\/p>\n<p>\n        GOD TONE: Cecilie og Olav p\u00e5 skogstur i 2023. FOTO: Privat\n    <\/p>\n<p>    <a itemprop=\"url\" href=\"https:\/\/www.kk.no\/livet\/jeg-levde-ikke-som-jeg-trengte-for-a-ha-det-bra\/83425453\" rel=\"nofollow noopener\" target=\"_blank\"><\/p>\n<p>        <img loading=\"lazy\" decoding=\"async\" src=\"https:\/\/www.europesays.com\/no\/wp-content\/uploads\/2025\/12\/83439289.webp\" width=\"147\" height=\"98\" title=\"\u2013 Jeg levde ikke som jeg trengte for \u00e5 ha det bra\" alt=\"\" class=\"lazyload\" style=\"--aspect-ratio-image: 1.50; \"\/><\/p>\n<p>        \u2013 Jeg levde ikke som jeg trengte for \u00e5 ha det bra<\/p>\n<p>    <\/a><\/p>\n<p>Den store sorgen\t<\/p>\n<p>Cecilie er yngst i en s\u00f8skenflokk p\u00e5 fem, og husker en barndom p\u00e5 Skjerv\u00f8y der s\u00f8sknene var tett i alder.\u00a0<\/p>\n<p>        <img loading=\"lazy\" decoding=\"async\" src=\"https:\/\/www.europesays.com\/no\/wp-content\/uploads\/2025\/12\/83998622.webp\" width=\"667\" height=\"554\" title=\"TULLE: Cecilie da hun var rundt fem \u00e5r, hjemme p\u00e5 Skjerv\u00f8y. FOTO: Privat\" alt=\"\" class=\"\" style=\"--aspect-ratio-image: 1.20; \"\/><\/p>\n<p>\n        TULLE: Cecilie da hun var rundt fem \u00e5r, hjemme p\u00e5 Skjerv\u00f8y. FOTO: Privat\n    <\/p>\n<p>Olavs var yngst av fire, med to eldre s\u00f8sken som flyttet til byer, og fra han var 12 \u00e5r vokste han opp som enebarn.\u00a0<\/p>\n<p>        <img loading=\"lazy\" decoding=\"async\" src=\"https:\/\/www.europesays.com\/no\/wp-content\/uploads\/2025\/12\/84004919.webp\" width=\"667\" height=\"601\" title=\"MINSTEGUTTEN: Olav som liten, hjemme p\u00e5 Kvipt. FOTO: Privat\" alt=\"\" class=\"\" style=\"--aspect-ratio-image: 1.11; \"\/><\/p>\n<p>\n        MINSTEGUTTEN: Olav som liten, hjemme p\u00e5 Kvipt. FOTO: Privat\n    <\/p>\n<p>For Olav b\u00e6rer p\u00e5 en sorg. En tragedie som er mye av drivkraften til hans utrettelige p\u00e5gangsmot. Da han var 12 \u00e5r, d\u00f8de storebroren i en trafikkulykke.\u00a0<\/p>\n<p>&#8211; Han ble bare 16 \u00e5r, og skulle blitt 17 \u00e5r dagen etter begravelsen, sier Olav.\u00a0<\/p>\n<p>Han forteller om hvor sterkt inntrykk det gjorde, da han s\u00e5 p\u00e5 de gamle \u00abDer ingen skulle tru\u00bb-programmene, fra da broren fortsatt levde:\u00a0<\/p>\n<p>&#8211; Da jeg ble spurt om en egen serie, s\u00e5 jeg p\u00e5 det som en verdifull dokumentasjon. Nesten som en tidsmaskin. Hvis jeg ikke hadde hatt opptakene av broren min, hadde jeg kanskje glemt stemmen hans og mimikken i ansiktet hans og hvordan han var.\u00a0<\/p>\n<p>        <img loading=\"lazy\" decoding=\"async\" src=\"https:\/\/www.europesays.com\/no\/wp-content\/uploads\/2025\/12\/84004844.webp\" width=\"667\" height=\"541\" title=\"KJ\u00c6RLIGHET: Olav i kj\u00e6rlig lek med sin fem \u00e5r eldre storebror Are. Are d\u00f8de i en trafikkulykke da han bare var 16 \u00e5r. FOTO: NTB\" alt=\"\" class=\"\" style=\"--aspect-ratio-image: 1.23; \"\/><\/p>\n<p>\n        KJ\u00c6RLIGHET: Olav i kj\u00e6rlig lek med sin fem \u00e5r eldre storebror Are. Are d\u00f8de i en trafikkulykke da han bare var 16 \u00e5r. FOTO: NTB\n    <\/p>\n<p>Olav forteller om sterke foreldre, som fortsatte driften av gjesteg\u00e5rden, til tross for tragedien.\u00a0<\/p>\n<p>&#8211; De ga liksom ikke opp og la seg ned, de bare tura p\u00e5 ei uke etterp\u00e5. Det er klart man m\u00e5 bearbeider sorgen, men en kan liksom ikke stoppe verden heller.\u00a0<\/p>\n<p>Olav forteller at broren er med ham hele tiden, i alt han gj\u00f8r:\u00a0<\/p>\n<p class=\"font-weight-bold m-font-weight-bold\" data-lab-font_weight=\"font-weight-bold\">&#8211; Jeg pr\u00f8ver \u00e5 gj\u00f8re ham stolt, ved \u00e5<br \/>\ngj\u00f8re ting han ville ha v\u00e6rt kry over. Jeg har ham i minnet hver dag, og fors\u00f8ker \u00e5 gi for oss begge. Siden han ikke er her, m\u00e5 jeg fors\u00f8ke \u00e5 leve<br \/>\nopp til det han \u00f8nsket ogs\u00e5.<\/p>\n<p>        <img loading=\"lazy\" decoding=\"async\" src=\"https:\/\/www.europesays.com\/no\/wp-content\/uploads\/2025\/12\/84004937.webp\" width=\"667\" height=\"621\" title=\"EVIG B\u00c5ND: Olav som nyf\u00f8dt, med storebror Ares armer rundt seg. FOTO: Privat\" alt=\"\" class=\"\" style=\"--aspect-ratio-image: 1.07; \"\/><\/p>\n<p>\n        EVIG B\u00c5ND: Olav som nyf\u00f8dt, med storebror Ares armer rundt seg. FOTO: Privat\n    <\/p>\n<p class=\"italic m-italic\" data-lab-italic=\"italic\">&#8211; Hva har det betydd for deg \u00e5 treffe Cecilie?\u00a0<\/p>\n<p>&#8211; Nei, det betydde jo alt. \u00c5f\u00e5 min egen lille familie,<br \/>\nog en jeg kan<br \/>\ndele de sm\u00e5 \u00f8yeblikkene med. Det er jo det livet handler om, ikke s\u00e5nne store, fancy ting. Men gleden av \u00e5<br \/>\nha noen \u00e5 lage mat til, og som er glad for at du vasker huset. Og s\u00e5 er<br \/>\ndet s\u00e5 moro, n\u00e5 n\u00e5r vi blir flere og.<\/p>\n<p>Cecilie smiler.<\/p>\n<p>&#8211; Ja, vi elsker \u00e5 v\u00e6re foreldre.<\/p>\n<p>        <img loading=\"lazy\" decoding=\"async\" src=\"https:\/\/www.europesays.com\/no\/wp-content\/uploads\/2025\/12\/83992241.webp\" width=\"667\" height=\"828\" title=\"HURRA: for lille Sigrid p\u00e5 p\u00e5 ett-\u00e5rsdagen hjemme p\u00e5 Kvipt. FOTO: Privat\" alt=\"\" class=\"\" style=\"--aspect-ratio-image: 0.81; \"\/><\/p>\n<p>\n        HURRA: for lille Sigrid p\u00e5 p\u00e5 ett-\u00e5rsdagen hjemme p\u00e5 Kvipt. FOTO: Privat\n    <\/p>\n<p>    <a itemprop=\"url\" href=\"https:\/\/www.kk.no\/livet\/tanken-slar-oss-fortsatt-hva-har-vi-gjort\/83841521\" rel=\"nofollow noopener\" target=\"_blank\"><\/p>\n<p>        <img loading=\"lazy\" decoding=\"async\" src=\"https:\/\/www.europesays.com\/no\/wp-content\/uploads\/2025\/12\/83846746.webp\" width=\"147\" height=\"98\" title=\"- Tanken sl\u00e5r oss fortsatt: \u00abhva har vi gjort?\u00bb\" alt=\"\" class=\"lazyload\" style=\"--aspect-ratio-image: 1.50; \"\/><\/p>\n<p>        &#8211; Tanken sl\u00e5r oss fortsatt: \u00abhva har vi gjort?\u00bb<\/p>\n<p>    <\/a><\/p>\n<p>Koneforslag\t<\/p>\n<p>Olav har f\u00e5tt sin andel av frierbrev opp gjennom, og mange kunne nok tenkt seg \u00e5 bli g\u00e5rdskone p\u00e5 Kvipt.\u00a0<\/p>\n<p>&#8211; Frierbrevene har gitt seg litt etter at vi begynte \u00e5 f\u00e5 unger, men det var en hel del i starten, sier Cecilie.\u00a0\u00a0<\/p>\n<p>&#8211; Ikke en hel del, mener Olav.\u00a0<\/p>\n<p>&#8211; Jo, det kom litt gaver og brev etter at jeg flyttet hit ogs\u00e5. Jeg har lest dem selv. Og kastet dem, humrer Cecilie.\u00a0<\/p>\n<p>Vi sp\u00f8r, har hun muligens blitt beskyldt i kommentarfelt for \u00e5 ha \u00absnappet\u00bb Telemarks store s\u00f8nn fra lokale jenter?<\/p>\n<p>&#8211; Jeg har f\u00e5tt noen kommentarer p\u00e5 at folk ikke syns jeg gjorde en god figur p\u00e5 TV.\u00a0<\/p>\n<p>&#8211; De er bare misunnelige. Ingenting \u00e5 bry seg om, sier Olav.\u00a0<\/p>\n<p>Cecilie forteller om m\u00f8dre som gjerne skulle hatt Olav til svigers\u00f8nn, og som ikke er flaue for \u00e5 si det:\u00a0<\/p>\n<p>&#8211; En dame kom bort og sa rett ut at hun hadde en datter hjemme som hadde passet s\u00e5 godt til Olav.\u00a0<\/p>\n<p class=\"italic m-italic\" data-lab-italic=\"italic\">&#8211; Etter at du var flyttet hit?\u00a0<\/p>\n<p>\u00a0&#8211; Ja, jeg sto jo rett ved siden av. Det var ganske pinlig.\u00a0<\/p>\n<p>Olav sier at det var kleint for alle, men at folk stort sett er positive:\u00a0<\/p>\n<p>&#8211; Det vil alltid v\u00e6re noen. Da tenker jeg bare: Jaja, bare 90 prosent er forn\u00f8yd, s\u00e5 er jeg happy. De ti andre<br \/>\ndriter jeg i.\u00a0<\/p>\n<p>    <a itemprop=\"url\" href=\"https:\/\/www.kk.no\/underholdning\/betalte-120-kroner-for-dette-huset\/83235645\" rel=\"nofollow noopener\" target=\"_blank\"><\/p>\n<p>        <img loading=\"lazy\" decoding=\"async\" src=\"https:\/\/www.europesays.com\/no\/wp-content\/uploads\/2025\/12\/83119003.webp\" width=\"147\" height=\"98\" title=\"Betalte 120 kroner for dette huset\" alt=\"\" class=\"lazyload\" style=\"--aspect-ratio-image: 1.50; \"\/><\/p>\n<p>        Betalte 120 kroner for dette huset<\/p>\n<p>    <\/a><\/p>\n<p>Utdannet ingeni\u00f8r\u00a0\t<\/p>\n<p class=\"no_italic m-no_italic\" data-lab-italic=\"\">Man skal ikke skue hunden p\u00e5 h\u00e5rene, og heller ikke Olav p\u00e5 Kvipt p\u00e5 1800-tallskl\u00e6rne. I mange \u00e5r bodde han i USA og tok ingeni\u00f8rutdannelse og fikk dilla p\u00e5 amerikanske biler, og f\u00f8r det utdannet han seg til l\u00e6rer i grunnskolen her hjemme.\u00a0<\/p>\n<p class=\"no_italic m-no_italic\" data-lab-italic=\"\">&#8211; Jeg har ikke tenkt s\u00e5 veldig mye p\u00e5 karriere og s\u00e5nt. For meg er karakter viktigere enn karakterer, sier Olav og mener det ikke hadde spilt noen rolle hva Cecilie hadde jobbet som:\u00a0<\/p>\n<p class=\"no_italic m-no_italic\" data-lab-italic=\"\">&#8211;\u00a0 Jeg ser mer etter kvalifikasjonene man trenger p\u00e5 innsida. At folk er snille, hyggelige og<br \/>\nomtenksomme.\u00a0<\/p>\n<p>        <img loading=\"lazy\" decoding=\"async\" src=\"https:\/\/www.europesays.com\/no\/wp-content\/uploads\/2025\/12\/83998963.webp\" width=\"667\" height=\"874\" title=\"LYKKEN: Olav p\u00e5 tur med datteren Sigrid, i fjellet over Kvipt. Og i enden av regnbuen, der ligger jammen familieg\u00e5rden, der Olav og Sigrid bor med mamma Cecilie Korneliussen. FOTO: NTB\" alt=\"\" class=\"\" style=\"--aspect-ratio-image: 0.76; \"\/><\/p>\n<p>\n        LYKKEN: Olav p\u00e5 tur med datteren Sigrid, i fjellet over Kvipt. Og i enden av regnbuen, der ligger jammen familieg\u00e5rden, der Olav og Sigrid bor med mamma Cecilie Korneliussen. FOTO: NTB\n    <\/p>\n<p>Til h\u00f8sten er planen at Sigrid skal begynne litt i barnehagen, for det er langt til n\u00e6rmeste barn.\u00a0<\/p>\n<p class=\"no_italic m-no_italic\" data-lab-italic=\"\">&#8211; Hun er det f\u00f8rste barnet som er f\u00f8dt i grenda siden jeg kom til verden, forteller Olav.\u00a0<\/p>\n<p>&#8211; Hvordan er det med lekekamerater til ungene etter<br \/>\nhvert? <\/p>\n<p>&#8211; Nei, de m\u00e5 vi lage sj\u00f8l, svarer han med en latter.<\/p>\n<p>Cecilie forteller at barna skal f\u00e5 et s\u00e5 normalt sosialt liv som mulig, og at de vil strekke seg langt for \u00e5 ta de med til bygda p\u00e5 aktiviteter.\u00a0<\/p>\n<p>        <img loading=\"lazy\" decoding=\"async\" src=\"https:\/\/www.europesays.com\/no\/wp-content\/uploads\/2025\/12\/83992202.webp\" width=\"667\" height=\"594\" title=\"KOSESTUND: Sigrid som ganske nyf\u00f8dt hjemme p\u00e5 Kvipt med pappa Olav. FOTO: Privat\" alt=\"\" class=\"\" style=\"--aspect-ratio-image: 1.12; \"\/><\/p>\n<p>\n        KOSESTUND: Sigrid som ganske nyf\u00f8dt hjemme p\u00e5 Kvipt med pappa Olav. FOTO: Privat\n    <\/p>\n<p>Langt til jordmor<\/p>\n<p class=\"no_italic m-no_italic\" data-lab-italic=\"\">N\u00e5r f\u00f8dselen n\u00e6rmer seg er det langt til jordmor og sykehus. Forrige gang f\u00f8dte Cecilie p\u00e5 Sykehuset i Skien, over tre timer unna. Denne gangen har hun f\u00f8deplass i Arendal, litt under to timer med bil.\u00a0<\/p>\n<p class=\"no_italic m-no_italic\" data-lab-italic=\"\">&#8211; En time og et kvarter hvis du har d\u00e5rlig tid, sier Olav, klar for oppgaven.\u00a0<\/p>\n<p class=\"no_italic m-no_italic\" data-lab-italic=\"\">&#8211; Jeg kan m\u00f8te ambulansen p\u00e5 halvveien, i tilfelle det skulle v\u00e6re veldig akutt.\u00a0<\/p>\n<p class=\"no_italic m-no_italic\" data-lab-italic=\"\">Besteforeldrene st\u00e5r klare som barnevakt, og paret forteller at Sigrid elsker \u00e5 v\u00e6re p\u00e5 bes\u00f8k.\u00a0<\/p>\n<p>&#8211; De har jo ikke hatt barnebarn her oppe f\u00f8r, og det er lenge siden de hadde sm\u00e5 unger selv.\u00a0<\/p>\n<p>        <img loading=\"lazy\" decoding=\"async\" src=\"https:\/\/www.europesays.com\/no\/wp-content\/uploads\/2025\/12\/83992204.webp\" width=\"667\" height=\"854\" title=\"PAPPAS LILLEHJELPER: Sigrid er p\u00e5 g\u00e5rden sammen med pappa, mens mamma jobber som jurist i Fyresdal kommune. FOTO: Privat\" alt=\"\" class=\"\" style=\"--aspect-ratio-image: 0.78; \"\/><\/p>\n<p>\n        PAPPAS LILLEHJELPER: Sigrid er p\u00e5 g\u00e5rden sammen med pappa, mens mamma jobber som jurist i Fyresdal kommune. FOTO: Privat\n    <\/p>\n<p>    <a itemprop=\"url\" href=\"https:\/\/www.kk.no\/livet\/det-hendte-at-aftur-onsket-seg-andre-foreldre\/83125976\" rel=\"nofollow noopener\" target=\"_blank\"><\/p>\n<p>        <img loading=\"lazy\" decoding=\"async\" src=\"https:\/\/www.europesays.com\/no\/wp-content\/uploads\/2025\/12\/83125994.webp\" width=\"147\" height=\"98\" title=\"Det hendte at Aftur \u00f8nsket seg andre foreldre\" alt=\"\" class=\"lazyload\" style=\"--aspect-ratio-image: 1.50; \"\/><\/p>\n<p>        Det hendte at Aftur \u00f8nsket seg andre foreldre<\/p>\n<p>    <\/a><\/p>\n<p>Som hun hadde sett for seg?<\/p>\n<p>Julen skal de feire hos svigerforeldrene. Ingen fra Nord-Norge kommer i \u00e5r, men til Cecilies og Olavs eget juleselskap i romjulen er gammeltante Vigdis ogs\u00e5 invitert.<\/p>\n<p>        <img loading=\"lazy\" decoding=\"async\" src=\"https:\/\/www.europesays.com\/no\/wp-content\/uploads\/2025\/12\/83996212.webp\" width=\"667\" height=\"681\" title=\"JULELYKKE: Ligge Sigrid er som snytt ut av nesen p\u00e5 Olav da han var liten. Det er Cecilie og Olav enige om. FOTO: Privat\" alt=\"\" class=\"\" style=\"--aspect-ratio-image: 0.98; \"\/><\/p>\n<p>\n        JULELYKKE: Ligge Sigrid er som snytt ut av nesen p\u00e5 Olav da han var liten. Det er Cecilie og Olav enige om. FOTO: Privat\n    <\/p>\n<p>I dag skal de bake lefser sammen med svigermor Janne, og Cecilie har kj\u00f8pt et lite forkle til Sigrid:\u00a0<\/p>\n<p>&#8211; Hun elsker \u00e5 grise med mj\u00f8l, s\u00e5 det blir veldig stas. Gris og stas.<\/p>\n<p>        <img loading=\"lazy\" decoding=\"async\" src=\"https:\/\/www.europesays.com\/no\/wp-content\/uploads\/2025\/12\/83996202.webp\" width=\"667\" height=\"901\" title=\"GAMLE HUS: ... de eldste fra 1200-tallet, danner en vakker ramme om julen p\u00e5 Kvipt, enten det er sn\u00f8 eller ei. FOTO: Privat\" alt=\"\" class=\"\" style=\"--aspect-ratio-image: 0.74; \"\/><\/p>\n<p>\n        GAMLE HUS: &#8230; de eldste fra 1200-tallet, danner en vakker ramme om julen p\u00e5 Kvipt, enten det er sn\u00f8 eller ei. FOTO: Privat\n    <\/p>\n<p>Hva med Cecilie, har livet p\u00e5 Kvipt blitt s\u00e5nn som hun hadde sett for seg? <\/p>\n<p>&#8211; Ja, i grove trekk har det det. Og at vi<br \/>\nskulle v\u00e6re p\u00e5 vei med nummer to, er over all forventning. Men selvf\u00f8lgelig er det jo ting man ikke er<br \/>\nhelt klar over at man m\u00e5 ta stilling til. Men stort sett ble det som jeg hadde<br \/>\nh\u00e5pa p\u00e5.<\/p>\n<p>&#8211; Det ble enda bedre, m\u00e5 du si, skyter Olav inn.\u00a0<\/p>\n<p>&#8211; Ja. Og det at vi skulle f\u00e5 barn s\u00e5 fort, var mye bedre<br \/>\nenn jeg hadde trodd. Det var en dr\u00f8m vi hadde, s\u00e5 vi m\u00e5 vel si<br \/>\nat det gikk over all forventning. <\/p>\n<p>    <a itemprop=\"url\" href=\"https:\/\/www.kk.no\/livet\/da-visste-jeg-at-han-i-hvert-fall-ikke-var-redd-for-a-do\/83932045\" rel=\"nofollow noopener\" target=\"_blank\"><\/p>\n<p>        <img loading=\"lazy\" decoding=\"async\" src=\"https:\/\/www.europesays.com\/no\/wp-content\/uploads\/2025\/12\/1766237513_788_83932102.webp\" width=\"147\" height=\"98\" title=\"- Da visste jeg at han i hvert fall ikke var redd for \u00e5 d\u00f8\" alt=\"\" class=\"lazyload\" style=\"--aspect-ratio-image: 1.50; \"\/><\/p>\n<p>        &#8211; Da visste jeg at han i hvert fall ikke var redd for \u00e5 d\u00f8<\/p>\n<p>    <\/a><\/p>\n<p>        <img loading=\"lazy\" decoding=\"async\" src=\"https:\/\/www.europesays.com\/no\/wp-content\/uploads\/2025\/12\/1766237514_654_80519927.webp\" width=\"216\" height=\"234\" title=\"Har du et tips?\" alt=\"\" class=\"\" style=\"--aspect-ratio-image: 0.92; \"\/><\/p>\n<p>        Har du et tips?<\/p>\n<p class=\"subtitle\">Hei, jeg heter Hege L\u00f8vstad Toverud og er journalist i KK.<br \/>\nHar du et tips, en historie du vil fortelle eller et felt du mener vi b\u00f8r skrive om?<\/p>\n","protected":false},"excerpt":{"rendered":"En vinterdag i 2022 sitter Cecilie Korneliussen foran TV-en med moren og faren hjemme p\u00e5 Skjerv\u00f8y i Troms.&hellip;\n","protected":false},"author":2,"featured_media":118191,"comment_status":"","ping_status":"","sticky":false,"template":"","format":"standard","meta":{"footnotes":""},"categories":[10],"tags":[20,21,14189,24,25,15,10686,22,23,4016,13,30,28,29,14,14190,16,26,27],"class_list":{"0":"post-118190","1":"post","2":"type-post","3":"status-publish","4":"format-standard","5":"has-post-thumbnail","7":"category-norge","8":"tag-breaking-news","9":"tag-breakingnews","10":"tag-der-ingen-kunne-tru-at-nokon-kunne-bu","11":"tag-featured-news","12":"tag-featurednews","13":"tag-headlines","14":"tag-kjaerlighet","15":"tag-latest-news","16":"tag-latestnews","17":"tag-livet","18":"tag-news","19":"tag-no","20":"tag-norge","21":"tag-norway","22":"tag-nyheter","23":"tag-olav-pa-kvipt","24":"tag-overskrifter","25":"tag-top-stories","26":"tag-topstories"},"share_on_mastodon":{"url":"https:\/\/pubeurope.com\/@no\/115752151376701748","error":""},"_links":{"self":[{"href":"https:\/\/www.europesays.com\/no\/wp-json\/wp\/v2\/posts\/118190","targetHints":{"allow":["GET"]}}],"collection":[{"href":"https:\/\/www.europesays.com\/no\/wp-json\/wp\/v2\/posts"}],"about":[{"href":"https:\/\/www.europesays.com\/no\/wp-json\/wp\/v2\/types\/post"}],"author":[{"embeddable":true,"href":"https:\/\/www.europesays.com\/no\/wp-json\/wp\/v2\/users\/2"}],"replies":[{"embeddable":true,"href":"https:\/\/www.europesays.com\/no\/wp-json\/wp\/v2\/comments?post=118190"}],"version-history":[{"count":0,"href":"https:\/\/www.europesays.com\/no\/wp-json\/wp\/v2\/posts\/118190\/revisions"}],"wp:featuredmedia":[{"embeddable":true,"href":"https:\/\/www.europesays.com\/no\/wp-json\/wp\/v2\/media\/118191"}],"wp:attachment":[{"href":"https:\/\/www.europesays.com\/no\/wp-json\/wp\/v2\/media?parent=118190"}],"wp:term":[{"taxonomy":"category","embeddable":true,"href":"https:\/\/www.europesays.com\/no\/wp-json\/wp\/v2\/categories?post=118190"},{"taxonomy":"post_tag","embeddable":true,"href":"https:\/\/www.europesays.com\/no\/wp-json\/wp\/v2\/tags?post=118190"}],"curies":[{"name":"wp","href":"https:\/\/api.w.org\/{rel}","templated":true}]}}