{"id":118194,"date":"2025-12-20T13:39:17","date_gmt":"2025-12-20T13:39:17","guid":{"rendered":"https:\/\/www.europesays.com\/no\/118194\/"},"modified":"2025-12-20T13:39:17","modified_gmt":"2025-12-20T13:39:17","slug":"supermodellen-deler-gladnyhet-giftet-seg","status":"publish","type":"post","link":"https:\/\/www.europesays.com\/no\/118194\/","title":{"rendered":"Supermodellen deler gladnyhet: Giftet seg"},"content":{"rendered":"<p class=\"kicker \" style=\"\">\u00abTrump-Kennedy Center\u00bb:<\/p>\n<p>  Donald Trump setter sinnene i kok med sin siste navneendring.<\/p>\n<p>\n    OMSTRIDT: Kennedy-senteret i Washington var nylig arena da president Donald Trump ble tildelt Fifas fredspris. N\u00e5 blir senteret omd\u00f8pt til Trump-Kennedy-senteret. Foto: AP \/ NTB\n  <\/p>\n<p>Han startet med \u00e5 bytte ut \u00abMexicogolfen\u00bb med \u00abAmerikagolfen\u00bb. S\u00e5 ble forsvarsdepartementet omd\u00f8pt til krigsdepartementet.\u00a0<\/p>\n<p>Under en presseseanse i Det hvite hus torsdag informerte en reporter Donald Trump om at\u00a0\u00abKennedy Center of Performing Arts\u00bb bytter navn til \u00abTrump-Kennedy Center\u00bb.\u00a0<\/p>\n<p class=\"font-weight-bold m-font-weight-bold\" data-lab-font_weight=\"font-weight-bold\">&#8211; Jeg er be\u00e6ret. Jeg er overrasket og be\u00e6ret, svarte Trump.<\/p>\n<p>Overraskelsen kan umulig ha v\u00e6rt s\u00e5 stor &#8211; Trump er nemlig styreleder i organisasjonen.\u00a0<\/p>\n<p>Trump har ogs\u00e5 gjentatte ganger omtalt senteret som nettopp\u00a0\u00abTrump-Kennedy Center\u00bb, if\u00f8lge <a href=\"https:\/\/edition.cnn.com\/2025\/12\/18\/politics\/trump-kennedy-center-name\" rel=\"nofollow noopener\" target=\"_blank\">CNN.<\/a>\u00a0De melder ogs\u00e5 at han skal ha deltatt p\u00e5 m\u00f8tet.\u00a0<\/p>\n<p>        <img loading=\"lazy\" decoding=\"async\" src=\"https:\/\/www.europesays.com\/no\/wp-content\/uploads\/2025\/12\/84009901.webp\" width=\"980\" height=\"559\" title=\"HER ER DET: Folk tar bilder utenfor Kennedy-senteret torsdag. Foto: AP Photo \/ Rahmat Gul\" alt=\"\" class=\"\" style=\"--aspect-ratio-image: 1.75; \"\/><\/p>\n<p>\n        HER ER DET: Folk tar bilder utenfor Kennedy-senteret torsdag. Foto: AP Photo \/ Rahmat Gul\n    <\/p>\n<p>Hva tenker onkel JFK?  <\/p>\n<p>Rundt seg i styret har Trump plassert en rekke allierte. Utenriksminister Marco Rubio, justisminister Pam Bondi og Trumps stabssjef Susie Wiles er alle med.\u00a0<\/p>\n<p>Det er ogs\u00e5 helseminister Robert F. Kennedy, nev\u00f8en til John F. Kennedy &#8211; mannen senteret ble bygget til minne om \u00e5tte \u00e5r etter hans attentat.<\/p>\n<p>Helseministeren har fortsatt ikke kommentert det nye navnet.\u00a0<\/p>\n<p>Langer ut: &#8211; Dette er sensur<\/p>\n<p>Nyheten ble presentert av pressetalsperson for Det hvite hus, Karoline Leavitt, i en melding p\u00e5 <a href=\"https:\/\/x.com\/PressSec\/status\/2001717032191168839\" rel=\"nofollow\">X<\/a> torsdag kveld norsk tid.\u00a0<\/p>\n<p>&#8211;\u00a0 Jeg har nettopp blitt informert om at det h\u00f8yt respekterte styret ved Kennedy Center, noen av de mest suksessrike menneskene fra alle deler av verden, nettopp enstemmig har stemt for \u00e5 gi Kennedy Center nytt navn til Trump-Kennedy Center, p\u00e5 grunn av det utrolige arbeidet president Trump har gjort det siste \u00e5ret for \u00e5 redde bygningen. Ikke bare n\u00e5r det gjelder gjenoppbyggingen, men ogs\u00e5 \u00f8konomisk og n\u00e5r det gjelder omd\u00f8mme, skriver hun.\u00a0<\/p>\n<p>Leavitt omtaler Trump og Kennedy som et\u00a0\u00abvirkelig fantastisk team\u00bb og hevder at avgj\u00f8relsen har blitt gjort enstemmig. Det er ikke alle enige i.<\/p>\n<p>    <a itemprop=\"url\" href=\"https:\/\/www.dagbladet.no\/nyheter\/vekker-oppsikt-jeg-er-svaer\/83978337\" rel=\"nofollow noopener\" target=\"_blank\"><\/p>\n<p>        <img loading=\"lazy\" decoding=\"async\" src=\"https:\/\/www.europesays.com\/no\/wp-content\/uploads\/2025\/12\/1766237956_75_83978524.webp\" width=\"980\" height=\"441\" title=\"Vekker oppsikt: \u00abJeg er sv\u00e6r\u00bb\" alt=\"\" class=\"lazyload\" style=\"--aspect-ratio-image: 2.22; \"\/><\/p>\n<p>        Vekker oppsikt: \u00abJeg er sv\u00e6r\u00bb<\/p>\n<p>    <\/a><\/p>\n<p>Kongresskvinnen Joyce Beatty hevder at hun ble \u00abmutet\u00bb hver gang hun pr\u00f8vde \u00e5 si sin mening i styrem\u00f8tet.<\/p>\n<p>&#8211;\u00a0\u00a0Til protokollen: Dette var ikke enstemmig. Jeg var dempet i samtalen og fikk ikke lov til \u00e5 snakke eller gi uttrykk for min motstand mot dette tiltaket. Ogs\u00e5 til protokollen: Dette sto ikke p\u00e5 dagsordenen. Dette var ikke konsensus. Dette er sensur, skriver hun p\u00e5 <a href=\"https:\/\/x.com\/RepBeatty\/status\/2001741402745524362\" rel=\"nofollow\">X<\/a>.<\/p>\n<p>    Ting oppkalt etter Donald Trump<\/p>\n<p>Dette er ikke f\u00f8rste gang Donald Trump kaller opp ting etter seg selv.\u00a0<\/p>\n<p>Her er noen eksempler:<\/p>\n<ul>\n<li class=\"lab-bodytext-line\">Trump Tower:\u00a0Skyskrapere i New York, samt flere internasjonale varianter.<\/li>\n<li class=\"lab-bodytext-line font-weight-normal m-font-weight-normal\" data-lab-font_weight=\"font-weight-normal\">Trump Organization: Familieselskapet som samler eiendom, hotellvirksomhet, lisensiering og merkevarebruk.<\/li>\n<li class=\"lab-bodytext-line\">En rekke golfbaner- og klubber: Blant annet\u00a0Trump National Golf Club, Trump Turnberry og tidligere\u00a0Trump Ferry Point\u00a0<\/li>\n<li class=\"lab-bodytext-line\">Trump International Hotel (flere byer): Hoteller eid, drevet eller lisensiert under Trump-navnet.<\/li>\n<li class=\"lab-bodytext-line\">Trump Plaza \/ Trump Parc \/ Trump Place: Ulike bolig- og n\u00e6ringsprosjekter, s\u00e6rlig i New York og Atlantic City.<\/li>\n<li class=\"lab-bodytext-line\">Tidligere Trump Taj Mahal (Atlantic City, n\u00e5 stengt\/omd\u00f8pt): Kasino som bar b\u00e5de Trump-navnet og et historisk monumentnavn i en s\u00e6regen kombinasjon.<\/li>\n<li class=\"lab-bodytext-line\">Trump University: Et kommersielt kursprogram (ikke et akkreditert universitet), senere lagt ned etter rettslige forlik.<\/li>\n<li class=\"lab-bodytext-line\">Trump Winery: Ving\u00e5rd i Virginia, eid av Trump-familien.<\/li>\n<li class=\"lab-bodytext-line\">Trump Steaks, Trump Vodka, Trump Ice, Trump Magazine: Forbrukerprodukter og medieprosjekter som brukte navnet som salgsargument, mange av dem kortvarige.<\/li>\n<li class=\"lab-bodytext-line\">Trump Turnberry (Skottland): Golfresort som fikk Trump-navnet etter oppkj\u00f8p.<\/li>\n<li class=\"lab-bodytext-line\"><a href=\"https:\/\/www.dagbladet.no\/nyheter\/vekker-oppsikt-jeg-er-svaer\/83978337\" rel=\"nofollow noopener\" target=\"_blank\">Trump-kondomer<\/a>.<\/li>\n<\/ul>\n<p>      Vis mer<br \/>\n      Vis mindre<\/p>\n<p>Er det lovlig?<\/p>\n<p>Til tross for at senteret allerede er omd\u00f8pt p\u00e5 <a href=\"https:\/\/www.kennedy-center.org\/news-room\/press-release-landing-page\/kennedy-center-board-elects--president-donald-j.-trump-as-board-chair\/\" rel=\"nofollow noopener\" target=\"_blank\">nettsiden sin<\/a> er det flere som stiller seg kritiske til om det er lovlig. En av dem er JFK sin grandnev\u00f8 Joe Kennedy III.\u00a0<\/p>\n<p>&#8211;\u00a0 Kennedy-senteret er et levende minnesmerke over en fallen president og er gitt navnet President Kennedy ved f\u00f8deral lov. Det kan ikke omd\u00f8pes noe lettere enn man kan omd\u00f8pe Lincoln-monumentet, uansett hva noen m\u00e5tte si, skriver han p\u00e5 <a href=\"https:\/\/x.com\/joekennedy\/status\/2001735896228302982\" rel=\"nofollow\">X.<\/a>\u00a0<\/p>\n<p>Det var kongressen som ga senteret navnet sitt i 1971. Kritikerne av navnebyttet peker p\u00e5 en<a href=\"https:\/\/uscode.house.gov\/view.xhtml?path=\/prelim@title20\/chapter3\/subchapter5&amp;edition=prelim\" rel=\"nofollow noopener\" target=\"_blank\"> f\u00f8deral lovbestemmelse<\/a> fa 1983, som etablerer at\u00a0\u00abingen ytterligere minnesmerker eller plaketter av minnekarakter skal utpekes eller installeres i de offentlige omr\u00e5dene ved John F. Kennedy Center for the Performing Arts\u00bb.\u00a0<\/p>\n<p>Ikke f\u00f8rste gang<\/p>\n<p>Det er ikke f\u00f8rste gang Trump-administrasjonen tukler med kulturinstitusjoner.<\/p>\n<p> Tidligere i \u00e5r foreslo republikanerne i Representantenes hus \u00e5 endre navnet p\u00e5 operahuset ved Kennedy Center til \u00abFirst Lady Melania Trump Opera House\u00bb, skriver <a href=\"https:\/\/www.theguardian.com\/us-news\/2025\/dec\/18\/trump-kennedy-center-renaming\" rel=\"nofollow noopener\" target=\"_blank\">The Guardian<\/a>.\u00a0<\/p>\n<p>De har ogs\u00e5 beordret en <a href=\"https:\/\/www.dagbladet.no\/nyheter\/ute-av-kontroll\/83478958\" rel=\"nofollow noopener\" target=\"_blank\">gjennomgang av Smithsonian institute<\/a> og revet \u00f8stfl\u00f8yen i Det hvite hus, for \u00e5 <a href=\"https:\/\/www.dagbladet.no\/nyheter\/hudfletter-trump-ballsal-ikke-hans-hus\/83769045\" rel=\"nofollow noopener\" target=\"_blank\">bygge en enorm ballsal.\u00a0<\/a><\/p>\n<p>        <img loading=\"lazy\" decoding=\"async\" src=\"https:\/\/www.europesays.com\/no\/wp-content\/uploads\/2025\/12\/83773428.webp\" width=\"980\" height=\"559\" title=\"REVET: Flere har reagert p\u00e5 rivingen av \u00f8stfl\u00f8yen i Det hvite hus. Foto: AP Photo \/ Pablo Martinez Monsivais\" alt=\"\" class=\"\" style=\"--aspect-ratio-image: 1.75; \"\/><\/p>\n<p>\n        REVET: Flere har reagert p\u00e5 rivingen av \u00f8stfl\u00f8yen i Det hvite hus. Foto: AP Photo \/ Pablo Martinez Monsivais\n    <\/p>\n","protected":false},"excerpt":{"rendered":"\u00abTrump-Kennedy Center\u00bb: Donald Trump setter sinnene i kok med sin siste navneendring. OMSTRIDT: Kennedy-senteret i Washington var nylig&hellip;\n","protected":false},"author":2,"featured_media":118195,"comment_status":"","ping_status":"","sticky":false,"template":"","format":"standard","meta":{"footnotes":""},"categories":[10],"tags":[20,21,24,25,13218,14191,5429,15,14192,479,22,23,13,30,28,29,14,16,26,27],"class_list":{"0":"post-118194","1":"post","2":"type-post","3":"status-publish","4":"format-standard","5":"has-post-thumbnail","7":"category-norge","8":"tag-breaking-news","9":"tag-breakingnews","10":"tag-featured-news","11":"tag-featurednews","12":"tag-giftet-seg","13":"tag-gisele-bundchen","14":"tag-gladnyhet","15":"tag-headlines","16":"tag-joaquim-valente","17":"tag-kjendis","18":"tag-latest-news","19":"tag-latestnews","20":"tag-news","21":"tag-no","22":"tag-norge","23":"tag-norway","24":"tag-nyheter","25":"tag-overskrifter","26":"tag-top-stories","27":"tag-topstories"},"share_on_mastodon":{"url":"https:\/\/pubeurope.com\/@no\/115752178062291205","error":""},"_links":{"self":[{"href":"https:\/\/www.europesays.com\/no\/wp-json\/wp\/v2\/posts\/118194","targetHints":{"allow":["GET"]}}],"collection":[{"href":"https:\/\/www.europesays.com\/no\/wp-json\/wp\/v2\/posts"}],"about":[{"href":"https:\/\/www.europesays.com\/no\/wp-json\/wp\/v2\/types\/post"}],"author":[{"embeddable":true,"href":"https:\/\/www.europesays.com\/no\/wp-json\/wp\/v2\/users\/2"}],"replies":[{"embeddable":true,"href":"https:\/\/www.europesays.com\/no\/wp-json\/wp\/v2\/comments?post=118194"}],"version-history":[{"count":0,"href":"https:\/\/www.europesays.com\/no\/wp-json\/wp\/v2\/posts\/118194\/revisions"}],"wp:featuredmedia":[{"embeddable":true,"href":"https:\/\/www.europesays.com\/no\/wp-json\/wp\/v2\/media\/118195"}],"wp:attachment":[{"href":"https:\/\/www.europesays.com\/no\/wp-json\/wp\/v2\/media?parent=118194"}],"wp:term":[{"taxonomy":"category","embeddable":true,"href":"https:\/\/www.europesays.com\/no\/wp-json\/wp\/v2\/categories?post=118194"},{"taxonomy":"post_tag","embeddable":true,"href":"https:\/\/www.europesays.com\/no\/wp-json\/wp\/v2\/tags?post=118194"}],"curies":[{"name":"wp","href":"https:\/\/api.w.org\/{rel}","templated":true}]}}