{"id":118196,"date":"2025-12-20T13:40:09","date_gmt":"2025-12-20T13:40:09","guid":{"rendered":"https:\/\/www.europesays.com\/no\/118196\/"},"modified":"2025-12-20T13:40:09","modified_gmt":"2025-12-20T13:40:09","slug":"jordan-erkjenner-deltakelse-i-angrep-i-syria","status":"publish","type":"post","link":"https:\/\/www.europesays.com\/no\/118196\/","title":{"rendered":"Jordan erkjenner deltakelse i angrep i Syria"},"content":{"rendered":"\n<p class=\"_lead_o9xde_2 _lead_xtcu6_50 layout-component text-serif-m layout-normal text-serif-l layout-component layout-wide layout-padded _wide_17hqh_1 layout-padded\">Jordans luftforsvar deltok i de amerikanske angrepene mot IS-m\u00e5l i Syria natt til l\u00f8rdag, der fem IS-medlemmer skal ha blitt drept.<\/p>\n<ul aria-hidden=\"true\" class=\"_images_ntbth_112\">\n<li><a class=\"_link_ntbth_117\" href=\"https:\/\/www.vg.no\/forfatter\/ntb\" style=\"z-index:1\" title=\"NTB\" rel=\"nofollow noopener\" target=\"_blank\"><img alt=\"Bilde av NTB\" class=\"_image_ntbth_93\" fetchpriority=\"low\" loading=\"lazy\" decoding=\"async\" itemprop=\"image\"  src=\"https:\/\/www.europesays.com\/no\/wp-content\/uploads\/2025\/12\/1766238009_427_c33980b0-5d07-4027-84a1-813f90a7c8d6\"  width=\"480\"\/><\/a><\/li>\n<\/ul>\n<p> Oppdatert l\u00f8rdag 20. desember kl. 13:36     <\/p>\n<p class=\"_paragraph_o9xde_4 _paragraph_xtcu6_10 layout-component text-serif-m layout-normal text-serif-m layout-padded\">Milit\u00e6ret i <a href=\"https:\/\/www.vg.no\/tag\/jordan?utm_source=vg-article&amp;utm_medium=auto-tagger&amp;utm_campaign=16nOPQ\" class=\"_link_o9xde_39\" rel=\"nofollow noopener\" target=\"_blank\">Jordan<\/a> bekreftet deltakelsen i en uttalelse l\u00f8rdag.<\/p>\n<p class=\"_paragraph_o9xde_4 _paragraph_xtcu6_10 layout-component text-serif-m layout-normal text-serif-m layout-padded\">\u2013 Jordan deltok i angrepet for \u00e5 hindre ekstremistorganisasjoner i \u00e5 utnytte disse omr\u00e5dene for \u00e5 true sikkerheten til Syrias naboer, het det i uttalelsen.<\/p>\n<p class=\"_paragraph_o9xde_4 _paragraph_xtcu6_10 layout-component text-serif-m layout-normal text-serif-m layout-padded\">USA har uttalt at over 70 IS-m\u00e5l ble angrepet fredag. Angrepet er if\u00f8lge den amerikanske presidenten gjengjeldelse, etter at to amerikanske soldater ble drept i Syria forrige uke.<\/p>\n<p class=\"_paragraph_o9xde_4 _paragraph_xtcu6_10 layout-component text-serif-m layout-normal text-serif-m layout-padded\">If\u00f8lge observat\u00f8rgruppa Syrian Observatory for Human Rights (SOHR) ble minst fem IS-medlemmer drept i angrepene.<\/p>\n","protected":false},"excerpt":{"rendered":"Jordans luftforsvar deltok i de amerikanske angrepene mot IS-m\u00e5l i Syria natt til l\u00f8rdag, der fem IS-medlemmer skal&hellip;\n","protected":false},"author":2,"featured_media":118197,"comment_status":"","ping_status":"","sticky":false,"template":"","format":"standard","meta":{"footnotes":""},"categories":[5],"tags":[20,21,24,25,15,19,7725,6274,22,23,17,18,13,30,28,29,14,16,7724,26,27],"class_list":{"0":"post-118196","1":"post","2":"type-post","3":"status-publish","4":"format-standard","5":"has-post-thumbnail","7":"category-overskrifter","8":"tag-breaking-news","9":"tag-breakingnews","10":"tag-featured-news","11":"tag-featurednews","12":"tag-headlines","13":"tag-hovedoppslag","14":"tag-is","15":"tag-jordan","16":"tag-latest-news","17":"tag-latestnews","18":"tag-main-news","19":"tag-mainnews","20":"tag-news","21":"tag-no","22":"tag-norge","23":"tag-norway","24":"tag-nyheter","25":"tag-overskrifter","26":"tag-syria","27":"tag-top-stories","28":"tag-topstories"},"share_on_mastodon":{"url":"https:\/\/pubeurope.com\/@no\/115752181739243292","error":""},"_links":{"self":[{"href":"https:\/\/www.europesays.com\/no\/wp-json\/wp\/v2\/posts\/118196","targetHints":{"allow":["GET"]}}],"collection":[{"href":"https:\/\/www.europesays.com\/no\/wp-json\/wp\/v2\/posts"}],"about":[{"href":"https:\/\/www.europesays.com\/no\/wp-json\/wp\/v2\/types\/post"}],"author":[{"embeddable":true,"href":"https:\/\/www.europesays.com\/no\/wp-json\/wp\/v2\/users\/2"}],"replies":[{"embeddable":true,"href":"https:\/\/www.europesays.com\/no\/wp-json\/wp\/v2\/comments?post=118196"}],"version-history":[{"count":0,"href":"https:\/\/www.europesays.com\/no\/wp-json\/wp\/v2\/posts\/118196\/revisions"}],"wp:featuredmedia":[{"embeddable":true,"href":"https:\/\/www.europesays.com\/no\/wp-json\/wp\/v2\/media\/118197"}],"wp:attachment":[{"href":"https:\/\/www.europesays.com\/no\/wp-json\/wp\/v2\/media?parent=118196"}],"wp:term":[{"taxonomy":"category","embeddable":true,"href":"https:\/\/www.europesays.com\/no\/wp-json\/wp\/v2\/categories?post=118196"},{"taxonomy":"post_tag","embeddable":true,"href":"https:\/\/www.europesays.com\/no\/wp-json\/wp\/v2\/tags?post=118196"}],"curies":[{"name":"wp","href":"https:\/\/api.w.org\/{rel}","templated":true}]}}