{"id":118198,"date":"2025-12-20T13:46:14","date_gmt":"2025-12-20T13:46:14","guid":{"rendered":"https:\/\/www.europesays.com\/no\/118198\/"},"modified":"2025-12-20T13:46:14","modified_gmt":"2025-12-20T13:46:14","slug":"betraktninger-etter-kommunestyret-17-12-25-banett-no","status":"publish","type":"post","link":"https:\/\/www.europesays.com\/no\/118198\/","title":{"rendered":"Betraktninger etter kommunestyret 17.12.25 &#8211; banett.no"},"content":{"rendered":"<p>Kommunestyrem\u00f8tet 17. desember etterlot oss med flere sp\u00f8rsm\u00e5l \u2013 ikke bare om skolepolitikk, men ogs\u00e5 om demokratiske spilleregler, saksbehandling og hvordan vi h\u00e5ndterer tekniske feil i viktige beslutninger.<\/p>\n<p><strong>Forslag om tilsyn i skolene<\/strong><\/p>\n<p>I budsjettsaken fremmet jeg f\u00f8lgende forslag:<br \/>\nKommunestyret skal anmode statsforvalter om \u00e5 f\u00f8re tilsyn i skolene v\u00e5re.<\/p>\n<p>Dette er fullt ut innenfor statsforvalters tilsynsansvar etter oppl\u00e6ringsloven. Et slikt tilsyn vil sette s\u00f8kelys p\u00e5 skolemilj\u00f8, spesialundervisning og internkontroll, med m\u00e5l om l\u00e6ring og forbedring, og ikke minst for \u00e5 sikre elevenes rettigheter.<\/p>\n<p>Bakgrunnen for forslaget er alvorlig. Vi kjenner til vedvarende utfordringer knyttet til vold og trusler i skolehverdagen, kombinert med h\u00f8yt sykefrav\u00e6r blant l\u00e6rere og annet skolepersonell. Dette er ikke enkeltsaker, men strukturelle problemer som fortjener en grundig og ekstern gjennomgang.<\/p>\n<p><strong>Et nytt voteringssystem \u2013 og \u00e9n avgj\u00f8rende stemme<\/strong><\/p>\n<p>Kommunestyret tok denne dagen i bruk et nytt elektronisk voteringssystem. Da vi kom til avstemming over mitt forslag, viste systemet 11 stemmer for og 11 stemmer mot. Vi ventet da p\u00e5 stemmen til Anne Marit Olsen (R\u00f8dt), som ville avgj\u00f8re utfallet.<\/p>\n<p>Ventingen skyldtes at det nye systemet gjorde det vanskelig for henne \u00e5 avgi stemmen elektronisk. Stemmen ble til slutt avgitt muntlig, og hun stemte imot. Dermed falt forslaget med \u00e9n stemme, og budsjettet ble vedtatt.<\/p>\n<p>Etter pausen i m\u00f8tet opplyser ordf\u00f8reren f\u00f8lgende: \u00abDet er kommet inn fra Anne Marit Olsen \u2013 hun har stemt feil. Vi kan ikke gj\u00f8re om p\u00e5 det uten \u00e5 gj\u00f8re en ny avstemming, og vi har gitt permisjon til s\u00e5 mange at det f\u00e5r vi ikke til.\u00bb<\/p>\n<p>Feilen skyldtes alts\u00e5 det nye tekniske systemet, og denne feilen fikk direkte betydning for utfallet. Etter mitt syn er det da demokratisk ryddig \u00e5 \u00e5pne saken p\u00e5 nytt og gjennomf\u00f8re en ny avstemming.<\/p>\n<p>At fire representanter har f\u00e5tt permisjon, kan vanskelig alene v\u00e6re en gyldig begrunnelse for \u00e5 nekte dette. S\u00e6rlig n\u00e5r tidligere praksis har v\u00e6rt dette: Onsdag 3. september ble vi hentet inn igjen i kommunestyret fordi de alkoholpolitiske retningslinjene ikke var ferdig behandlet. Den gangen hadde to representanter permisjon, og saken ble gjen\u00e5pnet uten problemer.<\/p>\n<p>Det jeg reagerer sterkt p\u00e5, er det som skjer etterp\u00e5. Uten at saken formelt gjen\u00e5pnes, begynner ordf\u00f8reren \u00e5 uttrykke meninger og argumentere mot forslaget mitt. Hun sier blant annet at hun er usikker p\u00e5 om et slikt vedtak lar seg effektuere overfor statsforvalteren.<\/p>\n<p>For meg er dette et prinsipielt problem. N\u00e5r en sak ikke er \u00e5pnet, skal det heller ikke f\u00f8res politisk argumentasjon. Da handler det ikke om innholdet i forslaget, men om korrekt saksbehandling og respekt for kommunestyrets rolle.<\/p>\n<p>Det er opp til kommunestyrets flertall \u2013 ikke enkeltpersoner i m\u00f8teledelsen \u2013 \u00e5 vurdere om et forslag er \u00f8nskelig og gjennomf\u00f8rbart. Jeg hadde dessuten gjort grundig forarbeid og jeg har vurdert at dette er noe kommunestyret har anledning til \u00e5 anmode statsforvalteren om.<\/p>\n<p>Like etterp\u00e5 f\u00e5r Ann Kristin Slettvoll (Ap) ordet, og ogs\u00e5 hun benytter taletiden til \u00e5 argumentere mot forslaget. Hun uttaler blant annet: \u00abJeg syns det er rart at kommunestyret skal forlange et tilsyn fra statsforvalteren.\u00bb<\/p>\n<p>Igjen: Uavhengig av hva enkeltrepresentanter m\u00e5tte mene, var dette et forslag som hadde flertall bak seg \u2013 og det i en sak som formelt sett ikke var \u00e5pnet for ny behandling. \u00d8rjan Moe (H\u00f8yre) ber deretter om ordet, men f\u00e5r det ikke. For meg forsterker dette inntrykket av en prosess som ikke er ryddig. Noen f\u00e5r uttrykke meninger og argumentere politisk i en lukket sak, mens andre ikke f\u00e5r ordet i det hele tatt.<\/p>\n<p>Dette handler ikke bare om mitt forslag om tilsyn i skolene. Det handler om tillit til de demokratiske prosessene v\u00e5re. N\u00e5r tekniske feil f\u00e5r avgj\u00f8rende konsekvenser, m\u00e5 vi v\u00e6re villige til \u00e5 rette dem opp.<\/p>\n<p>N\u00e5r saker ikke er \u00e5pnet, skal det ikke argumenteres politisk. Og n\u00e5r representanter ber om ordet i viktige sp\u00f8rsm\u00e5l, b\u00f8r de f\u00e5 slippe til. Dessuten inng\u00e5r forslaget som en del av budsjettvedtaket og i verste fall har vi et ugyldig budsjettvedtak.<\/p>\n<p><strong>Andrea Dahl Larssen<\/strong><\/p>\n<p><strong>Kommunestyrerepresentant for H\u00f8yre<\/strong><\/p>\n<p><a href=\"https:\/\/www.banett.no\/nyheter\/n\/gkPg8J\/feilstemme-avgjorde-forslag-til-budsjettsaken\" rel=\"nofollow noopener\" target=\"_blank\"> <img decoding=\"async\" src=\"data:image\/gif;base64,R0lGODlhEAAJAIAAAP\/\/\/wAAACH5BAEAAAAALAAAAAAQAAkAAAIKhI+py+0Po5yUFQA7\" alt=\"\"\/>   Feilstemme avgjorde forslag til budsjett\u00adsaken  <\/a> <\/p>\n","protected":false},"excerpt":{"rendered":"Kommunestyrem\u00f8tet 17. desember etterlot oss med flere sp\u00f8rsm\u00e5l \u2013 ikke bare om skolepolitikk, men ogs\u00e5 om demokratiske spilleregler,&hellip;\n","protected":false},"author":2,"featured_media":118199,"comment_status":"","ping_status":"","sticky":false,"template":"","format":"standard","meta":{"footnotes":""},"categories":[10],"tags":[20,21,14193,24,25,15,7573,22,23,13,30,28,29,14,16,26,27],"class_list":{"0":"post-118198","1":"post","2":"type-post","3":"status-publish","4":"format-standard","5":"has-post-thumbnail","7":"category-norge","8":"tag-breaking-news","9":"tag-breakingnews","10":"tag-bronnoy","11":"tag-featured-news","12":"tag-featurednews","13":"tag-headlines","14":"tag-kommunestyret","15":"tag-latest-news","16":"tag-latestnews","17":"tag-news","18":"tag-no","19":"tag-norge","20":"tag-norway","21":"tag-nyheter","22":"tag-overskrifter","23":"tag-top-stories","24":"tag-topstories"},"share_on_mastodon":{"url":"https:\/\/pubeurope.com\/@no\/115752205187943759","error":""},"_links":{"self":[{"href":"https:\/\/www.europesays.com\/no\/wp-json\/wp\/v2\/posts\/118198","targetHints":{"allow":["GET"]}}],"collection":[{"href":"https:\/\/www.europesays.com\/no\/wp-json\/wp\/v2\/posts"}],"about":[{"href":"https:\/\/www.europesays.com\/no\/wp-json\/wp\/v2\/types\/post"}],"author":[{"embeddable":true,"href":"https:\/\/www.europesays.com\/no\/wp-json\/wp\/v2\/users\/2"}],"replies":[{"embeddable":true,"href":"https:\/\/www.europesays.com\/no\/wp-json\/wp\/v2\/comments?post=118198"}],"version-history":[{"count":0,"href":"https:\/\/www.europesays.com\/no\/wp-json\/wp\/v2\/posts\/118198\/revisions"}],"wp:featuredmedia":[{"embeddable":true,"href":"https:\/\/www.europesays.com\/no\/wp-json\/wp\/v2\/media\/118199"}],"wp:attachment":[{"href":"https:\/\/www.europesays.com\/no\/wp-json\/wp\/v2\/media?parent=118198"}],"wp:term":[{"taxonomy":"category","embeddable":true,"href":"https:\/\/www.europesays.com\/no\/wp-json\/wp\/v2\/categories?post=118198"},{"taxonomy":"post_tag","embeddable":true,"href":"https:\/\/www.europesays.com\/no\/wp-json\/wp\/v2\/tags?post=118198"}],"curies":[{"name":"wp","href":"https:\/\/api.w.org\/{rel}","templated":true}]}}