{"id":118200,"date":"2025-12-20T13:53:27","date_gmt":"2025-12-20T13:53:27","guid":{"rendered":"https:\/\/www.europesays.com\/no\/118200\/"},"modified":"2025-12-20T13:53:27","modified_gmt":"2025-12-20T13:53:27","slug":"vesar-jul-avfallet-ditt-hentes-pa-andre-dager-enn-du-er-vant-til-tonsbergs-blad","status":"publish","type":"post","link":"https:\/\/www.europesays.com\/no\/118200\/","title":{"rendered":"Vesar, Jul | Avfallet ditt hentes p\u00e5 andre dager enn du er vant til &#8211; T\u00f8nsbergs Blad"},"content":{"rendered":"<ol>\n<li><a href=\"https:\/\/news.google.com\/rss\/articles\/CBMikAFBVV95cUxPWGpEbmZmM3pXWG9IVlhqSkUtaXE5OWowdEFmUlpYQ1RZb3hYTjRQMTF0YzhMeVBJcHZ5NENabUpCNTNHV0RaZlY3d0M1RkFiY1hvLWhlZUQ0ekdHLXdVSE5ZNVZqT0NQdHJHVmtWUWFjcExSUXZIVWdXeWZDdFpzNDdNTkJaRUlvSEM5ZjFLUUw?oc=5\" target=\"_blank\" rel=\"nofollow noopener\">Vesar, Jul | Avfallet ditt hentes p\u00e5 andre dager enn du er vant til<\/a>&nbsp;&nbsp;T\u00f8nsbergs Blad<\/li>\n<li><a href=\"https:\/\/news.google.com\/rss\/articles\/CBMiiAFBVV95cUxQb0JCUjc3SXEtMnNNTVoyTGZDQm13aW5XcWprQTNUVXRVWXVkMXh1c0JFSk5MMnY1X1NqRnVOdDhGSHVKY2VDMEx4U1RlWkFqaEJidGM4OXlzdXRraWotZ3g3UjlXRFBoNEJyQmd1V2tjZDM3T0tVOGY5NmprUk5TTG1RWElsOFp6?oc=5\" target=\"_blank\" rel=\"nofollow noopener\">Kluss med t\u00f8mming f\u00f8r jul: \u2013 Hvem var klar over det?<\/a>&nbsp;&nbsp;Sandefjords Blad<\/li>\n<li><a href=\"https:\/\/news.google.com\/rss\/articles\/CBMijwFBVV95cUxQN1d6RUdLWXFjWFpxeVRVbGVvbl9YS1NxWGhpSTNNdGcyV3pEOE5xZ2h5RFhDRWQ4Um1RTG9wQVRQbDlnOFg1X2lING5VLUpiVGNjTmJMc3RHcFRodFl3b1dUSjgwblM0RTc4aWN5QzM0Q2VZMGtka1lDWHJXWWx0eGtzb2taSFZuQkljazdoMA?oc=5\" target=\"_blank\" rel=\"nofollow noopener\">Julen 2025, Movar | Kaste s\u00f8ppel i jula? Da b\u00f8r du lese denne saken<\/a>&nbsp;&nbsp;Moss Avis<\/li>\n<li><a href=\"https:\/\/news.google.com\/rss\/articles\/CBMiogFBVV95cUxONnlUYU1ZcjVUaFR6WFljbk1KWENGeUc0MG44TW9oZm5OWGptTkxyWnYzNmxtNHhHMEdBR2VtRzNrSHhEOTJVXzlZcTRjSFNCc2FoNmZCc3FsUjN4RE9XdGUwdzNib2hjOFJmTWN3MHU4UGd2b2lZd1BraVdhTll0NXB1OEVDOWRiU2YyQTJNUkZ6LUtycE5GdnJ0VXZUbG82NGc?oc=5\" target=\"_blank\" rel=\"nofollow noopener\">Seksbarnsfar m\u00e5 vente tre veker p\u00e5 s\u00f8ppelbilen: \u2013 D\u00e5rleg tidspunkt<\/a>&nbsp;&nbsp;Haugesunds Avis<\/li>\n<li><a href=\"https:\/\/news.google.com\/rss\/articles\/CBMipgFBVV95cUxNdFI5aWE5Y05hSy1pN19wN3RwV2FFRDBiWE9hT1BzeFNKZ0FNZ3E0QXRsOGVCNVpLOUlQWlpTSF9UdzczUkVEQXAwRG13UkppNWpQY3JTVFlwQnI2Q2lQQUhycUZkbWk4M2NZSW9kVVVsNUtKZ3lvQmV1OTg5Ni1FMVZHcnFXR3R4MHFGalJMdVJGTnZFMENZUExEQ1NiY3F0cjZQdk53?oc=5\" target=\"_blank\" rel=\"nofollow noopener\">Endrede t\u00f8mmedager og \u00e5pningstider i forbindelse med jul og nytt\u00e5r<\/a>&nbsp;&nbsp;Rana No<\/li>\n<\/ol>\n","protected":false},"excerpt":{"rendered":"Vesar, Jul | Avfallet ditt hentes p\u00e5 andre dager enn du er vant til&nbsp;&nbsp;T\u00f8nsbergs Blad Kluss med t\u00f8mming&hellip;\n","protected":false},"author":2,"featured_media":118201,"comment_status":"","ping_status":"","sticky":false,"template":"","format":"standard","meta":{"footnotes":""},"categories":[10],"tags":[20,21,24,25,15,22,23,13,30,28,29,14,16,26,27],"class_list":{"0":"post-118200","1":"post","2":"type-post","3":"status-publish","4":"format-standard","5":"has-post-thumbnail","7":"category-norge","8":"tag-breaking-news","9":"tag-breakingnews","10":"tag-featured-news","11":"tag-featurednews","12":"tag-headlines","13":"tag-latest-news","14":"tag-latestnews","15":"tag-news","16":"tag-no","17":"tag-norge","18":"tag-norway","19":"tag-nyheter","20":"tag-overskrifter","21":"tag-top-stories","22":"tag-topstories"},"share_on_mastodon":{"url":"https:\/\/pubeurope.com\/@no\/115752232718303994","error":""},"_links":{"self":[{"href":"https:\/\/www.europesays.com\/no\/wp-json\/wp\/v2\/posts\/118200","targetHints":{"allow":["GET"]}}],"collection":[{"href":"https:\/\/www.europesays.com\/no\/wp-json\/wp\/v2\/posts"}],"about":[{"href":"https:\/\/www.europesays.com\/no\/wp-json\/wp\/v2\/types\/post"}],"author":[{"embeddable":true,"href":"https:\/\/www.europesays.com\/no\/wp-json\/wp\/v2\/users\/2"}],"replies":[{"embeddable":true,"href":"https:\/\/www.europesays.com\/no\/wp-json\/wp\/v2\/comments?post=118200"}],"version-history":[{"count":0,"href":"https:\/\/www.europesays.com\/no\/wp-json\/wp\/v2\/posts\/118200\/revisions"}],"wp:featuredmedia":[{"embeddable":true,"href":"https:\/\/www.europesays.com\/no\/wp-json\/wp\/v2\/media\/118201"}],"wp:attachment":[{"href":"https:\/\/www.europesays.com\/no\/wp-json\/wp\/v2\/media?parent=118200"}],"wp:term":[{"taxonomy":"category","embeddable":true,"href":"https:\/\/www.europesays.com\/no\/wp-json\/wp\/v2\/categories?post=118200"},{"taxonomy":"post_tag","embeddable":true,"href":"https:\/\/www.europesays.com\/no\/wp-json\/wp\/v2\/tags?post=118200"}],"curies":[{"name":"wp","href":"https:\/\/api.w.org\/{rel}","templated":true}]}}