{"id":118204,"date":"2025-12-20T14:04:37","date_gmt":"2025-12-20T14:04:37","guid":{"rendered":"https:\/\/www.europesays.com\/no\/118204\/"},"modified":"2025-12-20T14:04:37","modified_gmt":"2025-12-20T14:04:37","slug":"ben-affleck-gjenforent-med-jennifer-garner-og-jennifer-lopez-pa-sonnens-juleavslutning","status":"publish","type":"post","link":"https:\/\/www.europesays.com\/no\/118204\/","title":{"rendered":"Ben Affleck gjenforent med Jennifer Garner og Jennifer Lopez p\u00e5 s\u00f8nnens juleavslutning"},"content":{"rendered":"<p class=\"kicker \" style=\"\">Pinlig aff\u00e6re:<\/p>\n<p>  Affleck observert med Garner og Lopez under s\u00f8nnens juleavslutning. Hva skjedde egentlig?<\/p>\n<p>\n    VEKKER OPPSIKT: Ben Affleck ble observert med b\u00e5de Jennifer Garner og Jennifer Lopez. Foto: NTB\n  <\/p>\n<p>Skuespiller Ben Affleck (53) blir av mange betegnet som en av verdens beste skuespillere. Han er minst like kjent for sine banebrytende roller, som sine havarerte ekteskap.<\/p>\n<p>    <a itemprop=\"url\" href=\"https:\/\/www.seher.no\/kjendis\/rystende-avsloringer\/83988256\" rel=\"nofollow noopener\" target=\"_blank\"><\/p>\n<p>        <img loading=\"lazy\" decoding=\"async\" src=\"https:\/\/www.europesays.com\/no\/wp-content\/uploads\/2025\/12\/1766239457_232_83988365.webp\" width=\"980\" height=\"441\" title=\"Rystende avsl\u00f8ringer\" alt=\"\" class=\"lazyload\" style=\"--aspect-ratio-image: 2.22; \"\/><\/p>\n<p>        Rystende avsl\u00f8ringer<\/p>\n<p>    <\/a><\/p>\n<p>De romantiske relasjonene til Affleck har f\u00e5tt mye spalteplass i \u00e5renes l\u00f8p &#8211; og skaper nok en gang overskrifter i det store utland.<\/p>\n<p>Dette etter at han ble observert med sine ber\u00f8mte ekskoner i anledning s\u00f8nnens Samuels juleavslutning, skriver nettstedet <a href=\"https:\/\/www.tmz.com\/2025\/12\/14\/ben-affleck-sees-garner-lopez-at-son-show\/\" rel=\"nofollow noopener\" target=\"_blank\">TMZ.<\/a><\/p>\n<p>        AVKREFTER: Det oppstod misforst\u00e5elser da en promovideo til \u00abSofa\u00bb ble vist p\u00e5 TV 2s v\u00e5rlansering. Video: Nora Skavhaug\/ Thea Hope<\/p>\n<p>Affleck ble avbildet fredag kveld, sammen med ekskona Jennifer Garner (53) og s\u00f8nnen Samuel &#8211; egentlig en noks\u00e5 idyllisk familiegjenforening, men &#8230;<\/p>\n<p>        <img loading=\"lazy\" decoding=\"async\" src=\"https:\/\/www.europesays.com\/no\/wp-content\/uploads\/2025\/12\/83989331.webp\" width=\"686\" height=\"673\" title=\"SAMMEN: Jennifer Garner og Ben Affleck har beholdt en vennskapelig tone etter bruddet, og samarbeider stadig om s\u00f8nnen Samuel og d\u00f8trene Violet og Seraphina. Foto: NTB\" alt=\"\" class=\"\" style=\"--aspect-ratio-image: 1.02; \"\/><\/p>\n<p>\n        SAMMEN: Jennifer Garner og Ben Affleck har beholdt en vennskapelig tone etter bruddet, og samarbeider stadig om s\u00f8nnen Samuel og d\u00f8trene Violet og Seraphina. Foto: NTB\n    <\/p>\n<p class=\"font-weight-bold m-font-weight-bold\" data-lab-font_weight=\"font-weight-bold\">Under tilstelningen kunne man ogs\u00e5 se Afflecks andre ekskone, Jennifer Lopez (56) &#8211; bare et par meter unna sin ber\u00f8mte eksmann. Sangerinnen ble avbildet under en samtale med de andre foreldrene som var tilstede &#8211; og kilder forteller til TMZ at det s\u00e5 ikke ut til at Affleck p\u00e5 noe tidspunkt slo av en prat med artisten &#8211; selv om han \u00e5penbart hadde lagt merke til at hun ogs\u00e5 var tilstede.<\/p>\n<p>        <img loading=\"lazy\" decoding=\"async\" src=\"https:\/\/www.europesays.com\/no\/wp-content\/uploads\/2025\/12\/83989302.webp\" width=\"686\" height=\"542\" title=\"OJDA: Jennifer Lopez sto bare et par meter fra eksmannen. Kilder forteller til TMZ at han sto st\u00f8dig med ryggen til, og virket ikke nevneverdig interessert i \u00e5 sl\u00e5 av en prat med ekskona. Foto: NTB\" alt=\"\" class=\"\" style=\"--aspect-ratio-image: 1.27; \"\/><\/p>\n<p>\n        OJDA: Jennifer Lopez sto bare et par meter fra eksmannen. Kilder forteller til TMZ at han sto st\u00f8dig med ryggen til, og virket ikke nevneverdig interessert i \u00e5 sl\u00e5 av en prat med ekskona. Foto: NTB\n    <\/p>\n<p>Affleck og Lopez snakket med hver sin foreldregruppe &#8211; muligens for \u00e5 unng\u00e5 en hver form for vanskelig samhandling, skriver det amerikanske nettstedet.<\/p>\n<p>        <img loading=\"lazy\" decoding=\"async\" src=\"https:\/\/www.europesays.com\/no\/wp-content\/uploads\/2025\/12\/83734308.webp\" width=\"686\" height=\"700\" title=\"VARTE IKKE: Selv om fans var fulle av elleville jubelrop da Jennifer Lopez og Ben Affleck fant tilbake til hverandre, skulle forholdet vise seg kortvarig. Etter knappe to \u00e5r som gift, var de offisielt skilt. Foto: NTB\" alt=\"\" class=\"\" style=\"--aspect-ratio-image: 0.98; \"\/><\/p>\n<p>\n        VARTE IKKE: Selv om fans var fulle av elleville jubelrop da Jennifer Lopez og Ben Affleck fant tilbake til hverandre, skulle forholdet vise seg kortvarig. Etter knappe to \u00e5r som gift, var de offisielt skilt. Foto: NTB\n    <\/p>\n<p>Samuel stoppet dog for \u00e5 sl\u00e5 av en prat med sin tidligere bonusmamma. Etter det TMZ erfarer skal Lopez fortsatt ha et godt forhold til Afflecks barn &#8211; selv om ekteskapet havarerte i rekordfart.<\/p>\n<p>        <img loading=\"lazy\" decoding=\"async\" src=\"https:\/\/www.europesays.com\/no\/wp-content\/uploads\/2025\/12\/82790312.webp\" width=\"686\" height=\"995\" title=\"IDYLL: Jennifer og Ben var gift i hele ti \u00e5r, men ekteskapet sto ikke til \u00e5 redde. De samles likevel ofte for barna skyld, og er tilsynelatende flinke til \u00e5 samarbeide. Foto: NTB\" alt=\"\" class=\"\" style=\"--aspect-ratio-image: 0.69; \"\/><\/p>\n<p>\n        IDYLL: Jennifer og Ben var gift i hele ti \u00e5r, men ekteskapet sto ikke til \u00e5 redde. De samles likevel ofte for barna skyld, og er tilsynelatende flinke til \u00e5 samarbeide. Foto: NTB\n    <\/p>\n<p>Skilsmissen til ekteparet ble endelig tidligere i \u00e5r, og selv om Affleck til stadighet blir observert med sin f\u00f8rste ekskone, Jennifer Garner, har man ikke sett at han har tilbragt noe betydelig tid sammen med Lopez.<\/p>\n<p>    <a itemprop=\"url\" href=\"https:\/\/www.seher.no\/kongelig\/nye-bilder-vekker-oppsikt\/83988238\" rel=\"nofollow noopener\" target=\"_blank\"><\/p>\n<p>        <img loading=\"lazy\" decoding=\"async\" src=\"https:\/\/www.europesays.com\/no\/wp-content\/uploads\/2025\/12\/1766239477_214_83988335.webp\" width=\"980\" height=\"441\" title=\"Nye bilder vekker oppsikt\" alt=\"\" class=\"lazyload\" style=\"--aspect-ratio-image: 2.22; \"\/><\/p>\n<p>        Nye bilder vekker oppsikt<\/p>\n<p>    <\/a><\/p>\n<p>Barna har likevel forblitt venner &#8211; s\u00e5 interaksjoner mellom barna tilh\u00f8rer slett ikke sjeldenthetene, men forholdet til det forhenv\u00e6rende ekteparet skal ikke v\u00e6re av den varme sorten.<\/p>\n","protected":false},"excerpt":{"rendered":"Pinlig aff\u00e6re: Affleck observert med Garner og Lopez under s\u00f8nnens juleavslutning. Hva skjedde egentlig? VEKKER OPPSIKT: Ben Affleck&hellip;\n","protected":false},"author":2,"featured_media":118205,"comment_status":"","ping_status":"","sticky":false,"template":"","format":"standard","meta":{"footnotes":""},"categories":[58],"tags":[7454,4104,71,14194,7455,479,30,28,29,72],"class_list":{"0":"post-118204","1":"post","2":"type-post","3":"status-publish","4":"format-standard","5":"has-post-thumbnail","7":"category-underholdning","8":"tag-ben-affleck","9":"tag-eksklusivt","10":"tag-entertainment","11":"tag-jennifer-garner","12":"tag-jennifer-lopez","13":"tag-kjendis","14":"tag-no","15":"tag-norge","16":"tag-norway","17":"tag-underholdning"},"share_on_mastodon":{"url":"https:\/\/pubeurope.com\/@no\/115752278520329959","error":""},"_links":{"self":[{"href":"https:\/\/www.europesays.com\/no\/wp-json\/wp\/v2\/posts\/118204","targetHints":{"allow":["GET"]}}],"collection":[{"href":"https:\/\/www.europesays.com\/no\/wp-json\/wp\/v2\/posts"}],"about":[{"href":"https:\/\/www.europesays.com\/no\/wp-json\/wp\/v2\/types\/post"}],"author":[{"embeddable":true,"href":"https:\/\/www.europesays.com\/no\/wp-json\/wp\/v2\/users\/2"}],"replies":[{"embeddable":true,"href":"https:\/\/www.europesays.com\/no\/wp-json\/wp\/v2\/comments?post=118204"}],"version-history":[{"count":0,"href":"https:\/\/www.europesays.com\/no\/wp-json\/wp\/v2\/posts\/118204\/revisions"}],"wp:featuredmedia":[{"embeddable":true,"href":"https:\/\/www.europesays.com\/no\/wp-json\/wp\/v2\/media\/118205"}],"wp:attachment":[{"href":"https:\/\/www.europesays.com\/no\/wp-json\/wp\/v2\/media?parent=118204"}],"wp:term":[{"taxonomy":"category","embeddable":true,"href":"https:\/\/www.europesays.com\/no\/wp-json\/wp\/v2\/categories?post=118204"},{"taxonomy":"post_tag","embeddable":true,"href":"https:\/\/www.europesays.com\/no\/wp-json\/wp\/v2\/tags?post=118204"}],"curies":[{"name":"wp","href":"https:\/\/api.w.org\/{rel}","templated":true}]}}