{"id":118206,"date":"2025-12-20T14:13:37","date_gmt":"2025-12-20T14:13:37","guid":{"rendered":"https:\/\/www.europesays.com\/no\/118206\/"},"modified":"2025-12-20T14:13:37","modified_gmt":"2025-12-20T14:13:37","slug":"arthur-arntzen-dod-arthur-arntzen-er-dod","status":"publish","type":"post","link":"https:\/\/www.europesays.com\/no\/118206\/","title":{"rendered":"Arthur Arntzen, D\u00f8d | Arthur Arntzen er d\u00f8d"},"content":{"rendered":"\n<p>Arntzen ble 88 \u00e5r gammel og vil alltid forbindes med karakteren Oluf, skriver <a href=\"https:\/\/www.nordlys.no\/arthur-arntzen-har-gatt-bort\/s\/5-34-2263267\" rel=\"Follow nofollow noopener\" target=\"_blank\">Nordlys<\/a>.<\/p>\n<p>Arntzen d\u00f8de fredag morgen p\u00e5 Otium bo- og velferdssenter med familien rundt seg. Han etterlater seg kona Randi og barna Kathrine, Geir og Kjetil.<\/p>\n<p>\u2013 Vi er triste, men det var en fin og verdig avslutning han fikk med alle oss rundt seg. Det var p\u00e5 en m\u00e5te greit at han fikk slippe n\u00e5. Han har hatt mange plager, sier s\u00f8nnen Kjetil til <a href=\"https:\/\/www.vg.no\/rampelys\/i\/16nnPM\/arthur-oluf-arntzen-er-doed\" rel=\"Follow nofollow noopener\" target=\"_blank\">VG<\/a>.<\/p>\n<p>  <a href=\"https:\/\/www.an.no\/5-4-1654189\" class=\"related-teaser has-image default-story-teaser article--c-eRUmMG article--c-eRUmMG-jKCPdD-design-default\" rel=\"nofollow noopener\" target=\"_blank\"><\/p>\n<p>    <img decoding=\"async\" loading=\"lazy\"  src=\"https:\/\/www.europesays.com\/no\/wp-content\/uploads\/2025\/12\/duttearthur.png\" alt=\"\" class=\"brick-c-cFOWSL\" style=\"\"\/><\/p>\n<p>\n            Les ogs\u00e5<\/p>\n<p>              Se det r\u00f8rende gjensynet mellom Arthur og Dutte\n        <\/p>\n<p>  <\/a><\/p>\n<p>I tillegg til \u00e5 st\u00e5 for humorsuksessen Oluf, har Arntzen lagt bak seg flere \u00e5r som journalist og forfatter. Han har ogs\u00e5 vunnet en rekke priser for sitt arbeid, deriblant Nynorsk litteraturpris&#8217; hederspris, ridder av 1. klasse av St. Olavs Orden, Alf Pr\u00f8ysens \u00e6respris og Agenda Nord-Norges \u00e6respris.<\/p>\n<p>  <a href=\"https:\/\/www.an.no\/5-4-2298360\" class=\"related-teaser has-image default-story-teaser article--c-eRUmMG article--c-eRUmMG-jKCPdD-design-default\" rel=\"nofollow noopener\" target=\"_blank\"><\/p>\n<p>    <img decoding=\"async\" loading=\"lazy\"  src=\"https:\/\/www.europesays.com\/no\/wp-content\/uploads\/2025\/12\/Arthur_Arntzen_51_4299542a.jpg\" alt=\"\" class=\"brick-c-cFOWSL\" style=\"\"\/><\/p>\n<p>\n            Les ogs\u00e5<\/p>\n<p>              Halvdan minnes sin gode venn: \u2013 En fantastisk person\n        <\/p>\n<p>  <\/a><\/p>\n","protected":false},"excerpt":{"rendered":"Arntzen ble 88 \u00e5r gammel og vil alltid forbindes med karakteren Oluf, skriver Nordlys. Arntzen d\u00f8de fredag morgen&hellip;\n","protected":false},"author":2,"featured_media":118207,"comment_status":"","ping_status":"","sticky":false,"template":"","format":"standard","meta":{"footnotes":""},"categories":[58],"tags":[36,14133,2268,71,30,28,29,14,1510,72],"class_list":{"0":"post-118206","1":"post","2":"type-post","3":"status-publish","4":"format-standard","5":"has-post-thumbnail","7":"category-underholdning","8":"tag-art","9":"tag-arthur-arntzen","10":"tag-dod","11":"tag-entertainment","12":"tag-no","13":"tag-norge","14":"tag-norway","15":"tag-nyheter","16":"tag-story","17":"tag-underholdning"},"share_on_mastodon":{"url":"https:\/\/pubeurope.com\/@no\/115752311617129088","error":""},"_links":{"self":[{"href":"https:\/\/www.europesays.com\/no\/wp-json\/wp\/v2\/posts\/118206","targetHints":{"allow":["GET"]}}],"collection":[{"href":"https:\/\/www.europesays.com\/no\/wp-json\/wp\/v2\/posts"}],"about":[{"href":"https:\/\/www.europesays.com\/no\/wp-json\/wp\/v2\/types\/post"}],"author":[{"embeddable":true,"href":"https:\/\/www.europesays.com\/no\/wp-json\/wp\/v2\/users\/2"}],"replies":[{"embeddable":true,"href":"https:\/\/www.europesays.com\/no\/wp-json\/wp\/v2\/comments?post=118206"}],"version-history":[{"count":0,"href":"https:\/\/www.europesays.com\/no\/wp-json\/wp\/v2\/posts\/118206\/revisions"}],"wp:featuredmedia":[{"embeddable":true,"href":"https:\/\/www.europesays.com\/no\/wp-json\/wp\/v2\/media\/118207"}],"wp:attachment":[{"href":"https:\/\/www.europesays.com\/no\/wp-json\/wp\/v2\/media?parent=118206"}],"wp:term":[{"taxonomy":"category","embeddable":true,"href":"https:\/\/www.europesays.com\/no\/wp-json\/wp\/v2\/categories?post=118206"},{"taxonomy":"post_tag","embeddable":true,"href":"https:\/\/www.europesays.com\/no\/wp-json\/wp\/v2\/tags?post=118206"}],"curies":[{"name":"wp","href":"https:\/\/api.w.org\/{rel}","templated":true}]}}