{"id":118208,"date":"2025-12-20T14:18:19","date_gmt":"2025-12-20T14:18:19","guid":{"rendered":"https:\/\/www.europesays.com\/no\/118208\/"},"modified":"2025-12-20T14:18:19","modified_gmt":"2025-12-20T14:18:19","slug":"julesnakk-alexandra-joner-jeg-hater-vinter","status":"publish","type":"post","link":"https:\/\/www.europesays.com\/no\/118208\/","title":{"rendered":"Julesnakk: Alexandra Joner: &#8211; Jeg hater vinter"},"content":{"rendered":"<p>Influenser Alexandra Joner (35) legger et innholdsrikt \u00e5r bak seg, og g\u00e5r inn i juleh\u00f8ytiden sammen med familien \u2013 og <a href=\"https:\/\/www.tv2.no\/underholdning\/alexandra-joner-skal-bli-mamma\/18268389\/\" rel=\"nofollow noopener\" target=\"_blank\">et barn p\u00e5 vei<\/a>.\u00a0<\/p>\n<p>N\u00e5r TV 2 m\u00f8ter henne p\u00e5 pressetreff for den nye sesongen av \u00abHelt Perfekt\u00bb, er det liten tvil om at 2025 blir et \u00e5r for minneboka:\u00a0<\/p>\n<p>\u2013\u00a0Herregud, det \u00e5ret her har v\u00e6rt helt fantastisk p\u00e5 alle mulige m\u00e5ter!\u00a0<\/p>\n<p>Vi tok en juleprat med den <a href=\"https:\/\/www.tv2.no\/underholdning\/debuterer-som-skuespiller-en-drom\/17302838\/\" rel=\"nofollow noopener\" target=\"_blank\">vordende skuespilleren<\/a>, hvor hun deler alt fra hva hun ikke klarer seg uten i julen \u2013 til hvordan hun h\u00e5per \u00e5 toppe \u00e5ret n\u00e5r 2026 banker p\u00e5 d\u00f8ren.<\/p>\n<p>Hva skal du gj\u00f8re i julen?<\/p>\n<p>\u2013 Jeg skal feire sammen med familien min og gode venner. P\u00e5 julaften blir vi mamma, kj\u00e6resten min, bestevenninna mi og hennes familie. Det blir veldig koselig.\u00a0<\/p>\n<p>\nHva klarer du deg ikke uten, om du skal ha en riktig god jul?<\/p>\n<p>\u2013 Pinnekj\u00f8tt! Jeg m\u00e5 ha pinnekj\u00f8tt, hvis ikke er det ikke jul \u2013 takk for meg!\u00a0<\/p>\n<p>\nSavner du noen kj\u00e6re i jula?<\/p>\n<p>\u2013 Akkurat n\u00e5 savner jeg sn\u00f8. Det trodde jeg aldri jeg skulle si! Jeg hater vinter, og jeg synes vinter er noe dritt, men jeg m\u00e5 si at ti varmegrader i desember ikke er greit, sier hun, og legger til:\u00a0<\/p>\n<p>\u2013 S\u00e5 jeg savner faktisk sn\u00f8 og kuldegrader. En hvit jul hadde v\u00e6rt koselig.\u00a0<\/p>\n<p>\nHva er den rareste\/mest spesielle\/mest dramatiske julen du har hatt?<\/p>\n<p>\u2013 Ingenting jeg kan dele h\u00f8yt, smiler hun lurt. <\/p>\n<p>Hva er den verste julegaven du har f\u00e5tt?<\/p>\n<p>\u2013 Jeg synes at jeg bare f\u00e5r bra julegaver, jeg. Jeg f\u00f8ler at jeg er en enkel sjel \u00e5 kj\u00f8pe gaver til, fordi jeg synes rare ting er g\u00f8y. Jeg har for blant annet f\u00e5tt skolisser som blinker p\u00e5 batteri, som egentlig er laget for barn, men som jeg synes er helt hysterisk, sier hun, og utdyper:\u00a0<\/p>\n<p>        <img class=\"image__img lazyload\" itemprop=\"image\" title=\"Foto: Odd Arne Hartvigsen \/ TV 2\" alt=\"NY LEILIGHET: Denne h\u00f8sten kunne Alexandra Joner dele at hun og kj\u00e6resten har kj\u00f8pt leilighet sammen p\u00e5 Majorstua. Foto: Odd Arne Hartvigsen \/ TV 2\" width=\"978\" height=\"551\" bad-src=\"https:\/\/www.europesays.com\/no\/wp-content\/uploads\/2025\/12\/18392315.webp\" fetchpriority=\"auto\" \/><\/p>\n<p>      NY LEILIGHET: Denne h\u00f8sten kunne Alexandra Joner dele at hun og kj\u00e6resten har kj\u00f8pt leilighet sammen p\u00e5 Majorstua.<br \/>\n         Foto: Odd Arne Hartvigsen \/ TV 2<\/p>\n<p>\u2013 Helt oppriktig f\u00f8ler jeg at jeg bare har f\u00e5tt bra gaver opp gjennom \u00e5rene. Mye forskjellig, men alt har v\u00e6rt veldig bra! Veldig mange har en basic stil, s\u00e5 n\u00e5r de ser noe g\u00f8y er det nok ofte at de tenker: \u00abOi, denne er typisk Alex!\u00bb, og s\u00e5 kj\u00f8per de den. S\u00e5 jeg er nok veldig enkel \u00e5 kj\u00f8pe gaver til.\u00a0<\/p>\n<p>\nHva tenker du om det \u00f8konomiske presset mange kjenner p\u00e5 i forbindelse med julegaver?<\/p>\n<p>\u2013 Det er veldig forst\u00e5elig, men det er veldig trist at det har blitt s\u00e5nn. Her om dagen ble jeg veldig inspirert av onkelen min. Jeg var p\u00e5 bes\u00f8k hos han, og han hadde laget julekalender til barna sine. Den bestod av pappavitser og forskjellige g\u00e5ter. Det likte jeg veldig godt. Da handler det ikke om penger eller ting, men noe hyggelig og g\u00f8y.\u00a0<\/p>\n<p>\nHvor mye bruker du selv p\u00e5 julegaver?<\/p>\n<p>\u2013 Det blir litt, men jeg kj\u00f8per ikke julegaver til alle jeg kjenner. Det blir til de jeg feirer sammen med. Jeg tenker at dersom det blir flere barn, s\u00e5 blir det nok mindre gaver til de voksne og at vi heller spanderer en god middag p\u00e5 hverandre.\u00a0<\/p>\n<p>        <img class=\"image__img lazyload\" itemprop=\"image\" title=\"Foto: TV 2\" alt=\"GRAVID: Alexandra Joner venter sitt f\u00f8rste barn. Foto: TV 2\" width=\"978\" height=\"551\" bad-src=\"https:\/\/www.europesays.com\/no\/wp-content\/uploads\/2025\/12\/18392319.webp\" fetchpriority=\"auto\" \/><\/p>\n<p>      GRAVID: Alexandra Joner venter sitt f\u00f8rste barn.<br \/>\n         Foto: TV 2<\/p>\n<p>\nHva har v\u00e6rt det beste med dette \u00e5ret?<\/p>\n<p>\u2013 Herregud, det \u00e5ret her har v\u00e6rt helt fantastisk p\u00e5 alle mulige m\u00e5ter! Jeg f\u00f8ler jeg har gjort s\u00e5 mye g\u00f8y. Jeg m\u00e5 selvf\u00f8lgelig si graviditeten, men lista er lang i \u00e5r, sier hun, f\u00f8r hun ivrig utdyper:\u00a0<\/p>\n<p>\u2013 Jeg har kj\u00f8pt meg leilighet \u2013 det er stas! Jeg har blitt gravid \u2013 det er stas! Jeg har f\u00e5tt lov til \u00e5 v\u00e6re med p\u00e5 \u00abHelt Perfekt\u00bb og v\u00e6re skuespiller \u2013 det er veldig stas! Jeg har v\u00e6rt konferansier p\u00e5 arrangementer jeg har dr\u00f8mt om. Nei, det har v\u00e6rt et veldig bra \u00e5r. Et veldig godt \u00e5r for meg, p\u00e5 flere aspekter!\u00a0<\/p>\n<p>Hvordan skal du toppe dette neste \u00e5r?\u00a0<\/p>\n<p>\u2013 2026 blir toppet med f\u00f8dsel! Uavhengig om det blir en helt j\u00e6vlig eller helt fantastisk opplevelse, uansett hva jeg sitter igjen med blir det helt psycho. Jeg tror ingenting topper det uansett! 2026 blir toppet med \u00e5 bli mor. Jeg f\u00f8ler at 2026 blir s\u00e5nn \u00abn\u00e5 skal vi inn i det uvisse\u00bb, og det m\u00e5 jeg si blir veldig spennende.\u00a0<\/p>\n<p>Hva er du klar for \u00e5 legge bak deg etter i \u00e5r?<\/p>\n<p>\u2013 Stresse litt mindre. 2025 for min del har v\u00e6rt et kjempefint \u00e5r, jeg f\u00f8ler jeg har landet og funnet meg selv. Jeg har blitt roligere, hvert fall p\u00e5 innsiden. Det er ikke s\u00e5 mye jeg skal legge bak meg, men f\u00f8ler kanskje at jeg vil stresse litt mindre \u2013 jeg trenger ikke \u00e5 si ja til alt!\u00a0<\/p>\n","protected":false},"excerpt":{"rendered":"Influenser Alexandra Joner (35) legger et innholdsrikt \u00e5r bak seg, og g\u00e5r inn i juleh\u00f8ytiden sammen med familien&hellip;\n","protected":false},"author":2,"featured_media":118209,"comment_status":"","ping_status":"","sticky":false,"template":"","format":"standard","meta":{"footnotes":""},"categories":[5],"tags":[20,21,24,25,15,19,22,23,17,18,13,30,28,29,14,16,26,27],"class_list":{"0":"post-118208","1":"post","2":"type-post","3":"status-publish","4":"format-standard","5":"has-post-thumbnail","7":"category-overskrifter","8":"tag-breaking-news","9":"tag-breakingnews","10":"tag-featured-news","11":"tag-featurednews","12":"tag-headlines","13":"tag-hovedoppslag","14":"tag-latest-news","15":"tag-latestnews","16":"tag-main-news","17":"tag-mainnews","18":"tag-news","19":"tag-no","20":"tag-norge","21":"tag-norway","22":"tag-nyheter","23":"tag-overskrifter","24":"tag-top-stories","25":"tag-topstories"},"share_on_mastodon":{"url":"https:\/\/pubeurope.com\/@no\/115752330990593118","error":""},"_links":{"self":[{"href":"https:\/\/www.europesays.com\/no\/wp-json\/wp\/v2\/posts\/118208","targetHints":{"allow":["GET"]}}],"collection":[{"href":"https:\/\/www.europesays.com\/no\/wp-json\/wp\/v2\/posts"}],"about":[{"href":"https:\/\/www.europesays.com\/no\/wp-json\/wp\/v2\/types\/post"}],"author":[{"embeddable":true,"href":"https:\/\/www.europesays.com\/no\/wp-json\/wp\/v2\/users\/2"}],"replies":[{"embeddable":true,"href":"https:\/\/www.europesays.com\/no\/wp-json\/wp\/v2\/comments?post=118208"}],"version-history":[{"count":0,"href":"https:\/\/www.europesays.com\/no\/wp-json\/wp\/v2\/posts\/118208\/revisions"}],"wp:featuredmedia":[{"embeddable":true,"href":"https:\/\/www.europesays.com\/no\/wp-json\/wp\/v2\/media\/118209"}],"wp:attachment":[{"href":"https:\/\/www.europesays.com\/no\/wp-json\/wp\/v2\/media?parent=118208"}],"wp:term":[{"taxonomy":"category","embeddable":true,"href":"https:\/\/www.europesays.com\/no\/wp-json\/wp\/v2\/categories?post=118208"},{"taxonomy":"post_tag","embeddable":true,"href":"https:\/\/www.europesays.com\/no\/wp-json\/wp\/v2\/tags?post=118208"}],"curies":[{"name":"wp","href":"https:\/\/api.w.org\/{rel}","templated":true}]}}