{"id":118212,"date":"2025-12-20T14:27:26","date_gmt":"2025-12-20T14:27:26","guid":{"rendered":"https:\/\/www.europesays.com\/no\/118212\/"},"modified":"2025-12-20T14:27:26","modified_gmt":"2025-12-20T14:27:26","slug":"buskerud-drap-mann-siktet-for-drap-etter-funn-av-skadet-person","status":"publish","type":"post","link":"https:\/\/www.europesays.com\/no\/118212\/","title":{"rendered":"Buskerud, Drap | Mann siktet for drap etter funn av skadet person"},"content":{"rendered":"\n<p>\u00c9n mann i midten av 40-\u00e5rene er p\u00e5grepet og siktet for drap etter at politiet i morgentimene l\u00f8rdag fikk melding om en skadet person i Tranbylia i Lier kommune i Buskerud.<\/p>\n<p>Det skriver S\u00f8r-\u00d8st politidistrikt i en pressemelding.<\/p>\n<p>Det var klokken 02:25 at politiet fikk melding om at det skulle ligge en bevisstl\u00f8s person p\u00e5 en adresse i Tranbylia i Lier kommune. N\u00f8detatene var p\u00e5 stedet kort tid etter og mannen som ble funnet utend\u00f8rs ble kj\u00f8rt til sykehus. Han ble senere erkl\u00e6rt d\u00f8d p\u00e5 sykehuset.<\/p>\n<p>Inne p\u00e5 adressen ble det funnet en annen mann som var lettere skadet. Denne mannen er n\u00e5 siktet for drap.<\/p>\n<p>&#8211; Vi er i en helt innledende fase av etterforskningen, og der er derfor for tidlig \u00e5 si noe om hva slags relasjon det var mellom de involverte, ut over at det fremst\u00e5r som at de skal ha hatt kjennskap til hverandre, sier politiadvokat Ann Iren Svane Mathiassen.<\/p>\n<p>Politiet \u00f8nsker per n\u00e5 ikke \u00e5 si noe om hva som gj\u00f8r at mannen i 40-\u00e5rene er siktet for drap, ut over at funn p\u00e5 stedet og p\u00e5 den n\u00e5 avd\u00f8de personen i 30-\u00e5rene knytter mannen til handlingen.<\/p>\n<p>&#8211; Vi jobber n\u00e5 med \u00e5 avh\u00f8re vitner til hendelsen, i tillegg til \u00e5 foreta tekniske og taktiske unders\u00f8kelser p\u00e5 og rundt \u00e5stedet, sier Svane Mathiassen. <\/p>\n<p>\u2013 Vi ber ogs\u00e5 om at personer som kan ha sett eller h\u00f8rt noe som kan v\u00e6re av interesse for saken, tar kontakt med politiet p\u00e5 telefon 476 96 400.<\/p>\n","protected":false},"excerpt":{"rendered":"\u00c9n mann i midten av 40-\u00e5rene er p\u00e5grepet og siktet for drap etter at politiet i morgentimene l\u00f8rdag&hellip;\n","protected":false},"author":2,"featured_media":1273,"comment_status":"","ping_status":"","sticky":false,"template":"","format":"standard","meta":{"footnotes":""},"categories":[5],"tags":[36,20,21,932,377,24,25,15,19,22,23,17,18,13,30,28,29,14,16,254,1510,26,27],"class_list":{"0":"post-118212","1":"post","2":"type-post","3":"status-publish","4":"format-standard","5":"has-post-thumbnail","7":"category-overskrifter","8":"tag-art","9":"tag-breaking-news","10":"tag-breakingnews","11":"tag-buskerud","12":"tag-drap","13":"tag-featured-news","14":"tag-featurednews","15":"tag-headlines","16":"tag-hovedoppslag","17":"tag-latest-news","18":"tag-latestnews","19":"tag-main-news","20":"tag-mainnews","21":"tag-news","22":"tag-no","23":"tag-norge","24":"tag-norway","25":"tag-nyheter","26":"tag-overskrifter","27":"tag-politi","28":"tag-story","29":"tag-top-stories","30":"tag-topstories"},"share_on_mastodon":{"url":"https:\/\/pubeurope.com\/@no\/115752366423899168","error":""},"_links":{"self":[{"href":"https:\/\/www.europesays.com\/no\/wp-json\/wp\/v2\/posts\/118212","targetHints":{"allow":["GET"]}}],"collection":[{"href":"https:\/\/www.europesays.com\/no\/wp-json\/wp\/v2\/posts"}],"about":[{"href":"https:\/\/www.europesays.com\/no\/wp-json\/wp\/v2\/types\/post"}],"author":[{"embeddable":true,"href":"https:\/\/www.europesays.com\/no\/wp-json\/wp\/v2\/users\/2"}],"replies":[{"embeddable":true,"href":"https:\/\/www.europesays.com\/no\/wp-json\/wp\/v2\/comments?post=118212"}],"version-history":[{"count":0,"href":"https:\/\/www.europesays.com\/no\/wp-json\/wp\/v2\/posts\/118212\/revisions"}],"wp:featuredmedia":[{"embeddable":true,"href":"https:\/\/www.europesays.com\/no\/wp-json\/wp\/v2\/media\/1273"}],"wp:attachment":[{"href":"https:\/\/www.europesays.com\/no\/wp-json\/wp\/v2\/media?parent=118212"}],"wp:term":[{"taxonomy":"category","embeddable":true,"href":"https:\/\/www.europesays.com\/no\/wp-json\/wp\/v2\/categories?post=118212"},{"taxonomy":"post_tag","embeddable":true,"href":"https:\/\/www.europesays.com\/no\/wp-json\/wp\/v2\/tags?post=118212"}],"curies":[{"name":"wp","href":"https:\/\/api.w.org\/{rel}","templated":true}]}}