{"id":118213,"date":"2025-12-20T14:31:27","date_gmt":"2025-12-20T14:31:27","guid":{"rendered":"https:\/\/www.europesays.com\/no\/118213\/"},"modified":"2025-12-20T14:31:27","modified_gmt":"2025-12-20T14:31:27","slug":"okonomi-forbruker-gladnyhet-for-alle-med-lonn-ostlendingen","status":"publish","type":"post","link":"https:\/\/www.europesays.com\/no\/118213\/","title":{"rendered":"\u00d8konomi, Forbruker | Gladnyhet for alle med l\u00f8nn &#8211; \u00d8stlendingen"},"content":{"rendered":"<ol>\n<li><a href=\"https:\/\/news.google.com\/rss\/articles\/CBMiekFVX3lxTFBDd0NNdk5COXZWOExueHdLOE1sYVJERlBucmN4UjRaUXplZC1mcFJsc2otVEVZOWpDSUUtSE9CaFJLb1pBNXlfOXo2azJnVkJ1QjNJRXRpd0xsT0hDckxCeTdUcUFMaGpVRXdoLTVac3Z0czMxNDBFMWhR?oc=5\" target=\"_blank\" rel=\"nofollow noopener\">\u00d8konomi, Forbruker | Gladnyhet for alle med l\u00f8nn<\/a>&nbsp;&nbsp;\u00d8stlendingen<\/li>\n<li><a href=\"https:\/\/news.google.com\/rss\/articles\/CBMiekFVX3lxTFA1ZC0xYUlaXzhWY0FtVkRCWXpobGt6MkpaQlY2d2d2eDc0WDVodFpYTnFYVHREYlpBQlMzRGwxNmxhNl9wSjhXV2hKQ0FQQmhqWGlSaFhObWZpRDZYSW50akRsMDZVSFZUOWRBWmk3ajVCMkVDNHVzTFFn?oc=5\" target=\"_blank\" rel=\"nofollow noopener\">Norges Bank holder renta uendret \u2013 Siste nytt<\/a>&nbsp;&nbsp;NRK<\/li>\n<li><a href=\"https:\/\/news.google.com\/rss\/articles\/CBMidkFVX3lxTE5EaWNVM055NXhDcVBhYXhMTVJvbHctR29yQXZfWXhDMFFPaGVCUEJtLWNpNG1xdGdxMUt1T2hDaUJtSzFIbS1EdmNTeXJiVjlielg2a0hDM0FQNGtiY1kyTUUxT0NFMjlRNnNVaW5DZ2RySmRQNWc?oc=5\" target=\"_blank\" rel=\"nofollow noopener\">Svak kronekurs holder renta h\u00f8yere i Norge<\/a>&nbsp;&nbsp;Dagbladet<\/li>\n<li><a href=\"https:\/\/news.google.com\/rss\/articles\/CBMif0FVX3lxTFBLQUYyeU93bDJYNnktRWQwXzlxRnJpSkpoMkJwaUFDQ09DNG9yX21kZmNTRUcydl9zaHJZVzJEMFNvZWdaR3VMV0otLUc0ZVJjZC1mbE9DTmdGcUtCYmlvcHplM3ZGR1M5ZWlSRG1aVTV6VFU3b0hIREd1UVo1UW8?oc=5\" target=\"_blank\" rel=\"nofollow noopener\">Vant renteveddem\u00e5l: \u2013 Penger p\u00e5 gata<\/a>&nbsp;&nbsp;E24<\/li>\n<li><a href=\"https:\/\/news.google.com\/rss\/articles\/CBMi5wFBVV95cUxQdnEwV0dfY0VBbHRjc2tkbEo0NGJtUnRIdUlSS2FNNXlpU00taEZ1WkNJWS1JQXgwUVc2a3FqVXladEJsUTRjYjdEX3ZHREk2SEpCSFpnQXVwQm9VOUxaVzNsTC16b0E5TFpoWi12V3BwaG1jdm5iUk42UW81SFh4Tjh3em53NW9lVEtPQlhKcGFJSklyUHRLb1pYNjl1U19ZMGxQV2lfZDg3TGNRb2NyaDZvbExHcGVGUG5TdEtiYWRxZVNLb24xZUJCZkx5Q3NOTHlUSDFpaU5vdkdoc2ZpRFROTEpfLTA?oc=5\" target=\"_blank\" rel=\"nofollow noopener\">Seniorstrateg etter rentebeslutning: \u2013 Tror vi f\u00e5r en god boligprisvekst gjennom 2026<\/a>&nbsp;&nbsp;Dagens N\u00e6ringsliv<\/li>\n<\/ol>\n","protected":false},"excerpt":{"rendered":"\u00d8konomi, Forbruker | Gladnyhet for alle med l\u00f8nn&nbsp;&nbsp;\u00d8stlendingen Norges Bank holder renta uendret \u2013 Siste nytt&nbsp;&nbsp;NRK Svak kronekurs&hellip;\n","protected":false},"author":2,"featured_media":117589,"comment_status":"","ping_status":"","sticky":false,"template":"","format":"standard","meta":{"footnotes":""},"categories":[56],"tags":[36,60,61,823,62,30,28,241,29,14,572,1510],"class_list":{"0":"post-118213","1":"post","2":"type-post","3":"status-publish","4":"format-standard","5":"has-post-thumbnail","7":"category-naeringsliv","8":"tag-art","9":"tag-business","10":"tag-economy","11":"tag-forbruker","12":"tag-naeringsliv","13":"tag-no","14":"tag-norge","15":"tag-norges-bank","16":"tag-norway","17":"tag-nyheter","18":"tag-okonomi","19":"tag-story"},"share_on_mastodon":{"url":"https:\/\/pubeurope.com\/@no\/115752382229802035","error":""},"_links":{"self":[{"href":"https:\/\/www.europesays.com\/no\/wp-json\/wp\/v2\/posts\/118213","targetHints":{"allow":["GET"]}}],"collection":[{"href":"https:\/\/www.europesays.com\/no\/wp-json\/wp\/v2\/posts"}],"about":[{"href":"https:\/\/www.europesays.com\/no\/wp-json\/wp\/v2\/types\/post"}],"author":[{"embeddable":true,"href":"https:\/\/www.europesays.com\/no\/wp-json\/wp\/v2\/users\/2"}],"replies":[{"embeddable":true,"href":"https:\/\/www.europesays.com\/no\/wp-json\/wp\/v2\/comments?post=118213"}],"version-history":[{"count":0,"href":"https:\/\/www.europesays.com\/no\/wp-json\/wp\/v2\/posts\/118213\/revisions"}],"wp:featuredmedia":[{"embeddable":true,"href":"https:\/\/www.europesays.com\/no\/wp-json\/wp\/v2\/media\/117589"}],"wp:attachment":[{"href":"https:\/\/www.europesays.com\/no\/wp-json\/wp\/v2\/media?parent=118213"}],"wp:term":[{"taxonomy":"category","embeddable":true,"href":"https:\/\/www.europesays.com\/no\/wp-json\/wp\/v2\/categories?post=118213"},{"taxonomy":"post_tag","embeddable":true,"href":"https:\/\/www.europesays.com\/no\/wp-json\/wp\/v2\/tags?post=118213"}],"curies":[{"name":"wp","href":"https:\/\/api.w.org\/{rel}","templated":true}]}}