{"id":118220,"date":"2025-12-20T14:39:11","date_gmt":"2025-12-20T14:39:11","guid":{"rendered":"https:\/\/www.europesays.com\/no\/118220\/"},"modified":"2025-12-20T14:39:11","modified_gmt":"2025-12-20T14:39:11","slug":"bjorkelangen-naeringsliv-bjorkelangen-bedrift-soker-etter-ny-sjef","status":"publish","type":"post","link":"https:\/\/www.europesays.com\/no\/118220\/","title":{"rendered":"Bj\u00f8rkelangen, N\u00e6ringsliv | Bj\u00f8rkelangen-bedrift s\u00f8ker etter ny sjef"},"content":{"rendered":"\n<p>N\u00e5v\u00e6rende leder slutter etter n\u00e6rmere tre \u00e5r i stillingen, og Cipax Norge AS s\u00f8ker derfor etter ny plassjef p\u00e5 Bj\u00f8rkelangen, f\u00e5r Indre Akershus Blad opplyst.<\/p>\n<p>\u2013 Den som blir ny plassjef vil lede og utvikle selskapet videre. Vi har en klar plan for framtiden, fastsl\u00e5r Matz Svensson.<\/p>\n<p>Han er Business Unit Manager Industrial Products i XANO Industri AB, som eier Cipax Norge AS.<\/p>\n<p>Rekrutteringen av en ny leder viser at selskapet, som har seks ansatte, opprettholder tilstedev\u00e6relsen i Aurskog-H\u00f8land.<\/p>\n<p>\u2013 Vi fortsetter \u00e5 satse i Norge, sier Svensson og viser dessuten til at Cipax nylig har flyttet inn i egne lokaler p\u00e5 Holtermoen.<\/p>\n<p>Det n\u00e6rmer seg 20 \u00e5r siden bedriften <a href=\"https:\/\/www.indre.no\/lokale-nyheter\/nygammelt-merkenavn-gir-cipax-ny-vind-i-seilene\/s\/1-65-2408024\" rel=\"Follow nofollow noopener\" target=\"_blank\">ble kj\u00f8pt opp av XANO<\/a>, og er i likhet med nabobedriften Pioner Boats AS et datterselskap.<\/p>\n<p>\u2013 Er det planer om \u00e5 utvide staben ytterligere?<\/p>\n<p>\u2013 Ikke akkurat n\u00e5, men det kan bli aktuelt dersom vi lykkes med planen v\u00e5r.<\/p>\n<p>Selskapet tilbyr egne produkter innen industri og infrastruktur, men lager ogs\u00e5 kundespesifikke l\u00f8sninger.<\/p>\n<p>\u2013 Hvordan er markedsutsiktene?<\/p>\n<p>\u2013 Vi regner med en vekst i 2026. Vi utvider sortimentet v\u00e5rt med flere nye produkter innen vannrensning, noe vi har stor tro p\u00e5.<\/p>\n<p>S\u00f8knadsfristen er satt til 18. januar 2026.<\/p>\n","protected":false},"excerpt":{"rendered":"N\u00e5v\u00e6rende leder slutter etter n\u00e6rmere tre \u00e5r i stillingen, og Cipax Norge AS s\u00f8ker derfor etter ny plassjef&hellip;\n","protected":false},"author":2,"featured_media":17066,"comment_status":"","ping_status":"","sticky":false,"template":"","format":"standard","meta":{"footnotes":""},"categories":[56],"tags":[465,36,2943,60,14195,61,62,30,28,29,1510],"class_list":{"0":"post-118220","1":"post","2":"type-post","3":"status-publish","4":"format-standard","5":"has-post-thumbnail","7":"category-naeringsliv","8":"tag-arbeidsliv","9":"tag-art","10":"tag-bjorkelangen","11":"tag-business","12":"tag-cipax","13":"tag-economy","14":"tag-naeringsliv","15":"tag-no","16":"tag-norge","17":"tag-norway","18":"tag-story"},"share_on_mastodon":{"url":"https:\/\/pubeurope.com\/@no\/115752413766278621","error":""},"_links":{"self":[{"href":"https:\/\/www.europesays.com\/no\/wp-json\/wp\/v2\/posts\/118220","targetHints":{"allow":["GET"]}}],"collection":[{"href":"https:\/\/www.europesays.com\/no\/wp-json\/wp\/v2\/posts"}],"about":[{"href":"https:\/\/www.europesays.com\/no\/wp-json\/wp\/v2\/types\/post"}],"author":[{"embeddable":true,"href":"https:\/\/www.europesays.com\/no\/wp-json\/wp\/v2\/users\/2"}],"replies":[{"embeddable":true,"href":"https:\/\/www.europesays.com\/no\/wp-json\/wp\/v2\/comments?post=118220"}],"version-history":[{"count":0,"href":"https:\/\/www.europesays.com\/no\/wp-json\/wp\/v2\/posts\/118220\/revisions"}],"wp:featuredmedia":[{"embeddable":true,"href":"https:\/\/www.europesays.com\/no\/wp-json\/wp\/v2\/media\/17066"}],"wp:attachment":[{"href":"https:\/\/www.europesays.com\/no\/wp-json\/wp\/v2\/media?parent=118220"}],"wp:term":[{"taxonomy":"category","embeddable":true,"href":"https:\/\/www.europesays.com\/no\/wp-json\/wp\/v2\/categories?post=118220"},{"taxonomy":"post_tag","embeddable":true,"href":"https:\/\/www.europesays.com\/no\/wp-json\/wp\/v2\/tags?post=118220"}],"curies":[{"name":"wp","href":"https:\/\/api.w.org\/{rel}","templated":true}]}}