{"id":118221,"date":"2025-12-20T14:40:08","date_gmt":"2025-12-20T14:40:08","guid":{"rendered":"https:\/\/www.europesays.com\/no\/118221\/"},"modified":"2025-12-20T14:40:08","modified_gmt":"2025-12-20T14:40:08","slug":"ukraina-eu-ukraina-lan-vil-koste-eu-landene-milliarder-i-renteutgifter","status":"publish","type":"post","link":"https:\/\/www.europesays.com\/no\/118221\/","title":{"rendered":"Ukraina, EU | Ukraina-l\u00e5n vil koste EU-landene milliarder i renteutgifter"},"content":{"rendered":"\n<p>EU-landenes ledere ble fredag enige om \u00e5 tilby Ukraina et rentefritt l\u00e5n p\u00e5 90 milliarder euro, n\u00e6rmere 1100 milliarder kroner.<\/p>\n<p>Ukrainas statskasse er i ferd med \u00e5 g\u00e5 tom, og l\u00e5net skal etter planen dekke landets \u00f8konomiske og milit\u00e6re behov i to \u00e5r framover.<\/p>\n<p>EU-kommisjonen foreslo \u00e5 ta i bruk frosne russiske midler for \u00e5 st\u00f8tte Ukraina, men dette ble det ikke oppn\u00e5dd enighet om.<\/p>\n<p>I stedet ble EU-landene enige om \u00e5 ta opp felles gjeld, og de m\u00e5 selv dekke renteutgiftene ettersom Ukraina f\u00e5r l\u00e5net rentefritt.<\/p>\n<p><b>Les ogs\u00e5:<a class=\"simple-relation related-teaser article--c-eRUmMG article--c-eRUmMG-fZoQSp-design-nettavisen article--c-eRUmMG-gwthdJ-cv\" href=\"https:\/\/www.nettavisen.no\/putin-vi-startet-ikke-krigen\/s\/5-95-2791126\" rel=\"nofollow noopener\" target=\"_blank\">Putin: \u2013 Vi startet ikke krigen<\/a><\/b><\/p>\n<p>Renteutgiftene er ansl\u00e5tt til rundt 35 milliarder kroner \u00e5rlig p\u00e5 ubestemt tid, og de skal fordeles i henhold til medlemslandene \u00f8konomiske styrke.<\/p>\n<p>Tyskland, som er Europas st\u00f8rste \u00f8konomi, m\u00e5 trolig ut med rundt dr\u00f8yt 8 milliarder kroner i \u00e5ret.<\/p>\n<p>Dersom Russland ikke g\u00e5r med p\u00e5 \u00e5 betale krigsskadeerstatning til Ukraina n\u00e5r krigen en dag er over, er EUs plan \u00e5 nedbetale l\u00e5net ved hjelp av russiske midler som er frosset i Europa.<\/p>\n<p><b>Les ogs\u00e5: <a class=\"simple-relation related-teaser article--c-eRUmMG article--c-eRUmMG-fZoQSp-design-nettavisen article--c-eRUmMG-gwthdJ-cv\" href=\"https:\/\/www.nettavisen.no\/skyggeflate-skip-angrepet-i-middelhavet-historisk\/s\/5-95-2790085\" rel=\"nofollow noopener\" target=\"_blank\">Skyggefl\u00e5te-skip angrepet i Middelhavet: \u2013 Historisk<\/a><\/b><\/p>\n","protected":false},"excerpt":{"rendered":"EU-landenes ledere ble fredag enige om \u00e5 tilby Ukraina et rentefritt l\u00e5n p\u00e5 90 milliarder euro, n\u00e6rmere 1100&hellip;\n","protected":false},"author":2,"featured_media":118222,"comment_status":"","ping_status":"","sticky":false,"template":"","format":"standard","meta":{"footnotes":""},"categories":[12],"tags":[20,21,24,25,15,22,23,13,30,28,29,14,16,26,27,42,43,44,45],"class_list":{"0":"post-118221","1":"post","2":"type-post","3":"status-publish","4":"format-standard","5":"has-post-thumbnail","7":"category-verden","8":"tag-breaking-news","9":"tag-breakingnews","10":"tag-featured-news","11":"tag-featurednews","12":"tag-headlines","13":"tag-latest-news","14":"tag-latestnews","15":"tag-news","16":"tag-no","17":"tag-norge","18":"tag-norway","19":"tag-nyheter","20":"tag-overskrifter","21":"tag-top-stories","22":"tag-topstories","23":"tag-verden","24":"tag-world","25":"tag-world-news","26":"tag-worldnews"},"share_on_mastodon":{"url":"https:\/\/pubeurope.com\/@no\/115752417822122850","error":""},"_links":{"self":[{"href":"https:\/\/www.europesays.com\/no\/wp-json\/wp\/v2\/posts\/118221","targetHints":{"allow":["GET"]}}],"collection":[{"href":"https:\/\/www.europesays.com\/no\/wp-json\/wp\/v2\/posts"}],"about":[{"href":"https:\/\/www.europesays.com\/no\/wp-json\/wp\/v2\/types\/post"}],"author":[{"embeddable":true,"href":"https:\/\/www.europesays.com\/no\/wp-json\/wp\/v2\/users\/2"}],"replies":[{"embeddable":true,"href":"https:\/\/www.europesays.com\/no\/wp-json\/wp\/v2\/comments?post=118221"}],"version-history":[{"count":0,"href":"https:\/\/www.europesays.com\/no\/wp-json\/wp\/v2\/posts\/118221\/revisions"}],"wp:featuredmedia":[{"embeddable":true,"href":"https:\/\/www.europesays.com\/no\/wp-json\/wp\/v2\/media\/118222"}],"wp:attachment":[{"href":"https:\/\/www.europesays.com\/no\/wp-json\/wp\/v2\/media?parent=118221"}],"wp:term":[{"taxonomy":"category","embeddable":true,"href":"https:\/\/www.europesays.com\/no\/wp-json\/wp\/v2\/categories?post=118221"},{"taxonomy":"post_tag","embeddable":true,"href":"https:\/\/www.europesays.com\/no\/wp-json\/wp\/v2\/tags?post=118221"}],"curies":[{"name":"wp","href":"https:\/\/api.w.org\/{rel}","templated":true}]}}