{"id":118227,"date":"2025-12-20T14:46:56","date_gmt":"2025-12-20T14:46:56","guid":{"rendered":"https:\/\/www.europesays.com\/no\/118227\/"},"modified":"2025-12-20T14:46:56","modified_gmt":"2025-12-20T14:46:56","slug":"renter-boligrente-gladnyhet-for-alle-med-lonn-kan-vente-vesentlig-bedre-kjopekraft-rana-blad","status":"publish","type":"post","link":"https:\/\/www.europesays.com\/no\/118227\/","title":{"rendered":"Renter, Boligrente | Gladnyhet for alle med l\u00f8nn &#8211; kan vente vesentlig bedre kj\u00f8pekraft &#8211; Rana Blad"},"content":{"rendered":"<ol>\n<li><a href=\"https:\/\/news.google.com\/rss\/articles\/CBMipgFBVV95cUxQcGtXLTVkMDFnMHh5Vnl3aGg4d3poUnFKSXVXeG9leVh1ZmlMSjczRGRXYzhPeGNnTjhzZjA0ZDZsTjliMmlTaElDa0lGakxESzctdEZRaVFEYWd1a0otZzl2dGNwTm1BWkUzbC1nUEJ5ZUtWNFJMSjI2S1dTZ1Q5amllVUtuZEQ4enl6MDV2Q0RQN3hNMjhWWHJEZVlVVEtJSlpYXzhn?oc=5\" target=\"_blank\" rel=\"nofollow noopener\">Renter, Boligrente | Gladnyhet for alle med l\u00f8nn &#8211; kan vente vesentlig bedre kj\u00f8pekraft<\/a>&nbsp;&nbsp;Rana Blad<\/li>\n<li><a href=\"https:\/\/news.google.com\/rss\/articles\/CBMiekFVX3lxTFBDd0NNdk5COXZWOExueHdLOE1sYVJERlBucmN4UjRaUXplZC1mcFJsc2otVEVZOWpDSUUtSE9CaFJLb1pBNXlfOXo2azJnVkJ1QjNJRXRpd0xsT0hDckxCeTdUcUFMaGpVRXdoLTVac3Z0czMxNDBFMWhR?oc=5\" target=\"_blank\" rel=\"nofollow noopener\">\u00d8konomi, Forbruker | Gladnyhet for alle med l\u00f8nn<\/a>&nbsp;&nbsp;\u00d8stlendingen<\/li>\n<li><a href=\"https:\/\/news.google.com\/rss\/articles\/CBMiekFVX3lxTFA1ZC0xYUlaXzhWY0FtVkRCWXpobGt6MkpaQlY2d2d2eDc0WDVodFpYTnFYVHREYlpBQlMzRGwxNmxhNl9wSjhXV2hKQ0FQQmhqWGlSaFhObWZpRDZYSW50akRsMDZVSFZUOWRBWmk3ajVCMkVDNHVzTFFn?oc=5\" target=\"_blank\" rel=\"nofollow noopener\">Norges Bank holder renta uendret \u2013 Siste nytt<\/a>&nbsp;&nbsp;NRK<\/li>\n<li><a href=\"https:\/\/news.google.com\/rss\/articles\/CBMidkFVX3lxTE5EaWNVM055NXhDcVBhYXhMTVJvbHctR29yQXZfWXhDMFFPaGVCUEJtLWNpNG1xdGdxMUt1T2hDaUJtSzFIbS1EdmNTeXJiVjlielg2a0hDM0FQNGtiY1kyTUUxT0NFMjlRNnNVaW5DZ2RySmRQNWc?oc=5\" target=\"_blank\" rel=\"nofollow noopener\">Svak kronekurs holder renta h\u00f8yere i Norge<\/a>&nbsp;&nbsp;Dagbladet<\/li>\n<li><a href=\"https:\/\/news.google.com\/rss\/articles\/CBMif0FVX3lxTFBLQUYyeU93bDJYNnktRWQwXzlxRnJpSkpoMkJwaUFDQ09DNG9yX21kZmNTRUcydl9zaHJZVzJEMFNvZWdaR3VMV0otLUc0ZVJjZC1mbE9DTmdGcUtCYmlvcHplM3ZGR1M5ZWlSRG1aVTV6VFU3b0hIREd1UVo1UW8?oc=5\" target=\"_blank\" rel=\"nofollow noopener\">Vant renteveddem\u00e5l: \u2013 Penger p\u00e5 gata<\/a>&nbsp;&nbsp;E24<\/li>\n<\/ol>\n","protected":false},"excerpt":{"rendered":"Renter, Boligrente | Gladnyhet for alle med l\u00f8nn &#8211; kan vente vesentlig bedre kj\u00f8pekraft&nbsp;&nbsp;Rana Blad \u00d8konomi, Forbruker |&hellip;\n","protected":false},"author":2,"featured_media":117589,"comment_status":"","ping_status":"","sticky":false,"template":"","format":"standard","meta":{"footnotes":""},"categories":[56],"tags":[36,3655,60,61,14196,3369,13536,62,30,28,241,29,1020,1510],"class_list":{"0":"post-118227","1":"post","2":"type-post","3":"status-publish","4":"format-standard","5":"has-post-thumbnail","7":"category-naeringsliv","8":"tag-art","9":"tag-boligrente","10":"tag-business","11":"tag-economy","12":"tag-kjopekraft","13":"tag-lo","14":"tag-lonnsvekst","15":"tag-naeringsliv","16":"tag-no","17":"tag-norge","18":"tag-norges-bank","19":"tag-norway","20":"tag-renter","21":"tag-story"},"share_on_mastodon":{"url":"https:\/\/pubeurope.com\/@no\/115752445154291101","error":""},"_links":{"self":[{"href":"https:\/\/www.europesays.com\/no\/wp-json\/wp\/v2\/posts\/118227","targetHints":{"allow":["GET"]}}],"collection":[{"href":"https:\/\/www.europesays.com\/no\/wp-json\/wp\/v2\/posts"}],"about":[{"href":"https:\/\/www.europesays.com\/no\/wp-json\/wp\/v2\/types\/post"}],"author":[{"embeddable":true,"href":"https:\/\/www.europesays.com\/no\/wp-json\/wp\/v2\/users\/2"}],"replies":[{"embeddable":true,"href":"https:\/\/www.europesays.com\/no\/wp-json\/wp\/v2\/comments?post=118227"}],"version-history":[{"count":0,"href":"https:\/\/www.europesays.com\/no\/wp-json\/wp\/v2\/posts\/118227\/revisions"}],"wp:featuredmedia":[{"embeddable":true,"href":"https:\/\/www.europesays.com\/no\/wp-json\/wp\/v2\/media\/117589"}],"wp:attachment":[{"href":"https:\/\/www.europesays.com\/no\/wp-json\/wp\/v2\/media?parent=118227"}],"wp:term":[{"taxonomy":"category","embeddable":true,"href":"https:\/\/www.europesays.com\/no\/wp-json\/wp\/v2\/categories?post=118227"},{"taxonomy":"post_tag","embeddable":true,"href":"https:\/\/www.europesays.com\/no\/wp-json\/wp\/v2\/tags?post=118227"}],"curies":[{"name":"wp","href":"https:\/\/api.w.org\/{rel}","templated":true}]}}