{"id":118238,"date":"2025-12-20T14:55:09","date_gmt":"2025-12-20T14:55:09","guid":{"rendered":"https:\/\/www.europesays.com\/no\/118238\/"},"modified":"2025-12-20T14:55:09","modified_gmt":"2025-12-20T14:55:09","slug":"j-d-vance-charlie-kirk-enken-etter-charlie-kirk-stotter-vance-som-presidentkandidat","status":"publish","type":"post","link":"https:\/\/www.europesays.com\/no\/118238\/","title":{"rendered":"J.D. Vance, Charlie Kirk | Enken etter Charlie Kirk st\u00f8tter Vance som presidentkandidat"},"content":{"rendered":"\n<p>Kirk tilbyr samtidig st\u00f8tten fra den innflytelsesrike ungdomsorganisasjonen Turning Point USA som ble grunnlagt av hennes mann.<\/p>\n<p>Organisasjonen spilte en viktig rolle i \u00e5 mobilisere unge mennesker til \u00e5 stemme p\u00e5 Donald Trump i 2024.<\/p>\n<p>\u2013 Kommer til \u00e5 f\u00e5 Vance valgt<\/p>\n<p>\u2013 Vi kommer til \u00e5 f\u00e5 min manns venn J.D. Vance valgt som den 48. presidenten p\u00e5 den mest str\u00e5lende m\u00e5ten mulig, sa hun torsdag kveld p\u00e5 AmericaFest, den f\u00f8rste store Turning Point-samlingen siden Charlie Kirk ble drept.<\/p>\n<p>Vance skal tale p\u00e5 samlingen s\u00f8ndag. Han har ikke lansert seg selv som en kandidat til valget i 2028, men det er ventet at han vil melde seg p\u00e5.<\/p>\n<p>Det er ikke mulig \u00e5 sitte som president i mer enn \u00e5tte \u00e5r til sammen. Etter Trump har tjent ferdig sin periode som president, kan han derfor ikke stille til gjenvalg.<\/p>\n<p>Sto Kirk n\u00e6r<\/p>\n<p>Vance sto Charlie Kirk n\u00e6r i m\u00e5nedene og \u00e5rene f\u00f8r han ble skutt og drept i et politisk motivert drap p\u00e5 et universitetsomr\u00e5de i Utah.<\/p>\n<p>Visepresidenten fl\u00f8y til Utah for \u00e5 tr\u00f8ste Erika Kirk og for \u00e5 f\u00f8lge Charlie Kirks kiste tilbake til parets hjem i Arizona.<\/p>\n<p>(\u00a9NTB)<\/p>\n","protected":false},"excerpt":{"rendered":"Kirk tilbyr samtidig st\u00f8tten fra den innflytelsesrike ungdomsorganisasjonen Turning Point USA som ble grunnlagt av hennes mann. Organisasjonen&hellip;\n","protected":false},"author":2,"featured_media":118239,"comment_status":"","ping_status":"","sticky":false,"template":"","format":"standard","meta":{"footnotes":""},"categories":[12],"tags":[20,21,24,25,15,22,23,13,30,28,29,14,16,26,27,42,43,44,45],"class_list":{"0":"post-118238","1":"post","2":"type-post","3":"status-publish","4":"format-standard","5":"has-post-thumbnail","7":"category-verden","8":"tag-breaking-news","9":"tag-breakingnews","10":"tag-featured-news","11":"tag-featurednews","12":"tag-headlines","13":"tag-latest-news","14":"tag-latestnews","15":"tag-news","16":"tag-no","17":"tag-norge","18":"tag-norway","19":"tag-nyheter","20":"tag-overskrifter","21":"tag-top-stories","22":"tag-topstories","23":"tag-verden","24":"tag-world","25":"tag-world-news","26":"tag-worldnews"},"share_on_mastodon":{"url":"https:\/\/pubeurope.com\/@no\/115752476625869363","error":""},"_links":{"self":[{"href":"https:\/\/www.europesays.com\/no\/wp-json\/wp\/v2\/posts\/118238","targetHints":{"allow":["GET"]}}],"collection":[{"href":"https:\/\/www.europesays.com\/no\/wp-json\/wp\/v2\/posts"}],"about":[{"href":"https:\/\/www.europesays.com\/no\/wp-json\/wp\/v2\/types\/post"}],"author":[{"embeddable":true,"href":"https:\/\/www.europesays.com\/no\/wp-json\/wp\/v2\/users\/2"}],"replies":[{"embeddable":true,"href":"https:\/\/www.europesays.com\/no\/wp-json\/wp\/v2\/comments?post=118238"}],"version-history":[{"count":0,"href":"https:\/\/www.europesays.com\/no\/wp-json\/wp\/v2\/posts\/118238\/revisions"}],"wp:featuredmedia":[{"embeddable":true,"href":"https:\/\/www.europesays.com\/no\/wp-json\/wp\/v2\/media\/118239"}],"wp:attachment":[{"href":"https:\/\/www.europesays.com\/no\/wp-json\/wp\/v2\/media?parent=118238"}],"wp:term":[{"taxonomy":"category","embeddable":true,"href":"https:\/\/www.europesays.com\/no\/wp-json\/wp\/v2\/categories?post=118238"},{"taxonomy":"post_tag","embeddable":true,"href":"https:\/\/www.europesays.com\/no\/wp-json\/wp\/v2\/tags?post=118238"}],"curies":[{"name":"wp","href":"https:\/\/api.w.org\/{rel}","templated":true}]}}