{"id":118242,"date":"2025-12-20T14:58:14","date_gmt":"2025-12-20T14:58:14","guid":{"rendered":"https:\/\/www.europesays.com\/no\/118242\/"},"modified":"2025-12-20T14:58:14","modified_gmt":"2025-12-20T14:58:14","slug":"fortsetter-a-imponere-verdens-beste","status":"publish","type":"post","link":"https:\/\/www.europesays.com\/no\/118242\/","title":{"rendered":"Fortsetter \u00e5 imponere: &#8211; Verdens beste"},"content":{"rendered":"<p class=\"italic m-italic\" data-lab-italic=\"italic\">Saken oppdateres!<\/p>\n<p>Store norske seiersmuligheter p\u00e5 l\u00f8rdagens jaktstart da fire nordmenn gikk ut i tet p\u00e5 under ni sekunder, sammen med franske \u00c9milien\u00a0Jacquelin.\u00a0<\/p>\n<p>Igjen var det mannen fra St\u00e5rheim som trakk det lengste str\u00e5et.\u00a0<\/p>\n<p class=\"bold m-bold\" data-lab-font_weight=\"bold\">Med feilfri skyting tok Johan-Olav Botn sesongens tredje individuelle seier.<\/p>\n<p data-lab-font_weight=\"\">\u2013 Han er verdens beste skiskytter for tiden, utbryter NRK-kommentator Torgeir Bj\u00f8rn.\u00a0<\/p>\n<p>        <img class=\"image__img lazyload\" itemprop=\"image\" title=\"Foto: OLIVIER CHASSIGNOLE \/ AFP \/ NTB\" alt=\"I M\u00c5L: Feiret med \u00e5 slippe stavene. Foto: OLIVIER CHASSIGNOLE \/ AFP \/ NTB\" width=\"675\" height=\"547\" bad-src=\"https:\/\/www.europesays.com\/no\/wp-content\/uploads\/2025\/12\/18403484.webp\" fetchpriority=\"auto\" \/><\/p>\n<p>      I M\u00c5L: Feiret med \u00e5 slippe stavene.<br \/>\n         Foto: OLIVIER CHASSIGNOLE \/ AFP \/ NTB<\/p>\n<p>26-\u00e5ringen beholder verdenscupledelsen foran franske Eric Perrot.<\/p>\n<p> \u2013 Et niv\u00e5 vi aldri har sett f\u00f8r av noen, sier lagkompis Isak Leknes Frey om Botns skyting, og legger til:<\/p>\n<p>\u2013 Jeg vet ikke hva han gj\u00f8r, men jeg tror vi m\u00e5 jekke han litt ned for \u00e5 pr\u00f8ve og ta han igjen.\u00a0<\/p>\n<p> \u00c9milien\u00a0Jacquelin viste seg fram p\u00e5 hjemmebane &#8211; vant spurten og sikret andreplassen. Dale-Skjevdal rett bak p\u00e5 tredje.\u00a0<\/p>\n<p>\u2013 Jeg er skikkelig imponert. Det er helt utrolig det han gj\u00f8r, sier Dale-Skjevdal om rennvinneren.<\/p>\n<p>Feilfri skyting<\/p>\n<p>P\u00e5 f\u00f8rste skyting skj\u00f8t Johannes Dale-Skjevdal og Johan-Olav Botn feilfritt og gikk ut sammen med svenske Martin Ponsiluoma.\u00a0<\/p>\n<p>Etter andre skyting gikk de to nordmennene alene ut i tet, igjen feilfri skyting fra begge.\u00a0<\/p>\n<p>Nordmennene ga seg ikke der &#8211; feilfri skyting p\u00e5 tredje fra b\u00e5de Botn og Dale-Skjevdal.<\/p>\n<p class=\"bold m-bold\" data-lab-font_weight=\"bold\">Men p\u00e5 siste skyting bommet Dale-Skjevdal to ganger, mens Botn plaffet ned fem.\u00a0<\/p>\n<p>        <img class=\"image__img lazyload\" itemprop=\"image\" title=\"Foto: OLIVIER CHASSIGNOLE \/ AFP \/ NTB\" alt=\"SPURT: Dale-Skjevdal m\u00e5tte se seg sl\u00e5tt av Jacquelin. Foto: OLIVIER CHASSIGNOLE \/ AFP \/ NTB\" width=\"675\" height=\"426\" bad-src=\"https:\/\/www.europesays.com\/no\/wp-content\/uploads\/2025\/12\/18403491.webp\" fetchpriority=\"auto\" \/><\/p>\n<p>      SPURT: Dale-Skjevdal m\u00e5tte se seg sl\u00e5tt av Jacquelin.<br \/>\n         Foto: OLIVIER CHASSIGNOLE \/ AFP \/ NTB<\/p>\n<p>De andre norske\u00a0<\/p>\n<p>Vetle Sj\u00e5stad Christiansen gikk ut f\u00f8rst etter seier p\u00e5 fredagens sprint, men med to bom endte 33-r\u00e5ingen p\u00e5 syvendeplass.\u00a0<\/p>\n<p>\u2013 Relativt godt er ikke godt nok p\u00e5 det niv\u00e5et her, sier Sj\u00e5stad Christiansen til TV 2 etter m\u00e5lgang.<\/p>\n<p>P\u00e5 plassen bak kom Sturla Holm L\u00e6greid, ogs\u00e5 han med to bom.\u00a0<\/p>\n<p>        <img class=\"image__img lazyload\" itemprop=\"image\" title=\"Foto: OLIVIER CHASSIGNOLE \/ AFP \/ NTB\" alt=\"NUMMER SYV: Vetle Sj\u00e5stad Christiansen. Foto: OLIVIER CHASSIGNOLE \/ AFP \/ NTB\" width=\"978\" height=\"551\" bad-src=\"https:\/\/www.europesays.com\/no\/wp-content\/uploads\/2025\/12\/18403495.webp\" fetchpriority=\"auto\" \/><\/p>\n<p>      NUMMER SYV: Vetle Sj\u00e5stad Christiansen.<br \/>\n         Foto: OLIVIER CHASSIGNOLE \/ AFP \/ NTB<\/p>\n<p>Sivert Guttorm Bakken fikk det t\u00f8ft p\u00e5 standplass &#8211; tre bom totalt resulterte i 18. plass.\u00a0<\/p>\n<p>Isak Leknes Frey endte p\u00e5 36. plass med \u00e9n bom.<\/p>\n","protected":false},"excerpt":{"rendered":"Saken oppdateres! Store norske seiersmuligheter p\u00e5 l\u00f8rdagens jaktstart da fire nordmenn gikk ut i tet p\u00e5 under ni&hellip;\n","protected":false},"author":2,"featured_media":118243,"comment_status":"","ping_status":"","sticky":false,"template":"","format":"standard","meta":{"footnotes":""},"categories":[5],"tags":[20,21,24,25,15,19,22,23,17,18,13,30,28,29,14,16,26,27],"class_list":{"0":"post-118242","1":"post","2":"type-post","3":"status-publish","4":"format-standard","5":"has-post-thumbnail","7":"category-overskrifter","8":"tag-breaking-news","9":"tag-breakingnews","10":"tag-featured-news","11":"tag-featurednews","12":"tag-headlines","13":"tag-hovedoppslag","14":"tag-latest-news","15":"tag-latestnews","16":"tag-main-news","17":"tag-mainnews","18":"tag-news","19":"tag-no","20":"tag-norge","21":"tag-norway","22":"tag-nyheter","23":"tag-overskrifter","24":"tag-top-stories","25":"tag-topstories"},"share_on_mastodon":{"url":"https:\/\/pubeurope.com\/@no\/115752488537298219","error":""},"_links":{"self":[{"href":"https:\/\/www.europesays.com\/no\/wp-json\/wp\/v2\/posts\/118242","targetHints":{"allow":["GET"]}}],"collection":[{"href":"https:\/\/www.europesays.com\/no\/wp-json\/wp\/v2\/posts"}],"about":[{"href":"https:\/\/www.europesays.com\/no\/wp-json\/wp\/v2\/types\/post"}],"author":[{"embeddable":true,"href":"https:\/\/www.europesays.com\/no\/wp-json\/wp\/v2\/users\/2"}],"replies":[{"embeddable":true,"href":"https:\/\/www.europesays.com\/no\/wp-json\/wp\/v2\/comments?post=118242"}],"version-history":[{"count":0,"href":"https:\/\/www.europesays.com\/no\/wp-json\/wp\/v2\/posts\/118242\/revisions"}],"wp:featuredmedia":[{"embeddable":true,"href":"https:\/\/www.europesays.com\/no\/wp-json\/wp\/v2\/media\/118243"}],"wp:attachment":[{"href":"https:\/\/www.europesays.com\/no\/wp-json\/wp\/v2\/media?parent=118242"}],"wp:term":[{"taxonomy":"category","embeddable":true,"href":"https:\/\/www.europesays.com\/no\/wp-json\/wp\/v2\/categories?post=118242"},{"taxonomy":"post_tag","embeddable":true,"href":"https:\/\/www.europesays.com\/no\/wp-json\/wp\/v2\/tags?post=118242"}],"curies":[{"name":"wp","href":"https:\/\/api.w.org\/{rel}","templated":true}]}}