{"id":118248,"date":"2025-12-20T15:07:23","date_gmt":"2025-12-20T15:07:23","guid":{"rendered":"https:\/\/www.europesays.com\/no\/118248\/"},"modified":"2025-12-20T15:07:23","modified_gmt":"2025-12-20T15:07:23","slug":"sammenliknes-med-hunger-games","status":"publish","type":"post","link":"https:\/\/www.europesays.com\/no\/118248\/","title":{"rendered":"Sammenliknes med \u00abHunger Games\u00bb"},"content":{"rendered":"<p class=\"kicker \" style=\"\">\u00abPatriot Games\u00bb:<\/p>\n<p>  For \u00e5 markere USAs 250-\u00e5rsjubileum, vil Donald Trump arrangere \u00abPatriot Games\u00bb. Han vil ogs\u00e5 arrangere sl\u00e5sskamp p\u00e5 sin egen bursdag.<\/p>\n<p>\n    NYE LEKER: I forbindelse med USAs 250-\u00e5rsjubileum vil president Donald Trump arrangere \u00abPatriot Games\u00bb, en idrettskonkurranse for ungdom. Flere sammenlikner de nye lekene med handlingen i \u00abHunger Games\u00bb. Foto: Evelyn Hockstein\/ Reuters\/ NTB\n  <\/p>\n<p>President Donald Trump kunngjorde torsdag at Det hvite hus vil v\u00e6re vertskap for \u00abPatriot Games\u00bb. En konkurranse med unge idrettsut\u00f8vere fra hele landet, som en del av feiringen av USAs 250-\u00e5rsjubileum neste \u00e5r.<\/p>\n<p>    <a itemprop=\"url\" href=\"https:\/\/www.dagbladet.no\/nyheter\/avslorende-naerbilder-sjokkerer\/83999304\" rel=\"nofollow noopener\" target=\"_blank\"><\/p>\n<p>        <img loading=\"lazy\" decoding=\"async\" src=\"https:\/\/www.europesays.com\/no\/wp-content\/uploads\/2025\/12\/84000095.webp\" width=\"980\" height=\"441\" title=\"Avsl\u00f8rende n\u00e6rbilder sjokkerer\" alt=\"\" class=\"lazyload\" style=\"--aspect-ratio-image: 2.22; \"\/><\/p>\n<p>        Avsl\u00f8rende n\u00e6rbilder sjokkerer<\/p>\n<p>    <\/a><\/p>\n<p>&#8211; Til h\u00f8sten vil vi arrangere de aller f\u00f8rste \u00abPatriot Games\u00bb, et enest\u00e5ende firedagers idrettsarrangement med de beste idrettsut\u00f8verne fra videreg\u00e5ende skole. \u00c9n ung mann og \u00e9n ung kvinne fra hver delstat og hvert territorium, sa Trump i en video-kunngj\u00f8ring, if\u00f8lge <a href=\"https:\/\/edition.cnn.com\/2025\/12\/18\/politics\/patriot-games-announcement-trump\" rel=\"nofollow noopener\" target=\"_blank\">CNN<\/a>.<\/p>\n<p>Arrangementet er en del av feiringen av USAs 250-\u00e5rsjubileum i 2026.<\/p>\n<p>        WASHINGTON D. C., USA: Natt til torsdag 18. desember talte USAs president Donald Trump til nasjonen fra Det hvite hus. Kommentator i Dagbladet, Marie Simonsen, beskriver en stresset og sint mann som serverte flere l\u00f8gner. Video: AP. Reporter: Christina H. Korneliussen<\/p>\n<p>Sammenliknes med \u00abHunger Games\u00bb\t<\/p>\n<p>Kunngj\u00f8ringen spredde seg som ild i t\u00f8rt gress\u00a0p\u00e5 sosiale medier, og flere sammenlikner lekene med\u00a0oppsettet i \u00abHunger Games\u00bb, de kjente ungdomsromanene skrevet av Suzanne Collins, som seinere har blitt til flere filmer med Jennifer Lawrence i hovedrollen.<\/p>\n<p>Handlingen i \u00abHunger Games\u00bb er et postapokalyptisk USA der det blir valgt\u00a0\u00e9n gutt og \u00e9n jente fra hver av de 13 distriktene som finnes.\u00a0Ten\u00e5ringene konkurrerer i en TV-sendt d\u00f8dslek der de m\u00e5 drepe hverandre helt til bare \u00e9n st\u00e5r igjen. <\/p>\n<p>    <a itemprop=\"url\" href=\"https:\/\/www.dagbladet.no\/nyheter\/trump-med-ny-han\/84000276\" rel=\"nofollow noopener\" target=\"_blank\"><\/p>\n<p>        <img loading=\"lazy\" decoding=\"async\" src=\"https:\/\/www.europesays.com\/no\/wp-content\/uploads\/2025\/12\/84000345.webp\" width=\"980\" height=\"441\" title=\"Trump med ny h\u00e5n\" alt=\"\" class=\"lazyload\" style=\"--aspect-ratio-image: 2.22; \"\/><\/p>\n<p>        Trump med ny h\u00e5n<\/p>\n<p>    <\/a><\/p>\n<p>Kulturkommentator Paul Tassi i magasinet <a href=\"https:\/\/www.forbes.com\/sites\/paultassi\/2025\/12\/19\/trumps-high-schooler-patriot-games-draws-hunger-games-comparisons\/\" rel=\"nofollow noopener\" target=\"_blank\">Forbes <\/a>mener at det er flere ting ved \u00abPatriot Games\u00bb som kan minne om den dystopiske ungdomsboka.\u00a0<\/p>\n<p>    <a itemprop=\"url\" href=\"https:\/\/www.dagbladet.no\/nyheter\/washington-koker-gar-mot-slutten\/83995855\" rel=\"nofollow noopener\" target=\"_blank\"><\/p>\n<p>        <img loading=\"lazy\" decoding=\"async\" src=\"https:\/\/www.europesays.com\/no\/wp-content\/uploads\/2025\/12\/1766243236_491_83993804.webp\" width=\"980\" height=\"441\" title=\"Washington koker: - G\u00e5r mot slutten\" alt=\"\" class=\"lazyload\" style=\"--aspect-ratio-image: 2.22; \"\/><\/p>\n<p>        Washington koker: &#8211; G\u00e5r mot slutten<\/p>\n<p>    <\/a><\/p>\n<p>&#8211;\u00a0Her er det riktignok verken snakk om trekning eller d\u00f8dslek (i hvert fall forh\u00e5pentligvis ikke), men ideen om \u00e5 hente ut en gutt og en jente fra videreg\u00e5ende skole (antakelig mindre\u00e5rige) fra hver delstat for \u00e5 konkurrere, minner likevel sterkt om konseptet, skriver Tassi.<\/p>\n<p>Demokratene siterer boka\u00a0\t<\/p>\n<p>&#8211; Unnskyld, men annonserer han \u00abHunger Games\u00bb?, skriver en <a href=\"https:\/\/x.com\/QondiNtini\/status\/2001689320508272997?ref_src=twsrc%5Etfw%7Ctwcamp%5Etweetembed%7Ctwterm%5E2001689320508272997%7Ctwgr%5Eeb1f81787db3d86925aa12f7d1553e644ab6180a%7Ctwcon%5Es1_&amp;ref_url=https%3A%2F%2Fwww.mediaite.com%2Fmedia%2Fnews%2Fis-he-announcing-the-hunger-games-critics-scratch-their-heads-over-trumps-new-youth-games%2F\" rel=\"nofollow\">X<\/a>-bruker.<\/p>\n<p>&#8211; Vi ba om rimelig helsehjelp, og republikanerne gir oss \u00abHunger Games\u00bb, <a href=\"https:\/\/x.com\/NoLieWithBTC\/status\/2001708998362648856?s=20\" rel=\"nofollow\">skriver <\/a>den politiske kommentatoren Brian Tyler Cohen.<\/p>\n<p>Demokratenes offisielle <a href=\"https:\/\/x.com\/TheDemocrats\/status\/2001693483417907676?ref_src=twsrc%5Etfw%7Ctwcamp%5Etweetembed%7Ctwterm%5E2001693483417907676%7Ctwgr%5Eeb1f81787db3d86925aa12f7d1553e644ab6180a%7Ctwcon%5Es1_&amp;ref_url=https%3A%2F%2Fwww.mediaite.com%2Fmedia%2Fnews%2Fis-he-announcing-the-hunger-games-critics-scratch-their-heads-over-trumps-new-youth-games%2F\" rel=\"nofollow\">X-konto<\/a> siterte boka direkte:<\/p>\n<p>\u00abOg slik ble det bestemt at hvert \u00e5r skulle de ulike distriktene i Panem ofre, som tributt, \u00e9n ung mann og \u00e9n ung kvinne til \u00e5 kjempe til d\u00f8den i en forestilling av \u00e6re, mot og oppofrelse\u00bb.<\/p>\n<p>        <img loading=\"lazy\" decoding=\"async\" src=\"https:\/\/www.europesays.com\/no\/wp-content\/uploads\/2025\/12\/84012855.webp\" width=\"980\" height=\"559\" title=\"BOLTREPLASS: Plenen utenfor Det hvite hus fungerer blant annet som landingsplass for presidentens helikopter. Her \u00f8nsker Trump \u00e5 arrangere UFC-kamp p\u00e5 bursdagen sin. Foto: Pool\/ABACA\/Shutterstock\/NTB.\" alt=\"\" class=\"\" style=\"--aspect-ratio-image: 1.75; \"\/><\/p>\n<p>\n        BOLTREPLASS: Plenen utenfor Det hvite hus fungerer blant annet som landingsplass for presidentens helikopter. Her \u00f8nsker Trump \u00e5 arrangere UFC-kamp p\u00e5 bursdagen sin. Foto: Pool\/ABACA\/Shutterstock\/NTB.\n    <\/p>\n<p>Triumfbue og UFC-kamp\t<\/p>\n<p>I den tre minutter lange videoen r\u00f8per Trump ogs\u00e5 andre planer for jubileet. Han vil bygge et bueformet monument i hovedstaden.<\/p>\n<p>&#8211; Vi er det eneste store stedet uten en triumfbue. En vakker triumfbue, slik som i Paris, der de har den store, vakre buen, sa Trump.<\/p>\n<p>        <img loading=\"lazy\" decoding=\"async\" src=\"https:\/\/www.europesays.com\/no\/wp-content\/uploads\/2025\/12\/84012798.webp\" width=\"980\" height=\"559\" title=\"TRIUMFBUE: Donald Trump har tidligere vist fram en modell av monumentet han vil bygge i Washington D.C. Her fra en pressekonferanse i oktober. Foto: Jonathan Ernst\/Reuters\/NTB.\" alt=\"\" class=\"\" style=\"--aspect-ratio-image: 1.75; \"\/><\/p>\n<p>\n        TRIUMFBUE: Donald Trump har tidligere vist fram en modell av monumentet han vil bygge i Washington D.C. Her fra en pressekonferanse i oktober. Foto: Jonathan Ernst\/Reuters\/NTB.\n    <\/p>\n<p>Trump har ogs\u00e5 store planer om \u00e5 sette opp en\u00a0UFC-kamp (Ultimate Fighting Championship) p\u00e5 sin egen bursdag, 14. juni, p\u00e5 plenen utenfor Det hvite hus.<\/p>\n<p>    <a itemprop=\"url\" href=\"https:\/\/www.dagbladet.no\/nyheter\/trumps-stabssjef-en-alkoholikers-personlighet\/83993366\" rel=\"nofollow noopener\" target=\"_blank\"><\/p>\n<p>        <img loading=\"lazy\" decoding=\"async\" src=\"https:\/\/www.europesays.com\/no\/wp-content\/uploads\/2025\/12\/1766243243_763_83993800.webp\" width=\"980\" height=\"441\" title=\"Trumps stabssjef: - En alkoholikers personlighet\" alt=\"\" class=\"lazyload\" style=\"--aspect-ratio-image: 2.22; \"\/><\/p>\n<p>        Trumps stabssjef: &#8211; En alkoholikers personlighet<\/p>\n<p>    <\/a><\/p>\n<p>&#8211; P\u00e5 Flag Day skal vi ha et helt unikt UFC-arrangement her i Det hvite hus. Det blir verdens beste mesterkjempere, alle i kamp samme kveld, sa Trump.<\/p>\n","protected":false},"excerpt":{"rendered":"\u00abPatriot Games\u00bb: For \u00e5 markere USAs 250-\u00e5rsjubileum, vil Donald Trump arrangere \u00abPatriot Games\u00bb. Han vil ogs\u00e5 arrangere sl\u00e5sskamp&hellip;\n","protected":false},"author":2,"featured_media":118249,"comment_status":"","ping_status":"","sticky":false,"template":"","format":"standard","meta":{"footnotes":""},"categories":[12],"tags":[20,21,55,24,25,15,14197,22,23,13,30,28,29,14,16,26,27,50,412,42,43,44,45],"class_list":{"0":"post-118248","1":"post","2":"type-post","3":"status-publish","4":"format-standard","5":"has-post-thumbnail","7":"category-verden","8":"tag-breaking-news","9":"tag-breakingnews","10":"tag-donald-trump","11":"tag-featured-news","12":"tag-featurednews","13":"tag-headlines","14":"tag-hunger-games","15":"tag-latest-news","16":"tag-latestnews","17":"tag-news","18":"tag-no","19":"tag-norge","20":"tag-norway","21":"tag-nyheter","22":"tag-overskrifter","23":"tag-top-stories","24":"tag-topstories","25":"tag-usa","26":"tag-utenriks","27":"tag-verden","28":"tag-world","29":"tag-world-news","30":"tag-worldnews"},"share_on_mastodon":{"url":"https:\/\/pubeurope.com\/@no\/115752524031336700","error":""},"_links":{"self":[{"href":"https:\/\/www.europesays.com\/no\/wp-json\/wp\/v2\/posts\/118248","targetHints":{"allow":["GET"]}}],"collection":[{"href":"https:\/\/www.europesays.com\/no\/wp-json\/wp\/v2\/posts"}],"about":[{"href":"https:\/\/www.europesays.com\/no\/wp-json\/wp\/v2\/types\/post"}],"author":[{"embeddable":true,"href":"https:\/\/www.europesays.com\/no\/wp-json\/wp\/v2\/users\/2"}],"replies":[{"embeddable":true,"href":"https:\/\/www.europesays.com\/no\/wp-json\/wp\/v2\/comments?post=118248"}],"version-history":[{"count":0,"href":"https:\/\/www.europesays.com\/no\/wp-json\/wp\/v2\/posts\/118248\/revisions"}],"wp:featuredmedia":[{"embeddable":true,"href":"https:\/\/www.europesays.com\/no\/wp-json\/wp\/v2\/media\/118249"}],"wp:attachment":[{"href":"https:\/\/www.europesays.com\/no\/wp-json\/wp\/v2\/media?parent=118248"}],"wp:term":[{"taxonomy":"category","embeddable":true,"href":"https:\/\/www.europesays.com\/no\/wp-json\/wp\/v2\/categories?post=118248"},{"taxonomy":"post_tag","embeddable":true,"href":"https:\/\/www.europesays.com\/no\/wp-json\/wp\/v2\/tags?post=118248"}],"curies":[{"name":"wp","href":"https:\/\/api.w.org\/{rel}","templated":true}]}}