{"id":118250,"date":"2025-12-20T15:09:28","date_gmt":"2025-12-20T15:09:28","guid":{"rendered":"https:\/\/www.europesays.com\/no\/118250\/"},"modified":"2025-12-20T15:09:28","modified_gmt":"2025-12-20T15:09:28","slug":"oppdatert-informasjon-flom-19-12-2025-kl-22-15","status":"publish","type":"post","link":"https:\/\/www.europesays.com\/no\/118250\/","title":{"rendered":"Oppdatert informasjon flom &#8211; 19.12.2025 kl 22.15"},"content":{"rendered":"<p>19.12.2025 kl. 22.15<\/p>\n<p>Det er n\u00e5 15 cm vann p\u00e5 vei inn til \u00d8yno. Brannbil avslutter transport til\/fra. Det er ventet at vannet synker videre de neste timene. Innbyggere de neste timene m\u00e5 v\u00e6re oppmerksomme, ikke alle personbiler vil h\u00e5ndtere 15cm i vannstand. \u00a0Generelt vil ordin\u00e6re personbiler passere p\u00e5 10 cm vannstand.\u00a0<\/p>\n<p>19.12.2025 kl. 14:35<\/p>\n<p>Det er n\u00e5 kl 14.00 ca 45 cm vann p\u00e5 \u00d8yno. Brannbilen kj\u00f8rer i tiden fremover, ved vannstand ca 10 cm kan personbiler kj\u00f8re over og vi forventer at dette er mulig i l\u00f8pet av kveld\/natt til l\u00f8rdag. \u00a0<\/p>\n<p>Veien som er hevet p\u00e5 \u00d8yno er n\u00e5 fri for vann, denne asfalteres neste uke.\u00a0<\/p>\n<p>Pitlingen \u00e5pen, mens Kryptevik er stengt.\u00a0<\/p>\n<p>Dalane Kraft melder vannstanden er synkende i Barstadvatnet og Rosslandsh\u00f8len.<\/p>\n<p>DIM planlegger henting av avfall i morgen (l\u00f8rdag) p\u00e5 \u00d8yno.\u00a0<\/p>\n<p>Skolen har hatt siste skoledag f\u00f8r jul. De fleste elevene fra \u00d8yno var p\u00e5 skolen i dag, de fikk ekstra skyss med brannbil i dag morges.\u00a0<\/p>\n<p>\u00d8yno barnehage planlegger for ordin\u00e6r drift i egne lokaler p\u00e5 \u00d8yno fra mandag av.\u00a0<\/p>\n<p>Helse har ordin\u00e6r drift, helsetjenester p\u00e5 \u00d8yno planlegger for ordin\u00e6r drift fra i morgen tidlig og at ansatte selv kan kj\u00f8re over til \u00d8yno.\u00a0<\/p>\n<p>Beredskapsgruppen avslutter n\u00e5 sitt arbeid. Tjenester f\u00f8lger opp i ordin\u00e6r drift fremover.\u00a0<\/p>\n<p>Vi vil takke alle innbyggere, ansatte, n\u00e6ringsliv og samarbeidspartnere for den gode hjelpen og st\u00f8tten denne uken. Vi \u00f8nsker alle en roligere (og mindre v\u00e5t) f\u00f8rjulstid.\u00a0<\/p>\n<p><strong>Trafikkavvikling Gamleveien<\/strong><\/p>\n<p>Administrasjon har f\u00e5tt flere sp\u00f8rsm\u00e5l om nytt skilt ved innkj\u00f8ring til Gamleveien fra Krossen.<\/p>\n<ul class=\"il-ul\">\n<li class=\"il-li\">Ordin\u00e6re kj\u00f8ret\u00f8y kan kj\u00f8re i begge retninger i Gamleveien. Her er det ingen begrensninger.\u00a0<\/li>\n<\/ul>\n<p>For kj\u00f8ret\u00f8y over 7,5 tonn er det nye regler med enveiskj\u00f8ring:<\/p>\n<ul class=\"il-ul\">\n<li class=\"il-li\">Fra Krossen mot Coop er det lov \u00e5 kj\u00f8re med kj\u00f8ret\u00f8y p\u00e5 over 7,5 tonn.\u00a0<\/li>\n<li class=\"il-li\">Fra Coop mot Krossen er det <strong>ikke<\/strong> lov \u00e5 kj\u00f8re med kj\u00f8ret\u00f8y p\u00e5 over 7,5 tonn.\u00a0<\/li>\n<\/ul>\n<p>Endringen er for \u00e5 forbedre trafikkflyt ved Krossen og i Gamleveien, og begrense tunge kj\u00f8ret\u00f8y gjennom sentrumsomr\u00e5dene. \u00a0For ordin\u00e6re kj\u00f8ret\u00f8y er det ingen endringer.\u00a0<\/p>\n<p>19.12.2025 kl. 08:40<\/p>\n<p>M\u00e5linger ved \u00d8yno viser n\u00e5 kl 08.00 55-65 cm p\u00e5 hver side av bruen. I g\u00e5r kveld kl 22 var det 50 cm men vannstanden begynte \u00e5 \u00f8ke fra kl 06. Dette knyttes til nedb\u00f8r i natt og h\u00f8y vannstand i tilh\u00f8rende vassdrag. M\u00e5ling ved Soknatun viser kote 6,7 p\u00e5 vannstanden.\u00a0<\/p>\n<p>Brannvesenet benytter i dag b\u00e5t og traktor for frakt av personer til \/ fra \u00d8yno.\u00a0<\/p>\n<p>Pitlingen er \u00e5pent for ordin\u00e6re biler, det er vann i veibanen.<\/p>\n<p>Kommunen har dialog med DIM om avfallshenting p\u00e5 \u00d8yno i dag. Hvis vannstanden synker de neste timene er det et m\u00e5l at DIM kan kj\u00f8re over med lastebil.\u00a0<\/p>\n<p>Det planlegges for asfaltering p\u00e5 \u00d8yno mandag-tirsdag.\u00a0<\/p>\n<p>Nytt beredskapsm\u00f8te kl 14.00. Det er ventet lite nedb\u00f8r de neste dagene. Hvis vannstanden fortsetter \u00e5 synke utover dagen s\u00e5 g\u00e5r vi inn i helgen med normal drift.\u00a0<\/p>\n<p><strong>Oppdatering fra skole og helse:<\/strong> Alle fra \u00d8yno som trengte \u00e5 komme over fraktes av brannvesenet. Dette koordineres direkte med brannvesenet. Ordin\u00e6rt vaktskifte p\u00e5 milj\u00f8tjenesten p\u00e5 \u00d8yno. Uninor-ansatte p\u00e5 \u00d8yno f\u00e5r transport til jobb i dag. Hjemmetjenesten har ordin\u00e6r drift.\u00a0<\/p>\n<p><strong>Oppdatering fra Dalane Kraft: <\/strong>Nedb\u00f8r i natt har f\u00f8rt til \u00f8kte vannmengder i Barstadvassdraget igjen. Vi ser at vannstands\u00f8kningen i Heigrevatn og Eiavatn n\u00e5 flater ut. Vannstanden i Eiavatnet er n\u00e5 ca 4 cm h\u00f8yere enn det var p\u00e5 det h\u00f8yeste i g\u00e5r. I g\u00e5r kom toppen ca kl 17. \u00a0Det kan se ut for at vi er n\u00e6r toppen allerede n\u00e5 i dag.<\/p>\n<p>Oppdatering publiseres p\u00e5 hjemmesidene ca 14.30.\u00a0<\/p>\n<p>19.12.2025 kl. 06:45<\/p>\n<p>Vannstand i \u00f8yno er n\u00e5 55cm. Vannet er stigende etter nattens nedb\u00f8r, b\u00e5t m\u00e5 trolig benyttes per n\u00e5 og fremover. Vannet renner over veien like utenfor Betania. \u00a0<\/p>\n<p>Driftsavdelingen melder at vannet n\u00e5 er stigende rundt \u00d8yno. Det er kommet mye nedb\u00f8r i natt.\u00a0<\/p>\n<p>All ferdsel ute med varsomhet.\u00a0<\/p>\n<p>Oppdatert informasjon publiseres ca 08.45.\u00a0<\/p>\n","protected":false},"excerpt":{"rendered":"19.12.2025 kl. 22.15 Det er n\u00e5 15 cm vann p\u00e5 vei inn til \u00d8yno. Brannbil avslutter transport til\/fra.&hellip;\n","protected":false},"author":2,"featured_media":118251,"comment_status":"","ping_status":"","sticky":false,"template":"","format":"standard","meta":{"footnotes":""},"categories":[5],"tags":[20,21,24,25,15,19,22,23,17,18,13,30,28,29,14,16,26,27],"class_list":{"0":"post-118250","1":"post","2":"type-post","3":"status-publish","4":"format-standard","5":"has-post-thumbnail","7":"category-overskrifter","8":"tag-breaking-news","9":"tag-breakingnews","10":"tag-featured-news","11":"tag-featurednews","12":"tag-headlines","13":"tag-hovedoppslag","14":"tag-latest-news","15":"tag-latestnews","16":"tag-main-news","17":"tag-mainnews","18":"tag-news","19":"tag-no","20":"tag-norge","21":"tag-norway","22":"tag-nyheter","23":"tag-overskrifter","24":"tag-top-stories","25":"tag-topstories"},"share_on_mastodon":{"url":"https:\/\/pubeurope.com\/@no\/115752531703178249","error":""},"_links":{"self":[{"href":"https:\/\/www.europesays.com\/no\/wp-json\/wp\/v2\/posts\/118250","targetHints":{"allow":["GET"]}}],"collection":[{"href":"https:\/\/www.europesays.com\/no\/wp-json\/wp\/v2\/posts"}],"about":[{"href":"https:\/\/www.europesays.com\/no\/wp-json\/wp\/v2\/types\/post"}],"author":[{"embeddable":true,"href":"https:\/\/www.europesays.com\/no\/wp-json\/wp\/v2\/users\/2"}],"replies":[{"embeddable":true,"href":"https:\/\/www.europesays.com\/no\/wp-json\/wp\/v2\/comments?post=118250"}],"version-history":[{"count":0,"href":"https:\/\/www.europesays.com\/no\/wp-json\/wp\/v2\/posts\/118250\/revisions"}],"wp:featuredmedia":[{"embeddable":true,"href":"https:\/\/www.europesays.com\/no\/wp-json\/wp\/v2\/media\/118251"}],"wp:attachment":[{"href":"https:\/\/www.europesays.com\/no\/wp-json\/wp\/v2\/media?parent=118250"}],"wp:term":[{"taxonomy":"category","embeddable":true,"href":"https:\/\/www.europesays.com\/no\/wp-json\/wp\/v2\/categories?post=118250"},{"taxonomy":"post_tag","embeddable":true,"href":"https:\/\/www.europesays.com\/no\/wp-json\/wp\/v2\/tags?post=118250"}],"curies":[{"name":"wp","href":"https:\/\/api.w.org\/{rel}","templated":true}]}}