{"id":118252,"date":"2025-12-20T15:10:10","date_gmt":"2025-12-20T15:10:10","guid":{"rendered":"https:\/\/www.europesays.com\/no\/118252\/"},"modified":"2025-12-20T15:10:10","modified_gmt":"2025-12-20T15:10:10","slug":"dette-har-aldri-skjedd-i-thoresens-karriere-gar-pa-hvordan-jeg-foler-meg-hamar-arbeiderblad","status":"publish","type":"post","link":"https:\/\/www.europesays.com\/no\/118252\/","title":{"rendered":"Dette har aldri skjedd i Thoresens karriere: \u2013 G\u00e5r p\u00e5 hvordan jeg f\u00f8ler meg &#8211; Hamar Arbeiderblad"},"content":{"rendered":"<ol>\n<li><a href=\"https:\/\/news.google.com\/rss\/articles\/CBMiqwFBVV95cUxNbGlKWl9BLXF5c21NSF92cUNnOHcwOUZ6bTExVllsWUpTS0tPbGtmd0ZNS3pUQjJqZWlFVHFId0hRMW9TOGZrc09GUEhyV3U3Rzd0WVpMbGRtUVZlV1NhcVM3M2FhdG5UMnlyd0VIODR3Vkt6cW5MZUpVeGRlLTFqUVJPaG8xRm1JczJ5NXJkRW81MHZBLXpWX25sWXN3Z0ItVmM1QVl6dGs2M2s?oc=5\" target=\"_blank\" rel=\"nofollow noopener\">Dette har aldri skjedd i Thoresens karriere: \u2013 G\u00e5r p\u00e5 hvordan jeg f\u00f8ler meg<\/a>&nbsp;&nbsp;Hamar Arbeiderblad<\/li>\n<li><a href=\"https:\/\/news.google.com\/rss\/articles\/CBMihwFBVV95cUxPRTRxYnI5VHUwM0lNY0FxS0JoekF5Sy1PeU0zeEVxSGwwVzVBRE1penVpYUJMeWN4QWZlazFSZHdEV0w4b0JmeW5YSGNwbVc4VzdydGVqZHZtbVhhcVljMzR3WVRyckd3WTBINGE0aUhPMGZPbUZkVGlaWFl6UHQxZWFadkNqejA?oc=5\" target=\"_blank\" rel=\"nofollow noopener\">Seier for Storhamar, tap for Lillehammer<\/a>&nbsp;&nbsp;NRK<\/li>\n<li><a href=\"https:\/\/news.google.com\/rss\/articles\/CBMiU0FVX3lxTE1UWTVnS1h2enF0UEo5SkxBT2xyeUxoTFJMMEc5amE4LTg1bG9RTFAwOG1hTHhRdno2czBTa0JtSlhCel9zTW9vbHpXRWE4TExsRVJr?oc=5\" target=\"_blank\" rel=\"nofollow noopener\">Lekestue p\u00e5 L\u00f8renskog!<\/a>&nbsp;&nbsp;Storhamar Hockey<\/li>\n<li><a href=\"https:\/\/news.google.com\/rss\/articles\/CBMigAFBVV95cUxPYlVXUE1KNEN2WHRxZ25SVkNieEdtWHF6akFGRHA1VmIteklWSFBfMlNwNnhxR1d2ZXpWN0NSdDNCR21QeWNrM0s1b0VPYWdwRGhrUEtDMmxrVlhYbldPZ3VjWkE3QXdGd0txaDN4U0xWQ2JHdmZHeDhZTmFtVWlmWg?oc=5\" target=\"_blank\" rel=\"nofollow noopener\">Storhamar med ny overlegen seier, men treneren ville ikke ta \u00e6ren: &#8211; Handler ikke om hvem som st\u00e5r p\u00e5 benken<\/a>&nbsp;&nbsp;Hamar Arbeiderblad<\/li>\n<li><a href=\"https:\/\/news.google.com\/rss\/articles\/CBMiU0FVX3lxTE9tS3g3OTRtSzc3azZraExOdUtxd2FvVW5wLVg1dE8zVEVhZHM1QjhjRDc4cDR6eUtlWDVUVDFpeExRSkFkLU90LVVLTVdrV2Nwdjdn?oc=5\" target=\"_blank\" rel=\"nofollow noopener\">Statpack: EHL 24. runde<\/a>&nbsp;&nbsp;Storhamar Hockey<\/li>\n<\/ol>\n","protected":false},"excerpt":{"rendered":"Dette har aldri skjedd i Thoresens karriere: \u2013 G\u00e5r p\u00e5 hvordan jeg f\u00f8ler meg&nbsp;&nbsp;Hamar Arbeiderblad Seier for Storhamar,&hellip;\n","protected":false},"author":2,"featured_media":118253,"comment_status":"","ping_status":"","sticky":false,"template":"","format":"standard","meta":{"footnotes":""},"categories":[59],"tags":[30,28,29,83,82],"class_list":{"0":"post-118252","1":"post","2":"type-post","3":"status-publish","4":"format-standard","5":"has-post-thumbnail","7":"category-sport","8":"tag-no","9":"tag-norge","10":"tag-norway","11":"tag-sport","12":"tag-sports"},"share_on_mastodon":{"url":"https:\/\/pubeurope.com\/@no\/115752535545084769","error":""},"_links":{"self":[{"href":"https:\/\/www.europesays.com\/no\/wp-json\/wp\/v2\/posts\/118252","targetHints":{"allow":["GET"]}}],"collection":[{"href":"https:\/\/www.europesays.com\/no\/wp-json\/wp\/v2\/posts"}],"about":[{"href":"https:\/\/www.europesays.com\/no\/wp-json\/wp\/v2\/types\/post"}],"author":[{"embeddable":true,"href":"https:\/\/www.europesays.com\/no\/wp-json\/wp\/v2\/users\/2"}],"replies":[{"embeddable":true,"href":"https:\/\/www.europesays.com\/no\/wp-json\/wp\/v2\/comments?post=118252"}],"version-history":[{"count":0,"href":"https:\/\/www.europesays.com\/no\/wp-json\/wp\/v2\/posts\/118252\/revisions"}],"wp:featuredmedia":[{"embeddable":true,"href":"https:\/\/www.europesays.com\/no\/wp-json\/wp\/v2\/media\/118253"}],"wp:attachment":[{"href":"https:\/\/www.europesays.com\/no\/wp-json\/wp\/v2\/media?parent=118252"}],"wp:term":[{"taxonomy":"category","embeddable":true,"href":"https:\/\/www.europesays.com\/no\/wp-json\/wp\/v2\/categories?post=118252"},{"taxonomy":"post_tag","embeddable":true,"href":"https:\/\/www.europesays.com\/no\/wp-json\/wp\/v2\/tags?post=118252"}],"curies":[{"name":"wp","href":"https:\/\/api.w.org\/{rel}","templated":true}]}}