{"id":118256,"date":"2025-12-20T15:14:11","date_gmt":"2025-12-20T15:14:11","guid":{"rendered":"https:\/\/www.europesays.com\/no\/118256\/"},"modified":"2025-12-20T15:14:11","modified_gmt":"2025-12-20T15:14:11","slug":"gazastripen-nasser-sykehuset-gaza-lege-babyer-dor-av-kulde-pa-gazastripen","status":"publish","type":"post","link":"https:\/\/www.europesays.com\/no\/118256\/","title":{"rendered":"Gazastripen, Nasser-sykehuset | Gaza-lege: Babyer d\u00f8r av kulde p\u00e5 Gazastripen"},"content":{"rendered":"\n<p>Nyf\u00f8dte barn fryser n\u00e5 i hjel i desemberkulden p\u00e5 Gazastripen, der internt fordrevne palestinere lever i provisoriske telt og kjemper for \u00e5 holde varmen.<\/p>\n<p>Lille Saeed ble f\u00f8dt for tidlig og d\u00f8de i familiens telt. Han ble bare 29 dager gammel.<\/p>\n<p>Foreldrene fors\u00f8kte etter beste evne \u00e5 holde den lille gutten varm ved \u00e5 pakke ham inn i tepper, og med jevne mellomrom lyste de p\u00e5 ham med en lommelykt for \u00e5 se om han hadde det bra.<\/p>\n<p>\u2013 Jeg var alltid redd for ham og pr\u00f8vde \u00e5 holde ham varm. Men det er veldig kaldt, forteller Saeds mor Rawya Abdeen.<\/p>\n<p>Da de ankom Nasser Sykehuset i Khan Younis sto Saeeds liv ikke til \u00e5 redde.<\/p>\n<p>Regn og kulde<\/p>\n<p>If\u00f8lge legene der var han den andre babyen som fr\u00f8s i hjel i Gaza denne uka. To m\u00e5neder gamle Mohamed Khair led samme skjebne.<\/p>\n<p>Gazastripen har opplevd regn og uv\u00e6r de siste ukene, store omr\u00e5der er oversv\u00f8mt og temperaturen om natten har falt til 6 grader.<\/p>\n<p>\u2013 Vi advarer om at denne tragedien vil skje igjen med mindre det skaffes en permanent l\u00f8sning for babyer, og spesielt for dem som er f\u00f8dt for tidlig, sier lederen for barneavdelingen p\u00e5 Nasser-sykehuset, Ahmed al-Farra.<\/p>\n<p>\u2013 Folk bor i utslitte telt og er utsatt for v\u00e6r og vind, og de mangler midler for \u00e5 holde seg varme, sier han.<\/p>\n<p>Venter p\u00e5 n\u00f8dhjelp<\/p>\n<p>Til tross for v\u00e5penhvilen mellom Israel og Hamas, som tr\u00e5dte i kraft 10. oktober, har Israel unnlatt \u00e5 slippe inn tilstrekkelig med n\u00f8dhjelp i form av telt og materiale til provisoriske boliger, sier hjelpeorganisasjoner.<\/p>\n<p>If\u00f8lge avtalen skal det slippes inn 600 lastebillass daglig, men det har ikke skjedd.<\/p>\n<p>Offisiell israelsk statistikk tyder p\u00e5 at det i gjennomsnitt bare har sluppet inn 459 lastebillass per dag, langt mindre enn avtalt. Dette f\u00e5r f\u00f8lger og krever if\u00f8lge FN og hjelpeorganisasjoner liv.<\/p>\n<p>(\u00a9NTB)<\/p>\n<p>    Vil du se neste video?<\/p>\n<p>    <a href=\"https:\/\/www.nettavisen.no\/nyheter\/ville-donald-trump-spekulasjoner-det-er-noe-galt\/v\/5-95-2784982\" class=\"recommend-poster\" data-adp-clicklabel=\"video-recommend\" data-adp-clickvalue=\"poster\" rel=\"nofollow noopener\" target=\"_blank\"><br \/>\n      <img decoding=\"async\" width=\"200\" height=\"200\" loading=\"lazy\" src=\"https:\/\/www.europesays.com\/no\/wp-content\/uploads\/2025\/12\/Forvirret+Trump+2.jpg\" alt=\"\" class=\"brick-c-cFOWSL\" style=\"--brick-image-ratio: 200 \/ 200;\"\/><\/p>\n<p>Ville Trump-spekulasjoner: \u2013 Det er noe galt0:57<\/p>\n<p>    <\/a><\/p>\n<p>        President Donald Trump viste frem gullkortet man kan kj\u00f8pe for \u00e5 f\u00e5 amerikansk statsborgerskap fredag 19. desember. Prisen er langt ifra billig.<\/p>\n","protected":false},"excerpt":{"rendered":"Nyf\u00f8dte barn fryser n\u00e5 i hjel i desemberkulden p\u00e5 Gazastripen, der internt fordrevne palestinere lever i provisoriske telt&hellip;\n","protected":false},"author":2,"featured_media":118257,"comment_status":"","ping_status":"","sticky":false,"template":"","format":"standard","meta":{"footnotes":""},"categories":[12],"tags":[20,21,24,25,15,22,23,13,30,28,29,14,16,26,27,42,43,44,45],"class_list":{"0":"post-118256","1":"post","2":"type-post","3":"status-publish","4":"format-standard","5":"has-post-thumbnail","7":"category-verden","8":"tag-breaking-news","9":"tag-breakingnews","10":"tag-featured-news","11":"tag-featurednews","12":"tag-headlines","13":"tag-latest-news","14":"tag-latestnews","15":"tag-news","16":"tag-no","17":"tag-norge","18":"tag-norway","19":"tag-nyheter","20":"tag-overskrifter","21":"tag-top-stories","22":"tag-topstories","23":"tag-verden","24":"tag-world","25":"tag-world-news","26":"tag-worldnews"},"share_on_mastodon":{"url":"https:\/\/pubeurope.com\/@no\/115752551554201162","error":""},"_links":{"self":[{"href":"https:\/\/www.europesays.com\/no\/wp-json\/wp\/v2\/posts\/118256","targetHints":{"allow":["GET"]}}],"collection":[{"href":"https:\/\/www.europesays.com\/no\/wp-json\/wp\/v2\/posts"}],"about":[{"href":"https:\/\/www.europesays.com\/no\/wp-json\/wp\/v2\/types\/post"}],"author":[{"embeddable":true,"href":"https:\/\/www.europesays.com\/no\/wp-json\/wp\/v2\/users\/2"}],"replies":[{"embeddable":true,"href":"https:\/\/www.europesays.com\/no\/wp-json\/wp\/v2\/comments?post=118256"}],"version-history":[{"count":0,"href":"https:\/\/www.europesays.com\/no\/wp-json\/wp\/v2\/posts\/118256\/revisions"}],"wp:featuredmedia":[{"embeddable":true,"href":"https:\/\/www.europesays.com\/no\/wp-json\/wp\/v2\/media\/118257"}],"wp:attachment":[{"href":"https:\/\/www.europesays.com\/no\/wp-json\/wp\/v2\/media?parent=118256"}],"wp:term":[{"taxonomy":"category","embeddable":true,"href":"https:\/\/www.europesays.com\/no\/wp-json\/wp\/v2\/categories?post=118256"},{"taxonomy":"post_tag","embeddable":true,"href":"https:\/\/www.europesays.com\/no\/wp-json\/wp\/v2\/tags?post=118256"}],"curies":[{"name":"wp","href":"https:\/\/api.w.org\/{rel}","templated":true}]}}