{"id":118258,"date":"2025-12-20T15:16:15","date_gmt":"2025-12-20T15:16:15","guid":{"rendered":"https:\/\/www.europesays.com\/no\/118258\/"},"modified":"2025-12-20T15:16:15","modified_gmt":"2025-12-20T15:16:15","slug":"oftebro-spurtslatt-etter-panglop-bittert","status":"publish","type":"post","link":"https:\/\/www.europesays.com\/no\/118258\/","title":{"rendered":"Oftebro spurtsl\u00e5tt etter pangl\u00f8p: \u2013 Bittert"},"content":{"rendered":"\n<p class=\"_lead_o9xde_2 _lead_xtcu6_50 layout-component text-serif-m layout-normal text-serif-l layout-component layout-wide layout-padded _wide_17hqh_1 layout-padded\">Kombinertprofilen Jens Lur\u00e5s Oftebro gjorde mye av jobben med \u00e5 hente inn lederen, men ble s\u00e5 vidt sl\u00e5tt av Vinzenz Geiger i verdenscuprennet i Ramsau.<\/p>\n<p><img alt=\"Jens Lur\u00e5s Oftebro under et renn tidligere i desember.  Foto: Matthias Schrader \/ AP \/ NTB\" class=\"_image_qp4xg_65 layout-component layout-wide\" data-fullscreen- data-track-element-type=\"Article image fullscreen\" data-track-name=\"ImageFullscreen\" fetchpriority=\"high\" decoding=\"sync\" loading=\"eager\" height=\"1894\" itemprop=\"image\"  src=\"https:\/\/www.europesays.com\/no\/wp-content\/uploads\/2025\/12\/27d3b4b7-7d20-4529-8fa5-6e31199a52b6\"  style=\"object-position:0% 0%\" width=\"2842\"\/>Jens Lur\u00e5s Oftebro under et renn tidligere i desember.  Foto: Matthias Schrader \/ AP \/ NTB<\/p>\n<ul aria-hidden=\"true\" class=\"_images_ntbth_112\">\n<li><a class=\"_link_ntbth_117\" href=\"https:\/\/www.vg.no\/forfatter\/ntb\" style=\"z-index:1\" title=\"NTB\" rel=\"nofollow noopener\" target=\"_blank\"><img alt=\"Bilde av NTB\" class=\"_image_ntbth_93\" fetchpriority=\"low\" loading=\"lazy\" decoding=\"async\" itemprop=\"image\"  src=\"https:\/\/www.europesays.com\/no\/wp-content\/uploads\/2025\/12\/1766243775_507_c33980b0-5d07-4027-84a1-813f90a7c8d6\"  width=\"480\"\/><\/a><\/li>\n<\/ul>\n<p> Oppdatert l\u00f8rdag 20. desember kl. 15:30     <\/p>\n<p class=\"_paragraph_o9xde_4 _paragraph_xtcu6_10 layout-component text-serif-m layout-normal text-serif-m layout-padded\">\u2013 Det er litt bittert. Jeg var en meter unna en ganske perfekt helg. Jeg visste at Geiger sparte krefter der bake, og han ble for sterk, sa Oftebro til TV 2.<\/p>\n<p class=\"_paragraph_o9xde_4 _paragraph_xtcu6_10 layout-component text-serif-m layout-normal text-serif-m layout-padded\">Oftebro ble nummer to ogs\u00e5 p\u00e5 fredagens fellesstart.<\/p>\n<p class=\"_paragraph_o9xde_4 _paragraph_xtcu6_10 layout-component text-serif-m layout-normal text-serif-m layout-padded\">Nordmannen hadde 1.17 minutt opp til leder Thomas Rettenegger etter hoppingen tidligere l\u00f8rdag. Der landet Oftebro p\u00e5 88,5 meter og skaffet seg et fint utgangspunkt.<\/p>\n<p class=\"_paragraph_o9xde_4 _paragraph_xtcu6_10 layout-component text-serif-m layout-normal text-serif-m layout-padded\">Sammen med en rekke andre sterke konkurrenter startet Oftebro jakten p\u00e5 Rettenegger i langrennet over ti kilometer, og med to kilometer igjen var \u00f8sterrikeren hentet inn.<\/p>\n<p class=\"_paragraph_o9xde_4 _paragraph_xtcu6_10 layout-component text-serif-m layout-normal text-serif-m layout-padded\">Mye av jobben hadde Oftebro gjort. P\u00e5 tampen rykket nordmannen og Geiger fra konkurrentene, og p\u00e5 oppl\u00f8pet var Geiger sterkest. Oftebro ble toer, mens Johannes Lamparter tok den siste pallplassen.<\/p>\n<p class=\"_paragraph_o9xde_4 _paragraph_xtcu6_10 layout-component text-serif-m layout-normal text-serif-m layout-padded\">Andreas Skoglund ble nest best av de norske p\u00e5 niendeplass. Det skilte 48 sekunder opp til Geiger.<\/p>\n<p class=\"_paragraph_o9xde_4 _paragraph_xtcu6_10 layout-component text-serif-m layout-normal text-serif-m layout-padded\">Opprinnelig var tyske Schonach arrang\u00f8r for neste verdenscuprunde i starten av januar, men lite sn\u00f8 og mildv\u00e6r f\u00f8rte til at det er avlyst.<\/p>\n<p class=\"_paragraph_o9xde_4 _paragraph_xtcu6_10 layout-component text-serif-m layout-normal text-serif-m layout-padded\">FIS har opplyst at det jobbes med \u00e5 se p\u00e5 mulige andre arrang\u00f8rsteder den aktuelle helgen, og at en avgj\u00f8relse p\u00e5 dette vil bli kommunisert i god tid. Samtidig begynner det \u00e5 bli tidsn\u00f8d.<\/p>\n<p class=\"_paragraph_o9xde_4 _paragraph_xtcu6_10 layout-component text-serif-m layout-normal text-serif-m layout-padded\">Deretter venter renn i estiske Otep\u00e4\u00e4 8.-11. januar.<\/p>\n","protected":false},"excerpt":{"rendered":"Kombinertprofilen Jens Lur\u00e5s Oftebro gjorde mye av jobben med \u00e5 hente inn lederen, men ble s\u00e5 vidt sl\u00e5tt&hellip;\n","protected":false},"author":2,"featured_media":118259,"comment_status":"","ping_status":"","sticky":false,"template":"","format":"standard","meta":{"footnotes":""},"categories":[5],"tags":[20,21,24,25,15,19,22,23,17,18,13,30,28,29,14,16,26,27],"class_list":{"0":"post-118258","1":"post","2":"type-post","3":"status-publish","4":"format-standard","5":"has-post-thumbnail","7":"category-overskrifter","8":"tag-breaking-news","9":"tag-breakingnews","10":"tag-featured-news","11":"tag-featurednews","12":"tag-headlines","13":"tag-hovedoppslag","14":"tag-latest-news","15":"tag-latestnews","16":"tag-main-news","17":"tag-mainnews","18":"tag-news","19":"tag-no","20":"tag-norge","21":"tag-norway","22":"tag-nyheter","23":"tag-overskrifter","24":"tag-top-stories","25":"tag-topstories"},"share_on_mastodon":{"url":"https:\/\/pubeurope.com\/@no\/115752559419106358","error":""},"_links":{"self":[{"href":"https:\/\/www.europesays.com\/no\/wp-json\/wp\/v2\/posts\/118258","targetHints":{"allow":["GET"]}}],"collection":[{"href":"https:\/\/www.europesays.com\/no\/wp-json\/wp\/v2\/posts"}],"about":[{"href":"https:\/\/www.europesays.com\/no\/wp-json\/wp\/v2\/types\/post"}],"author":[{"embeddable":true,"href":"https:\/\/www.europesays.com\/no\/wp-json\/wp\/v2\/users\/2"}],"replies":[{"embeddable":true,"href":"https:\/\/www.europesays.com\/no\/wp-json\/wp\/v2\/comments?post=118258"}],"version-history":[{"count":0,"href":"https:\/\/www.europesays.com\/no\/wp-json\/wp\/v2\/posts\/118258\/revisions"}],"wp:featuredmedia":[{"embeddable":true,"href":"https:\/\/www.europesays.com\/no\/wp-json\/wp\/v2\/media\/118259"}],"wp:attachment":[{"href":"https:\/\/www.europesays.com\/no\/wp-json\/wp\/v2\/media?parent=118258"}],"wp:term":[{"taxonomy":"category","embeddable":true,"href":"https:\/\/www.europesays.com\/no\/wp-json\/wp\/v2\/categories?post=118258"},{"taxonomy":"post_tag","embeddable":true,"href":"https:\/\/www.europesays.com\/no\/wp-json\/wp\/v2\/tags?post=118258"}],"curies":[{"name":"wp","href":"https:\/\/api.w.org\/{rel}","templated":true}]}}